{"id":11851,"date":"2026-08-29T23:27:36","date_gmt":"2026-08-29T21:27:36","guid":{"rendered":"https:\/\/www.umbrialeft.org\/?p=11851"},"modified":"2026-08-29T23:27:37","modified_gmt":"2026-08-29T21:27:37","slug":"futuro-nazionale","status":"publish","type":"post","link":"https:\/\/www.umbrialeft.org\/index.php\/2026\/08\/29\/futuro-nazionale\/","title":{"rendered":"Futuro Nazionale?"},"content":{"rendered":"<p>di Attilio Gambacorta<br \/>\nIeri a Torgiano \u00e8 stato ufficialmente dato il via alla nuova formazione &#8220;futuro nazionale&#8221; fondata dal generale Vannacci. Era una riunione comprensoriale della media valle del Tevere. Torgiano \u00e8 stata scelta perch\u00e9 fra tutti i comuni di questa zona dell&#8217;Umbria ha pi\u00f9 adesioni. Molti sono gli interrogativi su questo partito politico. Vannacci era stato chiamato da Salvini a rappresentare La Lega alle ultime elezioni europee, raccogliendo molte preferenze, portando, quindi, molti voti a quel partito. Le enormi differenze sulla politica estera adottate dal Governo Meloni, in particolar modo sulla guerra Russo-Ucraina, ha indotto il Generale a scindersi dalla Lega, creando non pochi problemi alla Lega stessa, ma anche a tutta la coalizione che governa il nostro Paese. Il richiamo ideologico &#8220;Dio, Patria e Famiglia&#8221; \u00e8 molto chiaro. Un aspetto questo comune a tutte le destre, comprese, quindi, Lega e FdI. E forte \u00e8 anche il richiamo a temi securitari. Su questi argomenti la questione immigrazione \u00e8 alla base di tutti i ragionamenti. Un nazionalismo estremo alimenta le passioni politiche di tanti militanti. Storicamente \u00e8 facile dimostrare che \u00e8 stato il nazionalismo a scatenare guerre, a distruggere comunit\u00e0 intere, a provocare povert\u00e0 e morte. Una critica severa, un j&#8217;accuse a questo estremismo ideologico \u00e8 quantomeno doveroso da parte di tutte le forze democratiche e progressiste. Parlare di egemonia di una nazione su un&#8217;altra significa non riconoscere i diritti dell&#8217;altra. Da qui nascono le diseguaglianze, e da qui si creano conflitti, cosa diversa dal conflitto sociale dove le classi subalterne cercano spazi per la propria emancipazione. E se a questa presunta supremazia si aggiungono Dio e famiglia il settarismo ideologico fa quadrato e su quel recinto non possono abitare altre culture, altre idee, altri cittadini con pensieri e idee diverse. Non c&#8217;entrano le tradizioni. Esse sono si patrimonio culturale e storico di una comunit\u00e0, ma vivono, si trasformano con i cambiamenti che il progresso impone. Viverle in maniera dogmatica \u00e8 la negazione delle tradizioni stesse, ricordarle, rievocarle \u00e8 un conto, pensare di trasmetterle tout court cos\u00ec come sono nate non ha senso. Ma a parte le tradizioni alle quali si richiamano a prescindere i soggetti che sostengono questa ideologia, siamo lontani dalla dichiarazione dei diritti dell&#8217;uomo emanata all&#8217;indomani della Rivoluzione Francese. Ma siamo anche lontani dal pensiero teologico di Papa Leone che fonda la sua enciclica, partendo si da Dio e l&#8217;eternit\u00e0, ma soprattutto dall&#8217;uomo e l&#8217;uguaglianza tra gli uomini in un mondo multiculturale e il rispetto sacrosanto per la vita dell&#8217;uomo stesso, di tutti gli uomini. Cos&#8217;altro \u00e8 se non questo l&#8217;Ecumenesimo? Un concetto questo molto caro a tutti gli ultimi 4 Papi. Ma \u00e8 un concetto che viene da lontano e che oggi tutta Italia ne parla nell&#8217;affrontare, non solo teologicamente, il pensiero di San Francesco a 800 anni dalla morte, attraverso la sua missione in medioriente e il suo incontro con il sultano. Ma non \u00e8 solo questa la critica che si deve avanzare. Il tema dell&#8217;immigrazione \u00e8 strumentale e antistorico. Strumentale perch\u00e9 si abbaia ad un pericolo che non c&#8217;\u00e8. Non sono gli stranieri a rubarci il lavoro! Potete immaginare la societ\u00e0 contemporanea senza le &#8220;badanti&#8221;, senza i lavoratori nei campi? Potete immaginare un sistema previdenziale senza i contributi versati dagli immigrati? Oggi il capitalismo sta creando un mondo squilibrato, dove le \u00e9lite si scontrano tra loro e le grandi masse delle popolazioni subiscono il loro dominio. Continenti ricchissimi, come l&#8217;Africa, vengono sfruttati e depauperati, la povert\u00e0 \u00e8 totale e da questa condizione si fugge per cercare una speranza di vita. Inoltre, anche l&#8217;aumento demografico di questi continenti mette alla luce un&#8217;altra contraddizione: il calo demografico dell&#8217;occidente che consuma gran parte delle risorse mondiali. Come possiamo reagire a questo dramma? Non certo con le guerre, con una chiusura sociale, culturale e politica. Da questo punto di vista credo che il concetto &#8220;Dio, Patria e Famiglia&#8221; sia quello che contribuisce ad acuire ancora di pi\u00f9 i tanti conflitti che oggi distruggono il mondo. In Italia la grande questione dell&#8217;immigrazione \u00e8 governata, ormai da oltre 25 anni, dalle legge &#8220;Bossi-Fini&#8221;. Perch\u00e9 incolpare la sinistra? Se mai la colpa di quest&#8217;ultima e di non aver superata quella legge con un&#8217;altra, quando ne aveva le possibilit\u00e0. L&#8217;immigrazione clandestina dimostra la malvagit\u00e0 umana. Si d\u00e0 la colpa alle ONG in maniera indiscriminata per gettare fango su organizzazioni che spesso sono le sole a dare un risvolto umano a questo dramma immenso del terzo millennio. Oggi abbiamo bisogno di pace e non di guerre; di lavoro riconosciuto e ben pagato; di ridistribuzione delle risorse economiche e naturali; di sanit\u00e0 pubblica; di scuola e di formazione; di ristrutturare urbanisticamente le grandi periferie urbane, per renderle pi\u00f9 vivibili socialmente, per dare loro un&#8217;identit\u00e0 culturale dove i propri abitanti si possano riconoscere e creare comunit\u00e0 aperte al dialogo, alla diversit\u00e0, solo cos\u00ec si pu\u00f2 affrontare il tema, tanto sollevato dalle destre; di rispettare l&#8217;ambiente e porre la tutela ambientale come paradigma rispetto alla pura economicit\u00e0; di trovare le risorse in una patrimoniale che colpisca i grandi patrimoni e gli extraprofitti. Tutto questo \u00e8 scritto nella nostra Costituzione. In Italia molti cittadini aderiscono convintamente a Futuro Nazionale, ieri a Torgiano ne abbiamo avuto un esempio, ma credo che la sua risposta ai drammi del mondo di oggi sia sbagliata, velleitaria e antistorica che porter\u00e0 solo ad acuire i gi\u00e0 tanti drammi che stiamo vivendo.<\/p>\n","protected":false},"excerpt":{"rendered":"<p>di Attilio Gambacorta Ieri a Torgiano \u00e8 stato ufficialmente dato il via alla nuova formazione &#8220;futuro nazionale&#8221; fondata dal generale Vannacci. Era una riunione comprensoriale della media valle del Tevere. Torgiano \u00e8 stata scelta perch\u00e9 fra tutti i comuni di questa zona dell&#8217;Umbria ha pi\u00f9 adesioni. Molti sono gli interrogativi su questo partito politico. Vannacci<\/p>\n","protected":false},"author":9,"featured_media":11426,"comment_status":"closed","ping_status":"closed","sticky":false,"template":"","format":"standard","meta":{"footnotes":""},"categories":[31],"tags":[],"class_list":["post-11851","post","type-post","status-publish","format-standard","has-post-thumbnail","hentry","category-opinioni"],"yoast_head":"<!-- This site is optimized with the Yoast SEO plugin v28.4 - https:\/\/yoast.com\/product\/yoast-seo-wordpress\/ -->\n<title>Futuro Nazionale? - UmbriaLeft<\/title>\n<meta name=\"robots\" content=\"index, follow, max-snippet:-1, max-image-preview:large, max-video-preview:-1\" \/>\n<link rel=\"canonical\" href=\"https:\/\/www.umbrialeft.org\/index.php\/2026\/08\/29\/futuro-nazionale\/\" \/>\n<meta property=\"og:locale\" content=\"it_IT\" \/>\n<meta property=\"og:type\" content=\"article\" \/>\n<meta property=\"og:title\" content=\"Futuro Nazionale? - UmbriaLeft\" \/>\n<meta property=\"og:description\" content=\"di Attilio Gambacorta Ieri a Torgiano \u00e8 stato ufficialmente dato il via alla nuova formazione &#8220;futuro nazionale&#8221; fondata dal generale Vannacci. Era una riunione comprensoriale della media valle del Tevere. Torgiano \u00e8 stata scelta perch\u00e9 fra tutti i comuni di questa zona dell&#8217;Umbria ha pi\u00f9 adesioni. Molti sono gli interrogativi su questo partito politico. Vannacci\" \/>\n<meta property=\"og:url\" content=\"https:\/\/www.umbrialeft.org\/index.php\/2026\/08\/29\/futuro-nazionale\/\" \/>\n<meta property=\"og:site_name\" content=\"UmbriaLeft\" \/>\n<meta property=\"article:publisher\" content=\"https:\/\/www.facebook.com\/UmbriaLeft2004\" \/>\n<meta property=\"article:published_time\" content=\"2026-08-29T21:27:36+00:00\" \/>\n<meta property=\"article:modified_time\" content=\"2026-08-29T21:27:37+00:00\" \/>\n<meta property=\"og:image\" content=\"https:\/\/www.umbrialeft.org\/wp-content\/uploads\/2026\/08\/20260801_105223.jpg\" \/>\n\t<meta property=\"og:image:width\" content=\"936\" \/>\n\t<meta property=\"og:image:height\" content=\"614\" \/>\n\t<meta property=\"og:image:type\" content=\"image\/jpeg\" \/>\n<meta name=\"author\" content=\"Redazione Sport\" \/>\n<meta name=\"twitter:card\" content=\"summary_large_image\" \/>\n<meta name=\"twitter:label1\" content=\"Scritto da\" \/>\n\t<meta name=\"twitter:data1\" content=\"Redazione Sport\" \/>\n\t<meta name=\"twitter:label2\" content=\"Tempo di lettura stimato\" \/>\n\t<meta name=\"twitter:data2\" content=\"5 minuti\" \/>\n<script type=\"application\/ld+json\" class=\"yoast-schema-graph\">{\"@context\":\"https:\\\/\\\/schema.org\",\"@graph\":[{\"@type\":\"Article\",\"@id\":\"https:\\\/\\\/www.umbrialeft.org\\\/index.php\\\/2026\\\/08\\\/29\\\/futuro-nazionale\\\/#article\",\"isPartOf\":{\"@id\":\"https:\\\/\\\/www.umbrialeft.org\\\/index.php\\\/2026\\\/08\\\/29\\\/futuro-nazionale\\\/\"},\"author\":{\"name\":\"Redazione Sport\",\"@id\":\"https:\\\/\\\/www.umbrialeft.org\\\/#\\\/schema\\\/person\\\/3cd347327738635457ae3350802496c8\"},\"headline\":\"Futuro Nazionale?\",\"datePublished\":\"2026-08-29T21:27:36+00:00\",\"dateModified\":\"2026-08-29T21:27:37+00:00\",\"mainEntityOfPage\":{\"@id\":\"https:\\\/\\\/www.umbrialeft.org\\\/index.php\\\/2026\\\/08\\\/29\\\/futuro-nazionale\\\/\"},\"wordCount\":896,\"publisher\":{\"@id\":\"https:\\\/\\\/www.umbrialeft.org\\\/#organization\"},\"image\":{\"@id\":\"https:\\\/\\\/www.umbrialeft.org\\\/index.php\\\/2026\\\/08\\\/29\\\/futuro-nazionale\\\/#primaryimage\"},\"thumbnailUrl\":\"https:\\\/\\\/www.umbrialeft.org\\\/wp-content\\\/uploads\\\/2026\\\/08\\\/20260801_105223.jpg\",\"articleSection\":[\"Opinioni\"],\"inLanguage\":\"it-IT\"},{\"@type\":\"WebPage\",\"@id\":\"https:\\\/\\\/www.umbrialeft.org\\\/index.php\\\/2026\\\/08\\\/29\\\/futuro-nazionale\\\/\",\"url\":\"https:\\\/\\\/www.umbrialeft.org\\\/index.php\\\/2026\\\/08\\\/29\\\/futuro-nazionale\\\/\",\"name\":\"Futuro Nazionale? - UmbriaLeft\",\"isPartOf\":{\"@id\":\"https:\\\/\\\/www.umbrialeft.org\\\/#website\"},\"primaryImageOfPage\":{\"@id\":\"https:\\\/\\\/www.umbrialeft.org\\\/index.php\\\/2026\\\/08\\\/29\\\/futuro-nazionale\\\/#primaryimage\"},\"image\":{\"@id\":\"https:\\\/\\\/www.umbrialeft.org\\\/index.php\\\/2026\\\/08\\\/29\\\/futuro-nazionale\\\/#primaryimage\"},\"thumbnailUrl\":\"https:\\\/\\\/www.umbrialeft.org\\\/wp-content\\\/uploads\\\/2026\\\/08\\\/20260801_105223.jpg\",\"datePublished\":\"2026-08-29T21:27:36+00:00\",\"dateModified\":\"2026-08-29T21:27:37+00:00\",\"breadcrumb\":{\"@id\":\"https:\\\/\\\/www.umbrialeft.org\\\/index.php\\\/2026\\\/08\\\/29\\\/futuro-nazionale\\\/#breadcrumb\"},\"inLanguage\":\"it-IT\",\"potentialAction\":[{\"@type\":\"ReadAction\",\"target\":[\"https:\\\/\\\/www.umbrialeft.org\\\/index.php\\\/2026\\\/08\\\/29\\\/futuro-nazionale\\\/\"]}]},{\"@type\":\"ImageObject\",\"inLanguage\":\"it-IT\",\"@id\":\"https:\\\/\\\/www.umbrialeft.org\\\/index.php\\\/2026\\\/08\\\/29\\\/futuro-nazionale\\\/#primaryimage\",\"url\":\"https:\\\/\\\/www.umbrialeft.org\\\/wp-content\\\/uploads\\\/2026\\\/08\\\/20260801_105223.jpg\",\"contentUrl\":\"https:\\\/\\\/www.umbrialeft.org\\\/wp-content\\\/uploads\\\/2026\\\/08\\\/20260801_105223.jpg\",\"width\":936,\"height\":614},{\"@type\":\"BreadcrumbList\",\"@id\":\"https:\\\/\\\/www.umbrialeft.org\\\/index.php\\\/2026\\\/08\\\/29\\\/futuro-nazionale\\\/#breadcrumb\",\"itemListElement\":[{\"@type\":\"ListItem\",\"position\":1,\"name\":\"Home\",\"item\":\"https:\\\/\\\/www.umbrialeft.org\\\/\"},{\"@type\":\"ListItem\",\"position\":2,\"name\":\"Futuro Nazionale?\"}]},{\"@type\":\"WebSite\",\"@id\":\"https:\\\/\\\/www.umbrialeft.org\\\/#website\",\"url\":\"https:\\\/\\\/www.umbrialeft.org\\\/\",\"name\":\"UmbriaLeft\",\"description\":\"\",\"publisher\":{\"@id\":\"https:\\\/\\\/www.umbrialeft.org\\\/#organization\"},\"potentialAction\":[{\"@type\":\"SearchAction\",\"target\":{\"@type\":\"EntryPoint\",\"urlTemplate\":\"https:\\\/\\\/www.umbrialeft.org\\\/?s={search_term_string}\"},\"query-input\":{\"@type\":\"PropertyValueSpecification\",\"valueRequired\":true,\"valueName\":\"search_term_string\"}}],\"inLanguage\":\"it-IT\"},{\"@type\":\"Organization\",\"@id\":\"https:\\\/\\\/www.umbrialeft.org\\\/#organization\",\"name\":\"UmbriaLeft\",\"url\":\"https:\\\/\\\/www.umbrialeft.org\\\/\",\"logo\":{\"@type\":\"ImageObject\",\"inLanguage\":\"it-IT\",\"@id\":\"https:\\\/\\\/www.umbrialeft.org\\\/#\\\/schema\\\/logo\\\/image\\\/\",\"url\":\"https:\\\/\\\/www.umbrialeft.org\\\/wp-content\\\/uploads\\\/2025\\\/03\\\/community_logo-1.png\",\"contentUrl\":\"https:\\\/\\\/www.umbrialeft.org\\\/wp-content\\\/uploads\\\/2025\\\/03\\\/community_logo-1.png\",\"width\":517,\"height\":85,\"caption\":\"UmbriaLeft\"},\"image\":{\"@id\":\"https:\\\/\\\/www.umbrialeft.org\\\/#\\\/schema\\\/logo\\\/image\\\/\"},\"sameAs\":[\"https:\\\/\\\/www.facebook.com\\\/UmbriaLeft2004\"]},{\"@type\":\"Person\",\"@id\":\"https:\\\/\\\/www.umbrialeft.org\\\/#\\\/schema\\\/person\\\/3cd347327738635457ae3350802496c8\",\"name\":\"Redazione Sport\",\"image\":{\"@type\":\"ImageObject\",\"inLanguage\":\"it-IT\",\"@id\":\"https:\\\/\\\/secure.gravatar.com\\\/avatar\\\/74b0f182249a356dae511092001821a25a5103081374d6e26bb9f84233943602?s=96&d=mm&r=g\",\"url\":\"https:\\\/\\\/secure.gravatar.com\\\/avatar\\\/74b0f182249a356dae511092001821a25a5103081374d6e26bb9f84233943602?s=96&d=mm&r=g\",\"contentUrl\":\"https:\\\/\\\/secure.gravatar.com\\\/avatar\\\/74b0f182249a356dae511092001821a25a5103081374d6e26bb9f84233943602?s=96&d=mm&r=g\",\"caption\":\"Redazione Sport\"},\"url\":\"https:\\\/\\\/www.umbrialeft.org\\\/index.php\\\/author\\\/elio-clero-bertoldi\\\/\"}]}<\/script>\n<!-- \/ Yoast SEO plugin. -->","yoast_head_json":{"title":"Futuro Nazionale? - UmbriaLeft","robots":{"index":"index","follow":"follow","max-snippet":"max-snippet:-1","max-image-preview":"max-image-preview:large","max-video-preview":"max-video-preview:-1"},"canonical":"https:\/\/www.umbrialeft.org\/index.php\/2026\/08\/29\/futuro-nazionale\/","og_locale":"it_IT","og_type":"article","og_title":"Futuro Nazionale? - UmbriaLeft","og_description":"di Attilio Gambacorta Ieri a Torgiano \u00e8 stato ufficialmente dato il via alla nuova formazione &#8220;futuro nazionale&#8221; fondata dal generale Vannacci. Era una riunione comprensoriale della media valle del Tevere. Torgiano \u00e8 stata scelta perch\u00e9 fra tutti i comuni di questa zona dell&#8217;Umbria ha pi\u00f9 adesioni. Molti sono gli interrogativi su questo partito politico. Vannacci","og_url":"https:\/\/www.umbrialeft.org\/index.php\/2026\/08\/29\/futuro-nazionale\/","og_site_name":"UmbriaLeft","article_publisher":"https:\/\/www.facebook.com\/UmbriaLeft2004","article_published_time":"2026-08-29T21:27:36+00:00","article_modified_time":"2026-08-29T21:27:37+00:00","og_image":[{"width":936,"height":614,"url":"https:\/\/www.umbrialeft.org\/wp-content\/uploads\/2026\/08\/20260801_105223.jpg","type":"image\/jpeg"}],"author":"Redazione Sport","twitter_card":"summary_large_image","twitter_misc":{"Scritto da":"Redazione Sport","Tempo di lettura stimato":"5 minuti"},"schema":{"@context":"https:\/\/schema.org","@graph":[{"@type":"Article","@id":"https:\/\/www.umbrialeft.org\/index.php\/2026\/08\/29\/futuro-nazionale\/#article","isPartOf":{"@id":"https:\/\/www.umbrialeft.org\/index.php\/2026\/08\/29\/futuro-nazionale\/"},"author":{"name":"Redazione Sport","@id":"https:\/\/www.umbrialeft.org\/#\/schema\/person\/3cd347327738635457ae3350802496c8"},"headline":"Futuro Nazionale?","datePublished":"2026-08-29T21:27:36+00:00","dateModified":"2026-08-29T21:27:37+00:00","mainEntityOfPage":{"@id":"https:\/\/www.umbrialeft.org\/index.php\/2026\/08\/29\/futuro-nazionale\/"},"wordCount":896,"publisher":{"@id":"https:\/\/www.umbrialeft.org\/#organization"},"image":{"@id":"https:\/\/www.umbrialeft.org\/index.php\/2026\/08\/29\/futuro-nazionale\/#primaryimage"},"thumbnailUrl":"https:\/\/www.umbrialeft.org\/wp-content\/uploads\/2026\/08\/20260801_105223.jpg","articleSection":["Opinioni"],"inLanguage":"it-IT"},{"@type":"WebPage","@id":"https:\/\/www.umbrialeft.org\/index.php\/2026\/08\/29\/futuro-nazionale\/","url":"https:\/\/www.umbrialeft.org\/index.php\/2026\/08\/29\/futuro-nazionale\/","name":"Futuro Nazionale? - UmbriaLeft","isPartOf":{"@id":"https:\/\/www.umbrialeft.org\/#website"},"primaryImageOfPage":{"@id":"https:\/\/www.umbrialeft.org\/index.php\/2026\/08\/29\/futuro-nazionale\/#primaryimage"},"image":{"@id":"https:\/\/www.umbrialeft.org\/index.php\/2026\/08\/29\/futuro-nazionale\/#primaryimage"},"thumbnailUrl":"https:\/\/www.umbrialeft.org\/wp-content\/uploads\/2026\/08\/20260801_105223.jpg","datePublished":"2026-08-29T21:27:36+00:00","dateModified":"2026-08-29T21:27:37+00:00","breadcrumb":{"@id":"https:\/\/www.umbrialeft.org\/index.php\/2026\/08\/29\/futuro-nazionale\/#breadcrumb"},"inLanguage":"it-IT","potentialAction":[{"@type":"ReadAction","target":["https:\/\/www.umbrialeft.org\/index.php\/2026\/08\/29\/futuro-nazionale\/"]}]},{"@type":"ImageObject","inLanguage":"it-IT","@id":"https:\/\/www.umbrialeft.org\/index.php\/2026\/08\/29\/futuro-nazionale\/#primaryimage","url":"https:\/\/www.umbrialeft.org\/wp-content\/uploads\/2026\/08\/20260801_105223.jpg","contentUrl":"https:\/\/www.umbrialeft.org\/wp-content\/uploads\/2026\/08\/20260801_105223.jpg","width":936,"height":614},{"@type":"BreadcrumbList","@id":"https:\/\/www.umbrialeft.org\/index.php\/2026\/08\/29\/futuro-nazionale\/#breadcrumb","itemListElement":[{"@type":"ListItem","position":1,"name":"Home","item":"https:\/\/www.umbrialeft.org\/"},{"@type":"ListItem","position":2,"name":"Futuro Nazionale?"}]},{"@type":"WebSite","@id":"https:\/\/www.umbrialeft.org\/#website","url":"https:\/\/www.umbrialeft.org\/","name":"UmbriaLeft","description":"","publisher":{"@id":"https:\/\/www.umbrialeft.org\/#organization"},"potentialAction":[{"@type":"SearchAction","target":{"@type":"EntryPoint","urlTemplate":"https:\/\/www.umbrialeft.org\/?s={search_term_string}"},"query-input":{"@type":"PropertyValueSpecification","valueRequired":true,"valueName":"search_term_string"}}],"inLanguage":"it-IT"},{"@type":"Organization","@id":"https:\/\/www.umbrialeft.org\/#organization","name":"UmbriaLeft","url":"https:\/\/www.umbrialeft.org\/","logo":{"@type":"ImageObject","inLanguage":"it-IT","@id":"https:\/\/www.umbrialeft.org\/#\/schema\/logo\/image\/","url":"https:\/\/www.umbrialeft.org\/wp-content\/uploads\/2025\/03\/community_logo-1.png","contentUrl":"https:\/\/www.umbrialeft.org\/wp-content\/uploads\/2025\/03\/community_logo-1.png","width":517,"height":85,"caption":"UmbriaLeft"},"image":{"@id":"https:\/\/www.umbrialeft.org\/#\/schema\/logo\/image\/"},"sameAs":["https:\/\/www.facebook.com\/UmbriaLeft2004"]},{"@type":"Person","@id":"https:\/\/www.umbrialeft.org\/#\/schema\/person\/3cd347327738635457ae3350802496c8","name":"Redazione Sport","image":{"@type":"ImageObject","inLanguage":"it-IT","@id":"https:\/\/secure.gravatar.com\/avatar\/74b0f182249a356dae511092001821a25a5103081374d6e26bb9f84233943602?s=96&d=mm&r=g","url":"https:\/\/secure.gravatar.com\/avatar\/74b0f182249a356dae511092001821a25a5103081374d6e26bb9f84233943602?s=96&d=mm&r=g","contentUrl":"https:\/\/secure.gravatar.com\/avatar\/74b0f182249a356dae511092001821a25a5103081374d6e26bb9f84233943602?s=96&d=mm&r=g","caption":"Redazione Sport"},"url":"https:\/\/www.umbrialeft.org\/index.php\/author\/elio-clero-bertoldi\/"}]}},"blog_post_layout_featured_media_urls":{"thumbnail":["https:\/\/www.umbrialeft.org\/wp-content\/uploads\/2026\/08\/20260801_105223-150x150.jpg",150,150,true],"full":["https:\/\/www.umbrialeft.org\/wp-content\/uploads\/2026\/08\/20260801_105223.jpg",936,614,false]},"categories_names":{"31":{"name":"Opinioni","link":"https:\/\/www.umbrialeft.org\/index.php\/category\/opinioni\/"}},"tags_names":[],"comments_number":"0","wpmagazine_modules_lite_featured_media_urls":{"thumbnail":["https:\/\/www.umbrialeft.org\/wp-content\/uploads\/2026\/08\/20260801_105223-150x150.jpg",150,150,true],"cvmm-medium":["https:\/\/www.umbrialeft.org\/wp-content\/uploads\/2026\/08\/20260801_105223-300x300.jpg",300,300,true],"cvmm-medium-plus":["https:\/\/www.umbrialeft.org\/wp-content\/uploads\/2026\/08\/20260801_105223-305x207.jpg",305,207,true],"cvmm-portrait":["https:\/\/www.umbrialeft.org\/wp-content\/uploads\/2026\/08\/20260801_105223-400x600.jpg",400,600,true],"cvmm-medium-square":["https:\/\/www.umbrialeft.org\/wp-content\/uploads\/2026\/08\/20260801_105223-600x600.jpg",600,600,true],"cvmm-large":["https:\/\/www.umbrialeft.org\/wp-content\/uploads\/2026\/08\/20260801_105223.jpg",936,614,false],"cvmm-small":["https:\/\/www.umbrialeft.org\/wp-content\/uploads\/2026\/08\/20260801_105223-130x95.jpg",130,95,true],"full":["https:\/\/www.umbrialeft.org\/wp-content\/uploads\/2026\/08\/20260801_105223.jpg",936,614,false]},"_links":{"self":[{"href":"https:\/\/www.umbrialeft.org\/index.php\/wp-json\/wp\/v2\/posts\/11851","targetHints":{"allow":["GET"]}}],"collection":[{"href":"https:\/\/www.umbrialeft.org\/index.php\/wp-json\/wp\/v2\/posts"}],"about":[{"href":"https:\/\/www.umbrialeft.org\/index.php\/wp-json\/wp\/v2\/types\/post"}],"author":[{"embeddable":true,"href":"https:\/\/www.umbrialeft.org\/index.php\/wp-json\/wp\/v2\/users\/9"}],"replies":[{"embeddable":true,"href":"https:\/\/www.umbrialeft.org\/index.php\/wp-json\/wp\/v2\/comments?post=11851"}],"version-history":[{"count":1,"href":"https:\/\/www.umbrialeft.org\/index.php\/wp-json\/wp\/v2\/posts\/11851\/revisions"}],"predecessor-version":[{"id":11852,"href":"https:\/\/www.umbrialeft.org\/index.php\/wp-json\/wp\/v2\/posts\/11851\/revisions\/11852"}],"wp:featuredmedia":[{"embeddable":true,"href":"https:\/\/www.umbrialeft.org\/index.php\/wp-json\/wp\/v2\/media\/11426"}],"wp:attachment":[{"href":"https:\/\/www.umbrialeft.org\/index.php\/wp-json\/wp\/v2\/media?parent=11851"}],"wp:term":[{"taxonomy":"category","embeddable":true,"href":"https:\/\/www.umbrialeft.org\/index.php\/wp-json\/wp\/v2\/categories?post=11851"},{"taxonomy":"post_tag","embeddable":true,"href":"https:\/\/www.umbrialeft.org\/index.php\/wp-json\/wp\/v2\/tags?post=11851"}],"curies":[{"name":"wp","href":"https:\/\/api.w.org\/{rel}","templated":true}]}}