{"id":11855,"date":"2026-08-29T23:41:00","date_gmt":"2026-08-29T21:41:00","guid":{"rendered":"https:\/\/www.umbrialeft.org\/?p=11855"},"modified":"2026-08-29T23:41:01","modified_gmt":"2026-08-29T21:41:01","slug":"aeroporto-san-francesco-dassisi-soddisfazione-per-incontro-con-presidente-sase-spa-ci-si-avvia-verso-il-recupero-di-corrette-relazioni-industriali","status":"publish","type":"post","link":"https:\/\/www.umbrialeft.org\/index.php\/2026\/08\/29\/aeroporto-san-francesco-dassisi-soddisfazione-per-incontro-con-presidente-sase-spa-ci-si-avvia-verso-il-recupero-di-corrette-relazioni-industriali\/","title":{"rendered":"Aeroporto \u201cSan Francesco d\u2019Assisi\u201d: Soddisfazione per incontro con Presidente SASE SPA, ci si avvia verso il recupero di corrette relazioni industriali"},"content":{"rendered":"<p>Nei giorni scorsi si \u00e8 svolto il secondo incontro sindacale con il nuovo Presidente Sase Spa Andrea Ragnetti. Nel primo erano stati poste sul tavolo alcune richieste rimaste inevase dal precedente C.d.A. circa temi a carattere economico per le buste paga dei dipendenti, ma pure organizzativo. Tra questi la necessit\u00e0 di colmare una mancanza ormai non pi\u00f9 procrastinabile ai fini di una sana e corretta gestione del personale: la figura del Responsabile delle risorse umane che metta ordine rispetto alla situazione attuale molto scomposta.<\/p>\n<p>Il Presidente ha illustrato le volont\u00e0 di tutto il CdA di sanare le questioni rimaste in sospeso, dando riscontro positivo alle richieste sindacali poste la scorsa volta. Inoltre, ha spiegato le strategie di rilancio e crescita dell\u2019Aeroporto San Francesco di Assisi basate su nuovi importanti investimenti strutturali, in parte finanziati con capitali pubblici e in parte dalla stessa Sase attraverso un possibile aumento di capitale da parte di tutti i Soci, che auspichiamo possa avvenire quanto prima. Oltre a ci\u00f2, ha garantito che tutto il CdA si \u00e8 pronunciato favorevole sulla possibilit\u00e0 di inserimento della figura del Responsabile delle risorse umane, inserito nel  progetto teso ad una maggiore ottimizzazione delle attivit\u00e0 lavorative e finalizzato a rivedere tutti i capitoli di spesa dell\u2019Aeroporto, con la volont\u00e0 di procedere ad una loro razionalizzazione, richieste da tempo da Filt-Cgil e Uiltrasporti attraverso precedenti comunicati e documenti inviati al precedente CdA, senza mai risposta alcuna.<\/p>\n<p>Per tutto, ma soprattutto per queste ultime, esprimiamo vero apprezzamento per il riscontro ottenuto che significa un nuovo capitolo di relazioni industriali corrette, tese a creare le migliori condizioni di rapporti costruttivi, in un momento storico e delicato per lo Scalo umbro. In particolar modo ci soddisfa che venga posta l\u2019attenzione sul benessere lavorativo dei dipendenti, oggi molto compromesso.<\/p>\n<p>Crediamo fortemente, e lo chiediamo, un assiduo e crescente impegno finanziario della Regione Umbria visto l\u2019importante ruolo che svolge per la nostra Regione l\u2019incoming, che attraverso questo impianto aeroportuale si sta registrando in modo crescente. L\u2019economia umbra non pu\u00f2 basarsi pi\u00f9 solo su politiche industriali, quando l\u2019industria \u00e8 inferiore rispetto al passato. Come abbiamo sempre sostenuto, investire sul Trasporto Aereo significa avere un ritorno importante utile al PIL regionale, che non possiamo permetterci di trascurare.<\/p>\n<p>Filt-Cgil e Uiltrasporti, come sempre fatto, continueranno ad incalzare  le Istituzioni locali affinch\u00e9 ci siano sempre importanti risorse destinate al Trasporto Aereo; Sase perch\u00e9 salvaguardi e riconosca le competenze e l\u2019impegno delle proprie maestranze e la loro dignit\u00e0, oltre a riuscire ad incrementare le rotte da e verso importanti realt\u00e0 europee e legate alla continuit\u00e0 territoriale. Il tutto volto alla crescita dell\u2019Aeroporto San Francesco di Assisi per l\u2019importanza economico\/finanziaria, al livello occupazionale, diretto e indotto. Filt-Cgil e Uiltrasporti sottolineano ancora la necessit\u00e0 del recupero delle fasi esternalizzate, garantendo, cos\u00ec, giustizia salariale e sociale a parit\u00e0 di mansioni svolta in aeroporto.<\/p>\n<p>Si auspica che la ritrovata \u201cserenit\u00e0\u201d dei rapporti industriali possa essere duratura e traguardi Sase verso una azienda nuova, capace su tutti i fronti, al corretto servizio degli utenti, attenta agli sprechi e alla dignit\u00e0 del personale.<\/p>\n<p>Le Segreterie Regionali Umbria<\/p>\n<p>                           \t\t\t\t\t\t\tFilt-Cgil                   Uiltrasporti                      \t\t\t\t\t\t       Ciro Zeno                   Stefano Cecchetti<\/p>\n","protected":false},"excerpt":{"rendered":"<p>Nei giorni scorsi si \u00e8 svolto il secondo incontro sindacale con il nuovo Presidente Sase Spa Andrea Ragnetti. Nel primo erano stati poste sul tavolo alcune richieste rimaste inevase dal precedente C.d.A. circa temi a carattere economico per le buste paga dei dipendenti, ma pure organizzativo. Tra questi la necessit\u00e0 di colmare una mancanza ormai<\/p>\n","protected":false},"author":9,"featured_media":11480,"comment_status":"closed","ping_status":"closed","sticky":false,"template":"","format":"standard","meta":{"footnotes":""},"categories":[26],"tags":[],"class_list":["post-11855","post","type-post","status-publish","format-standard","has-post-thumbnail","hentry","category-lavoro"],"yoast_head":"<!-- This site is optimized with the Yoast SEO plugin v28.4 - https:\/\/yoast.com\/product\/yoast-seo-wordpress\/ -->\n<title>Aeroporto \u201cSan Francesco d\u2019Assisi\u201d: Soddisfazione per incontro con Presidente SASE SPA, ci si avvia verso il recupero di corrette relazioni industriali - UmbriaLeft<\/title>\n<meta name=\"robots\" content=\"index, follow, max-snippet:-1, max-image-preview:large, max-video-preview:-1\" \/>\n<link rel=\"canonical\" href=\"https:\/\/www.umbrialeft.org\/index.php\/2026\/08\/29\/aeroporto-san-francesco-dassisi-soddisfazione-per-incontro-con-presidente-sase-spa-ci-si-avvia-verso-il-recupero-di-corrette-relazioni-industriali\/\" \/>\n<meta property=\"og:locale\" content=\"it_IT\" \/>\n<meta property=\"og:type\" content=\"article\" \/>\n<meta property=\"og:title\" content=\"Aeroporto \u201cSan Francesco d\u2019Assisi\u201d: Soddisfazione per incontro con Presidente SASE SPA, ci si avvia verso il recupero di corrette relazioni industriali - UmbriaLeft\" \/>\n<meta property=\"og:description\" content=\"Nei giorni scorsi si \u00e8 svolto il secondo incontro sindacale con il nuovo Presidente Sase Spa Andrea Ragnetti. Nel primo erano stati poste sul tavolo alcune richieste rimaste inevase dal precedente C.d.A. circa temi a carattere economico per le buste paga dei dipendenti, ma pure organizzativo. Tra questi la necessit\u00e0 di colmare una mancanza ormai\" \/>\n<meta property=\"og:url\" content=\"https:\/\/www.umbrialeft.org\/index.php\/2026\/08\/29\/aeroporto-san-francesco-dassisi-soddisfazione-per-incontro-con-presidente-sase-spa-ci-si-avvia-verso-il-recupero-di-corrette-relazioni-industriali\/\" \/>\n<meta property=\"og:site_name\" content=\"UmbriaLeft\" \/>\n<meta property=\"article:publisher\" content=\"https:\/\/www.facebook.com\/UmbriaLeft2004\" \/>\n<meta property=\"article:published_time\" content=\"2026-08-29T21:41:00+00:00\" \/>\n<meta property=\"article:modified_time\" content=\"2026-08-29T21:41:01+00:00\" \/>\n<meta property=\"og:image\" content=\"https:\/\/www.umbrialeft.org\/wp-content\/uploads\/2026\/08\/20260804_155526.jpg\" \/>\n\t<meta property=\"og:image:width\" content=\"874\" \/>\n\t<meta property=\"og:image:height\" content=\"465\" \/>\n\t<meta property=\"og:image:type\" content=\"image\/jpeg\" \/>\n<meta name=\"author\" content=\"Redazione Sport\" \/>\n<meta name=\"twitter:card\" content=\"summary_large_image\" \/>\n<meta name=\"twitter:label1\" content=\"Scritto da\" \/>\n\t<meta name=\"twitter:data1\" content=\"Redazione Sport\" \/>\n\t<meta name=\"twitter:label2\" content=\"Tempo di lettura stimato\" \/>\n\t<meta name=\"twitter:data2\" content=\"3 minuti\" \/>\n<script type=\"application\/ld+json\" class=\"yoast-schema-graph\">{\"@context\":\"https:\\\/\\\/schema.org\",\"@graph\":[{\"@type\":\"Article\",\"@id\":\"https:\\\/\\\/www.umbrialeft.org\\\/index.php\\\/2026\\\/08\\\/29\\\/aeroporto-san-francesco-dassisi-soddisfazione-per-incontro-con-presidente-sase-spa-ci-si-avvia-verso-il-recupero-di-corrette-relazioni-industriali\\\/#article\",\"isPartOf\":{\"@id\":\"https:\\\/\\\/www.umbrialeft.org\\\/index.php\\\/2026\\\/08\\\/29\\\/aeroporto-san-francesco-dassisi-soddisfazione-per-incontro-con-presidente-sase-spa-ci-si-avvia-verso-il-recupero-di-corrette-relazioni-industriali\\\/\"},\"author\":{\"name\":\"Redazione Sport\",\"@id\":\"https:\\\/\\\/www.umbrialeft.org\\\/#\\\/schema\\\/person\\\/3cd347327738635457ae3350802496c8\"},\"headline\":\"Aeroporto \u201cSan Francesco d\u2019Assisi\u201d: Soddisfazione per incontro con Presidente SASE SPA, ci si avvia verso il recupero di corrette relazioni industriali\",\"datePublished\":\"2026-08-29T21:41:00+00:00\",\"dateModified\":\"2026-08-29T21:41:01+00:00\",\"mainEntityOfPage\":{\"@id\":\"https:\\\/\\\/www.umbrialeft.org\\\/index.php\\\/2026\\\/08\\\/29\\\/aeroporto-san-francesco-dassisi-soddisfazione-per-incontro-con-presidente-sase-spa-ci-si-avvia-verso-il-recupero-di-corrette-relazioni-industriali\\\/\"},\"wordCount\":548,\"publisher\":{\"@id\":\"https:\\\/\\\/www.umbrialeft.org\\\/#organization\"},\"image\":{\"@id\":\"https:\\\/\\\/www.umbrialeft.org\\\/index.php\\\/2026\\\/08\\\/29\\\/aeroporto-san-francesco-dassisi-soddisfazione-per-incontro-con-presidente-sase-spa-ci-si-avvia-verso-il-recupero-di-corrette-relazioni-industriali\\\/#primaryimage\"},\"thumbnailUrl\":\"https:\\\/\\\/www.umbrialeft.org\\\/wp-content\\\/uploads\\\/2026\\\/08\\\/20260804_155526.jpg\",\"articleSection\":[\"Lavoro\"],\"inLanguage\":\"it-IT\"},{\"@type\":\"WebPage\",\"@id\":\"https:\\\/\\\/www.umbrialeft.org\\\/index.php\\\/2026\\\/08\\\/29\\\/aeroporto-san-francesco-dassisi-soddisfazione-per-incontro-con-presidente-sase-spa-ci-si-avvia-verso-il-recupero-di-corrette-relazioni-industriali\\\/\",\"url\":\"https:\\\/\\\/www.umbrialeft.org\\\/index.php\\\/2026\\\/08\\\/29\\\/aeroporto-san-francesco-dassisi-soddisfazione-per-incontro-con-presidente-sase-spa-ci-si-avvia-verso-il-recupero-di-corrette-relazioni-industriali\\\/\",\"name\":\"Aeroporto \u201cSan Francesco d\u2019Assisi\u201d: Soddisfazione per incontro con Presidente SASE SPA, ci si avvia verso il recupero di corrette relazioni industriali - UmbriaLeft\",\"isPartOf\":{\"@id\":\"https:\\\/\\\/www.umbrialeft.org\\\/#website\"},\"primaryImageOfPage\":{\"@id\":\"https:\\\/\\\/www.umbrialeft.org\\\/index.php\\\/2026\\\/08\\\/29\\\/aeroporto-san-francesco-dassisi-soddisfazione-per-incontro-con-presidente-sase-spa-ci-si-avvia-verso-il-recupero-di-corrette-relazioni-industriali\\\/#primaryimage\"},\"image\":{\"@id\":\"https:\\\/\\\/www.umbrialeft.org\\\/index.php\\\/2026\\\/08\\\/29\\\/aeroporto-san-francesco-dassisi-soddisfazione-per-incontro-con-presidente-sase-spa-ci-si-avvia-verso-il-recupero-di-corrette-relazioni-industriali\\\/#primaryimage\"},\"thumbnailUrl\":\"https:\\\/\\\/www.umbrialeft.org\\\/wp-content\\\/uploads\\\/2026\\\/08\\\/20260804_155526.jpg\",\"datePublished\":\"2026-08-29T21:41:00+00:00\",\"dateModified\":\"2026-08-29T21:41:01+00:00\",\"breadcrumb\":{\"@id\":\"https:\\\/\\\/www.umbrialeft.org\\\/index.php\\\/2026\\\/08\\\/29\\\/aeroporto-san-francesco-dassisi-soddisfazione-per-incontro-con-presidente-sase-spa-ci-si-avvia-verso-il-recupero-di-corrette-relazioni-industriali\\\/#breadcrumb\"},\"inLanguage\":\"it-IT\",\"potentialAction\":[{\"@type\":\"ReadAction\",\"target\":[\"https:\\\/\\\/www.umbrialeft.org\\\/index.php\\\/2026\\\/08\\\/29\\\/aeroporto-san-francesco-dassisi-soddisfazione-per-incontro-con-presidente-sase-spa-ci-si-avvia-verso-il-recupero-di-corrette-relazioni-industriali\\\/\"]}]},{\"@type\":\"ImageObject\",\"inLanguage\":\"it-IT\",\"@id\":\"https:\\\/\\\/www.umbrialeft.org\\\/index.php\\\/2026\\\/08\\\/29\\\/aeroporto-san-francesco-dassisi-soddisfazione-per-incontro-con-presidente-sase-spa-ci-si-avvia-verso-il-recupero-di-corrette-relazioni-industriali\\\/#primaryimage\",\"url\":\"https:\\\/\\\/www.umbrialeft.org\\\/wp-content\\\/uploads\\\/2026\\\/08\\\/20260804_155526.jpg\",\"contentUrl\":\"https:\\\/\\\/www.umbrialeft.org\\\/wp-content\\\/uploads\\\/2026\\\/08\\\/20260804_155526.jpg\",\"width\":874,\"height\":465},{\"@type\":\"BreadcrumbList\",\"@id\":\"https:\\\/\\\/www.umbrialeft.org\\\/index.php\\\/2026\\\/08\\\/29\\\/aeroporto-san-francesco-dassisi-soddisfazione-per-incontro-con-presidente-sase-spa-ci-si-avvia-verso-il-recupero-di-corrette-relazioni-industriali\\\/#breadcrumb\",\"itemListElement\":[{\"@type\":\"ListItem\",\"position\":1,\"name\":\"Home\",\"item\":\"https:\\\/\\\/www.umbrialeft.org\\\/\"},{\"@type\":\"ListItem\",\"position\":2,\"name\":\"Aeroporto \u201cSan Francesco d\u2019Assisi\u201d: Soddisfazione per incontro con Presidente SASE SPA, ci si avvia verso il recupero di corrette relazioni industriali\"}]},{\"@type\":\"WebSite\",\"@id\":\"https:\\\/\\\/www.umbrialeft.org\\\/#website\",\"url\":\"https:\\\/\\\/www.umbrialeft.org\\\/\",\"name\":\"UmbriaLeft\",\"description\":\"\",\"publisher\":{\"@id\":\"https:\\\/\\\/www.umbrialeft.org\\\/#organization\"},\"potentialAction\":[{\"@type\":\"SearchAction\",\"target\":{\"@type\":\"EntryPoint\",\"urlTemplate\":\"https:\\\/\\\/www.umbrialeft.org\\\/?s={search_term_string}\"},\"query-input\":{\"@type\":\"PropertyValueSpecification\",\"valueRequired\":true,\"valueName\":\"search_term_string\"}}],\"inLanguage\":\"it-IT\"},{\"@type\":\"Organization\",\"@id\":\"https:\\\/\\\/www.umbrialeft.org\\\/#organization\",\"name\":\"UmbriaLeft\",\"url\":\"https:\\\/\\\/www.umbrialeft.org\\\/\",\"logo\":{\"@type\":\"ImageObject\",\"inLanguage\":\"it-IT\",\"@id\":\"https:\\\/\\\/www.umbrialeft.org\\\/#\\\/schema\\\/logo\\\/image\\\/\",\"url\":\"https:\\\/\\\/www.umbrialeft.org\\\/wp-content\\\/uploads\\\/2025\\\/03\\\/community_logo-1.png\",\"contentUrl\":\"https:\\\/\\\/www.umbrialeft.org\\\/wp-content\\\/uploads\\\/2025\\\/03\\\/community_logo-1.png\",\"width\":517,\"height\":85,\"caption\":\"UmbriaLeft\"},\"image\":{\"@id\":\"https:\\\/\\\/www.umbrialeft.org\\\/#\\\/schema\\\/logo\\\/image\\\/\"},\"sameAs\":[\"https:\\\/\\\/www.facebook.com\\\/UmbriaLeft2004\"]},{\"@type\":\"Person\",\"@id\":\"https:\\\/\\\/www.umbrialeft.org\\\/#\\\/schema\\\/person\\\/3cd347327738635457ae3350802496c8\",\"name\":\"Redazione Sport\",\"image\":{\"@type\":\"ImageObject\",\"inLanguage\":\"it-IT\",\"@id\":\"https:\\\/\\\/secure.gravatar.com\\\/avatar\\\/74b0f182249a356dae511092001821a25a5103081374d6e26bb9f84233943602?s=96&d=mm&r=g\",\"url\":\"https:\\\/\\\/secure.gravatar.com\\\/avatar\\\/74b0f182249a356dae511092001821a25a5103081374d6e26bb9f84233943602?s=96&d=mm&r=g\",\"contentUrl\":\"https:\\\/\\\/secure.gravatar.com\\\/avatar\\\/74b0f182249a356dae511092001821a25a5103081374d6e26bb9f84233943602?s=96&d=mm&r=g\",\"caption\":\"Redazione Sport\"},\"url\":\"https:\\\/\\\/www.umbrialeft.org\\\/index.php\\\/author\\\/elio-clero-bertoldi\\\/\"}]}<\/script>\n<!-- \/ Yoast SEO plugin. -->","yoast_head_json":{"title":"Aeroporto \u201cSan Francesco d\u2019Assisi\u201d: Soddisfazione per incontro con Presidente SASE SPA, ci si avvia verso il recupero di corrette relazioni industriali - UmbriaLeft","robots":{"index":"index","follow":"follow","max-snippet":"max-snippet:-1","max-image-preview":"max-image-preview:large","max-video-preview":"max-video-preview:-1"},"canonical":"https:\/\/www.umbrialeft.org\/index.php\/2026\/08\/29\/aeroporto-san-francesco-dassisi-soddisfazione-per-incontro-con-presidente-sase-spa-ci-si-avvia-verso-il-recupero-di-corrette-relazioni-industriali\/","og_locale":"it_IT","og_type":"article","og_title":"Aeroporto \u201cSan Francesco d\u2019Assisi\u201d: Soddisfazione per incontro con Presidente SASE SPA, ci si avvia verso il recupero di corrette relazioni industriali - UmbriaLeft","og_description":"Nei giorni scorsi si \u00e8 svolto il secondo incontro sindacale con il nuovo Presidente Sase Spa Andrea Ragnetti. Nel primo erano stati poste sul tavolo alcune richieste rimaste inevase dal precedente C.d.A. circa temi a carattere economico per le buste paga dei dipendenti, ma pure organizzativo. Tra questi la necessit\u00e0 di colmare una mancanza ormai","og_url":"https:\/\/www.umbrialeft.org\/index.php\/2026\/08\/29\/aeroporto-san-francesco-dassisi-soddisfazione-per-incontro-con-presidente-sase-spa-ci-si-avvia-verso-il-recupero-di-corrette-relazioni-industriali\/","og_site_name":"UmbriaLeft","article_publisher":"https:\/\/www.facebook.com\/UmbriaLeft2004","article_published_time":"2026-08-29T21:41:00+00:00","article_modified_time":"2026-08-29T21:41:01+00:00","og_image":[{"width":874,"height":465,"url":"https:\/\/www.umbrialeft.org\/wp-content\/uploads\/2026\/08\/20260804_155526.jpg","type":"image\/jpeg"}],"author":"Redazione Sport","twitter_card":"summary_large_image","twitter_misc":{"Scritto da":"Redazione Sport","Tempo di lettura stimato":"3 minuti"},"schema":{"@context":"https:\/\/schema.org","@graph":[{"@type":"Article","@id":"https:\/\/www.umbrialeft.org\/index.php\/2026\/08\/29\/aeroporto-san-francesco-dassisi-soddisfazione-per-incontro-con-presidente-sase-spa-ci-si-avvia-verso-il-recupero-di-corrette-relazioni-industriali\/#article","isPartOf":{"@id":"https:\/\/www.umbrialeft.org\/index.php\/2026\/08\/29\/aeroporto-san-francesco-dassisi-soddisfazione-per-incontro-con-presidente-sase-spa-ci-si-avvia-verso-il-recupero-di-corrette-relazioni-industriali\/"},"author":{"name":"Redazione Sport","@id":"https:\/\/www.umbrialeft.org\/#\/schema\/person\/3cd347327738635457ae3350802496c8"},"headline":"Aeroporto \u201cSan Francesco d\u2019Assisi\u201d: Soddisfazione per incontro con Presidente SASE SPA, ci si avvia verso il recupero di corrette relazioni industriali","datePublished":"2026-08-29T21:41:00+00:00","dateModified":"2026-08-29T21:41:01+00:00","mainEntityOfPage":{"@id":"https:\/\/www.umbrialeft.org\/index.php\/2026\/08\/29\/aeroporto-san-francesco-dassisi-soddisfazione-per-incontro-con-presidente-sase-spa-ci-si-avvia-verso-il-recupero-di-corrette-relazioni-industriali\/"},"wordCount":548,"publisher":{"@id":"https:\/\/www.umbrialeft.org\/#organization"},"image":{"@id":"https:\/\/www.umbrialeft.org\/index.php\/2026\/08\/29\/aeroporto-san-francesco-dassisi-soddisfazione-per-incontro-con-presidente-sase-spa-ci-si-avvia-verso-il-recupero-di-corrette-relazioni-industriali\/#primaryimage"},"thumbnailUrl":"https:\/\/www.umbrialeft.org\/wp-content\/uploads\/2026\/08\/20260804_155526.jpg","articleSection":["Lavoro"],"inLanguage":"it-IT"},{"@type":"WebPage","@id":"https:\/\/www.umbrialeft.org\/index.php\/2026\/08\/29\/aeroporto-san-francesco-dassisi-soddisfazione-per-incontro-con-presidente-sase-spa-ci-si-avvia-verso-il-recupero-di-corrette-relazioni-industriali\/","url":"https:\/\/www.umbrialeft.org\/index.php\/2026\/08\/29\/aeroporto-san-francesco-dassisi-soddisfazione-per-incontro-con-presidente-sase-spa-ci-si-avvia-verso-il-recupero-di-corrette-relazioni-industriali\/","name":"Aeroporto \u201cSan Francesco d\u2019Assisi\u201d: Soddisfazione per incontro con Presidente SASE SPA, ci si avvia verso il recupero di corrette relazioni industriali - UmbriaLeft","isPartOf":{"@id":"https:\/\/www.umbrialeft.org\/#website"},"primaryImageOfPage":{"@id":"https:\/\/www.umbrialeft.org\/index.php\/2026\/08\/29\/aeroporto-san-francesco-dassisi-soddisfazione-per-incontro-con-presidente-sase-spa-ci-si-avvia-verso-il-recupero-di-corrette-relazioni-industriali\/#primaryimage"},"image":{"@id":"https:\/\/www.umbrialeft.org\/index.php\/2026\/08\/29\/aeroporto-san-francesco-dassisi-soddisfazione-per-incontro-con-presidente-sase-spa-ci-si-avvia-verso-il-recupero-di-corrette-relazioni-industriali\/#primaryimage"},"thumbnailUrl":"https:\/\/www.umbrialeft.org\/wp-content\/uploads\/2026\/08\/20260804_155526.jpg","datePublished":"2026-08-29T21:41:00+00:00","dateModified":"2026-08-29T21:41:01+00:00","breadcrumb":{"@id":"https:\/\/www.umbrialeft.org\/index.php\/2026\/08\/29\/aeroporto-san-francesco-dassisi-soddisfazione-per-incontro-con-presidente-sase-spa-ci-si-avvia-verso-il-recupero-di-corrette-relazioni-industriali\/#breadcrumb"},"inLanguage":"it-IT","potentialAction":[{"@type":"ReadAction","target":["https:\/\/www.umbrialeft.org\/index.php\/2026\/08\/29\/aeroporto-san-francesco-dassisi-soddisfazione-per-incontro-con-presidente-sase-spa-ci-si-avvia-verso-il-recupero-di-corrette-relazioni-industriali\/"]}]},{"@type":"ImageObject","inLanguage":"it-IT","@id":"https:\/\/www.umbrialeft.org\/index.php\/2026\/08\/29\/aeroporto-san-francesco-dassisi-soddisfazione-per-incontro-con-presidente-sase-spa-ci-si-avvia-verso-il-recupero-di-corrette-relazioni-industriali\/#primaryimage","url":"https:\/\/www.umbrialeft.org\/wp-content\/uploads\/2026\/08\/20260804_155526.jpg","contentUrl":"https:\/\/www.umbrialeft.org\/wp-content\/uploads\/2026\/08\/20260804_155526.jpg","width":874,"height":465},{"@type":"BreadcrumbList","@id":"https:\/\/www.umbrialeft.org\/index.php\/2026\/08\/29\/aeroporto-san-francesco-dassisi-soddisfazione-per-incontro-con-presidente-sase-spa-ci-si-avvia-verso-il-recupero-di-corrette-relazioni-industriali\/#breadcrumb","itemListElement":[{"@type":"ListItem","position":1,"name":"Home","item":"https:\/\/www.umbrialeft.org\/"},{"@type":"ListItem","position":2,"name":"Aeroporto \u201cSan Francesco d\u2019Assisi\u201d: Soddisfazione per incontro con Presidente SASE SPA, ci si avvia verso il recupero di corrette relazioni industriali"}]},{"@type":"WebSite","@id":"https:\/\/www.umbrialeft.org\/#website","url":"https:\/\/www.umbrialeft.org\/","name":"UmbriaLeft","description":"","publisher":{"@id":"https:\/\/www.umbrialeft.org\/#organization"},"potentialAction":[{"@type":"SearchAction","target":{"@type":"EntryPoint","urlTemplate":"https:\/\/www.umbrialeft.org\/?s={search_term_string}"},"query-input":{"@type":"PropertyValueSpecification","valueRequired":true,"valueName":"search_term_string"}}],"inLanguage":"it-IT"},{"@type":"Organization","@id":"https:\/\/www.umbrialeft.org\/#organization","name":"UmbriaLeft","url":"https:\/\/www.umbrialeft.org\/","logo":{"@type":"ImageObject","inLanguage":"it-IT","@id":"https:\/\/www.umbrialeft.org\/#\/schema\/logo\/image\/","url":"https:\/\/www.umbrialeft.org\/wp-content\/uploads\/2025\/03\/community_logo-1.png","contentUrl":"https:\/\/www.umbrialeft.org\/wp-content\/uploads\/2025\/03\/community_logo-1.png","width":517,"height":85,"caption":"UmbriaLeft"},"image":{"@id":"https:\/\/www.umbrialeft.org\/#\/schema\/logo\/image\/"},"sameAs":["https:\/\/www.facebook.com\/UmbriaLeft2004"]},{"@type":"Person","@id":"https:\/\/www.umbrialeft.org\/#\/schema\/person\/3cd347327738635457ae3350802496c8","name":"Redazione Sport","image":{"@type":"ImageObject","inLanguage":"it-IT","@id":"https:\/\/secure.gravatar.com\/avatar\/74b0f182249a356dae511092001821a25a5103081374d6e26bb9f84233943602?s=96&d=mm&r=g","url":"https:\/\/secure.gravatar.com\/avatar\/74b0f182249a356dae511092001821a25a5103081374d6e26bb9f84233943602?s=96&d=mm&r=g","contentUrl":"https:\/\/secure.gravatar.com\/avatar\/74b0f182249a356dae511092001821a25a5103081374d6e26bb9f84233943602?s=96&d=mm&r=g","caption":"Redazione Sport"},"url":"https:\/\/www.umbrialeft.org\/index.php\/author\/elio-clero-bertoldi\/"}]}},"blog_post_layout_featured_media_urls":{"thumbnail":["https:\/\/www.umbrialeft.org\/wp-content\/uploads\/2026\/08\/20260804_155526-150x150.jpg",150,150,true],"full":["https:\/\/www.umbrialeft.org\/wp-content\/uploads\/2026\/08\/20260804_155526.jpg",874,465,false]},"categories_names":{"26":{"name":"Lavoro","link":"https:\/\/www.umbrialeft.org\/index.php\/category\/lavoro\/"}},"tags_names":[],"comments_number":"0","wpmagazine_modules_lite_featured_media_urls":{"thumbnail":["https:\/\/www.umbrialeft.org\/wp-content\/uploads\/2026\/08\/20260804_155526-150x150.jpg",150,150,true],"cvmm-medium":["https:\/\/www.umbrialeft.org\/wp-content\/uploads\/2026\/08\/20260804_155526-300x300.jpg",300,300,true],"cvmm-medium-plus":["https:\/\/www.umbrialeft.org\/wp-content\/uploads\/2026\/08\/20260804_155526-305x207.jpg",305,207,true],"cvmm-portrait":["https:\/\/www.umbrialeft.org\/wp-content\/uploads\/2026\/08\/20260804_155526-400x465.jpg",400,465,true],"cvmm-medium-square":["https:\/\/www.umbrialeft.org\/wp-content\/uploads\/2026\/08\/20260804_155526-600x465.jpg",600,465,true],"cvmm-large":["https:\/\/www.umbrialeft.org\/wp-content\/uploads\/2026\/08\/20260804_155526.jpg",874,465,false],"cvmm-small":["https:\/\/www.umbrialeft.org\/wp-content\/uploads\/2026\/08\/20260804_155526-130x95.jpg",130,95,true],"full":["https:\/\/www.umbrialeft.org\/wp-content\/uploads\/2026\/08\/20260804_155526.jpg",874,465,false]},"_links":{"self":[{"href":"https:\/\/www.umbrialeft.org\/index.php\/wp-json\/wp\/v2\/posts\/11855","targetHints":{"allow":["GET"]}}],"collection":[{"href":"https:\/\/www.umbrialeft.org\/index.php\/wp-json\/wp\/v2\/posts"}],"about":[{"href":"https:\/\/www.umbrialeft.org\/index.php\/wp-json\/wp\/v2\/types\/post"}],"author":[{"embeddable":true,"href":"https:\/\/www.umbrialeft.org\/index.php\/wp-json\/wp\/v2\/users\/9"}],"replies":[{"embeddable":true,"href":"https:\/\/www.umbrialeft.org\/index.php\/wp-json\/wp\/v2\/comments?post=11855"}],"version-history":[{"count":1,"href":"https:\/\/www.umbrialeft.org\/index.php\/wp-json\/wp\/v2\/posts\/11855\/revisions"}],"predecessor-version":[{"id":11856,"href":"https:\/\/www.umbrialeft.org\/index.php\/wp-json\/wp\/v2\/posts\/11855\/revisions\/11856"}],"wp:featuredmedia":[{"embeddable":true,"href":"https:\/\/www.umbrialeft.org\/index.php\/wp-json\/wp\/v2\/media\/11480"}],"wp:attachment":[{"href":"https:\/\/www.umbrialeft.org\/index.php\/wp-json\/wp\/v2\/media?parent=11855"}],"wp:term":[{"taxonomy":"category","embeddable":true,"href":"https:\/\/www.umbrialeft.org\/index.php\/wp-json\/wp\/v2\/categories?post=11855"},{"taxonomy":"post_tag","embeddable":true,"href":"https:\/\/www.umbrialeft.org\/index.php\/wp-json\/wp\/v2\/tags?post=11855"}],"curies":[{"name":"wp","href":"https:\/\/api.w.org\/{rel}","templated":true}]}}