{"id":11858,"date":"2026-08-30T23:49:50","date_gmt":"2026-08-30T21:49:50","guid":{"rendered":"https:\/\/www.umbrialeft.org\/?p=11858"},"modified":"2026-08-30T23:49:51","modified_gmt":"2026-08-30T21:49:51","slug":"il-caso-ranucci-e-una-catastrofe-per-tutti","status":"publish","type":"post","link":"https:\/\/www.umbrialeft.org\/index.php\/2026\/08\/30\/il-caso-ranucci-e-una-catastrofe-per-tutti\/","title":{"rendered":"Il caso Ranucci \u00e8 una catastrofe per tutti"},"content":{"rendered":"<p>Il caso Ranucci \u00e8 una catastrofe per tutti. Per la RAI, che lo silura su una base puramente idiosincratica e priva di consistenza giuridica, ragion per cui uscir\u00e0 sconfitta nella causa che Ranucci ha deciso di farle. Per il giornalismo d&#8217;inchiesta, di qualit\u00e0 e non, che si ritrova unificato dall&#8217;essere il target preferito dei poteri (non solo politici) che non tollerano critiche e intrusioni. Per il giornalismo a libro paga dei poteri suddetti, che ha accerchiato Ranucci con uno zelo degno di miglior causa  e un linguaggio indegno di qualunque causa. Per il giornalismo cosiddetto indipendente, che a commento del caso ci ha regalato due perle indimenticabili a firma di Paolo Mieli e di Stefano Cappellini. Per Ranucci, che \u00e8 vittima di un attentato, di un raggiro (di Lavitola) e di un sopruso (della sua azienda) e pertanto va difeso, ma certo non ne esce bene n\u00e9 per le sue frequentazioni n\u00e9 per le sue dissennate esternazioni (comprese quelle sui suoi rapporti con l&#8217;altro sesso) n\u00e9 per la sua ostinazione a non fare un passo a lato quando sarebbe stato elegante farlo. Per la maggioranza di governo, che si conferma ignorante dell&#8217;abc della divisione dei poteri. Per il &#8220;campo largo&#8221;, che si rivela tanto fragile da essere &#8220;contendibile&#8221;, come si dice adesso, da un lestofante acclarato secondo sentenze passate in giudicato come Lavitola. Infine per tutti\/e noi, che sull&#8217;orlo della catastrofe climatica e della guerra atomica ce la spassiamo da un mese con questa storiaccia.<\/p>\n<p>Tratto da un post pubblicato su Facebook da Ida Dominijanni<\/p>\n","protected":false},"excerpt":{"rendered":"<p>Il caso Ranucci \u00e8 una catastrofe per tutti. Per la RAI, che lo silura su una base puramente idiosincratica e priva di consistenza giuridica, ragion per cui uscir\u00e0 sconfitta nella causa che Ranucci ha deciso di farle. Per il giornalismo d&#8217;inchiesta, di qualit\u00e0 e non, che si ritrova unificato dall&#8217;essere il target preferito dei poteri<\/p>\n","protected":false},"author":9,"featured_media":11426,"comment_status":"closed","ping_status":"closed","sticky":false,"template":"","format":"standard","meta":{"footnotes":""},"categories":[31],"tags":[],"class_list":["post-11858","post","type-post","status-publish","format-standard","has-post-thumbnail","hentry","category-opinioni"],"yoast_head":"<!-- This site is optimized with the Yoast SEO plugin v28.4 - https:\/\/yoast.com\/product\/yoast-seo-wordpress\/ -->\n<title>Il caso Ranucci \u00e8 una catastrofe per tutti - UmbriaLeft<\/title>\n<meta name=\"robots\" content=\"index, follow, max-snippet:-1, max-image-preview:large, max-video-preview:-1\" \/>\n<link rel=\"canonical\" href=\"https:\/\/www.umbrialeft.org\/index.php\/2026\/08\/30\/il-caso-ranucci-e-una-catastrofe-per-tutti\/\" \/>\n<meta property=\"og:locale\" content=\"it_IT\" \/>\n<meta property=\"og:type\" content=\"article\" \/>\n<meta property=\"og:title\" content=\"Il caso Ranucci \u00e8 una catastrofe per tutti - UmbriaLeft\" \/>\n<meta property=\"og:description\" content=\"Il caso Ranucci \u00e8 una catastrofe per tutti. Per la RAI, che lo silura su una base puramente idiosincratica e priva di consistenza giuridica, ragion per cui uscir\u00e0 sconfitta nella causa che Ranucci ha deciso di farle. Per il giornalismo d&#8217;inchiesta, di qualit\u00e0 e non, che si ritrova unificato dall&#8217;essere il target preferito dei poteri\" \/>\n<meta property=\"og:url\" content=\"https:\/\/www.umbrialeft.org\/index.php\/2026\/08\/30\/il-caso-ranucci-e-una-catastrofe-per-tutti\/\" \/>\n<meta property=\"og:site_name\" content=\"UmbriaLeft\" \/>\n<meta property=\"article:publisher\" content=\"https:\/\/www.facebook.com\/UmbriaLeft2004\" \/>\n<meta property=\"article:published_time\" content=\"2026-08-30T21:49:50+00:00\" \/>\n<meta property=\"article:modified_time\" content=\"2026-08-30T21:49:51+00:00\" \/>\n<meta property=\"og:image\" content=\"https:\/\/www.umbrialeft.org\/wp-content\/uploads\/2026\/08\/20260801_105223.jpg\" \/>\n\t<meta property=\"og:image:width\" content=\"936\" \/>\n\t<meta property=\"og:image:height\" content=\"614\" \/>\n\t<meta property=\"og:image:type\" content=\"image\/jpeg\" \/>\n<meta name=\"author\" content=\"Redazione Sport\" \/>\n<meta name=\"twitter:card\" content=\"summary_large_image\" \/>\n<meta name=\"twitter:label1\" content=\"Scritto da\" \/>\n\t<meta name=\"twitter:data1\" content=\"Redazione Sport\" \/>\n\t<meta name=\"twitter:label2\" content=\"Tempo di lettura stimato\" \/>\n\t<meta name=\"twitter:data2\" content=\"2 minuti\" \/>\n<script type=\"application\/ld+json\" class=\"yoast-schema-graph\">{\"@context\":\"https:\\\/\\\/schema.org\",\"@graph\":[{\"@type\":\"Article\",\"@id\":\"https:\\\/\\\/www.umbrialeft.org\\\/index.php\\\/2026\\\/08\\\/30\\\/il-caso-ranucci-e-una-catastrofe-per-tutti\\\/#article\",\"isPartOf\":{\"@id\":\"https:\\\/\\\/www.umbrialeft.org\\\/index.php\\\/2026\\\/08\\\/30\\\/il-caso-ranucci-e-una-catastrofe-per-tutti\\\/\"},\"author\":{\"name\":\"Redazione Sport\",\"@id\":\"https:\\\/\\\/www.umbrialeft.org\\\/#\\\/schema\\\/person\\\/3cd347327738635457ae3350802496c8\"},\"headline\":\"Il caso Ranucci \u00e8 una catastrofe per tutti\",\"datePublished\":\"2026-08-30T21:49:50+00:00\",\"dateModified\":\"2026-08-30T21:49:51+00:00\",\"mainEntityOfPage\":{\"@id\":\"https:\\\/\\\/www.umbrialeft.org\\\/index.php\\\/2026\\\/08\\\/30\\\/il-caso-ranucci-e-una-catastrofe-per-tutti\\\/\"},\"wordCount\":266,\"publisher\":{\"@id\":\"https:\\\/\\\/www.umbrialeft.org\\\/#organization\"},\"image\":{\"@id\":\"https:\\\/\\\/www.umbrialeft.org\\\/index.php\\\/2026\\\/08\\\/30\\\/il-caso-ranucci-e-una-catastrofe-per-tutti\\\/#primaryimage\"},\"thumbnailUrl\":\"https:\\\/\\\/www.umbrialeft.org\\\/wp-content\\\/uploads\\\/2026\\\/08\\\/20260801_105223.jpg\",\"articleSection\":[\"Opinioni\"],\"inLanguage\":\"it-IT\"},{\"@type\":\"WebPage\",\"@id\":\"https:\\\/\\\/www.umbrialeft.org\\\/index.php\\\/2026\\\/08\\\/30\\\/il-caso-ranucci-e-una-catastrofe-per-tutti\\\/\",\"url\":\"https:\\\/\\\/www.umbrialeft.org\\\/index.php\\\/2026\\\/08\\\/30\\\/il-caso-ranucci-e-una-catastrofe-per-tutti\\\/\",\"name\":\"Il caso Ranucci \u00e8 una catastrofe per tutti - UmbriaLeft\",\"isPartOf\":{\"@id\":\"https:\\\/\\\/www.umbrialeft.org\\\/#website\"},\"primaryImageOfPage\":{\"@id\":\"https:\\\/\\\/www.umbrialeft.org\\\/index.php\\\/2026\\\/08\\\/30\\\/il-caso-ranucci-e-una-catastrofe-per-tutti\\\/#primaryimage\"},\"image\":{\"@id\":\"https:\\\/\\\/www.umbrialeft.org\\\/index.php\\\/2026\\\/08\\\/30\\\/il-caso-ranucci-e-una-catastrofe-per-tutti\\\/#primaryimage\"},\"thumbnailUrl\":\"https:\\\/\\\/www.umbrialeft.org\\\/wp-content\\\/uploads\\\/2026\\\/08\\\/20260801_105223.jpg\",\"datePublished\":\"2026-08-30T21:49:50+00:00\",\"dateModified\":\"2026-08-30T21:49:51+00:00\",\"breadcrumb\":{\"@id\":\"https:\\\/\\\/www.umbrialeft.org\\\/index.php\\\/2026\\\/08\\\/30\\\/il-caso-ranucci-e-una-catastrofe-per-tutti\\\/#breadcrumb\"},\"inLanguage\":\"it-IT\",\"potentialAction\":[{\"@type\":\"ReadAction\",\"target\":[\"https:\\\/\\\/www.umbrialeft.org\\\/index.php\\\/2026\\\/08\\\/30\\\/il-caso-ranucci-e-una-catastrofe-per-tutti\\\/\"]}]},{\"@type\":\"ImageObject\",\"inLanguage\":\"it-IT\",\"@id\":\"https:\\\/\\\/www.umbrialeft.org\\\/index.php\\\/2026\\\/08\\\/30\\\/il-caso-ranucci-e-una-catastrofe-per-tutti\\\/#primaryimage\",\"url\":\"https:\\\/\\\/www.umbrialeft.org\\\/wp-content\\\/uploads\\\/2026\\\/08\\\/20260801_105223.jpg\",\"contentUrl\":\"https:\\\/\\\/www.umbrialeft.org\\\/wp-content\\\/uploads\\\/2026\\\/08\\\/20260801_105223.jpg\",\"width\":936,\"height\":614},{\"@type\":\"BreadcrumbList\",\"@id\":\"https:\\\/\\\/www.umbrialeft.org\\\/index.php\\\/2026\\\/08\\\/30\\\/il-caso-ranucci-e-una-catastrofe-per-tutti\\\/#breadcrumb\",\"itemListElement\":[{\"@type\":\"ListItem\",\"position\":1,\"name\":\"Home\",\"item\":\"https:\\\/\\\/www.umbrialeft.org\\\/\"},{\"@type\":\"ListItem\",\"position\":2,\"name\":\"Il caso Ranucci \u00e8 una catastrofe per tutti\"}]},{\"@type\":\"WebSite\",\"@id\":\"https:\\\/\\\/www.umbrialeft.org\\\/#website\",\"url\":\"https:\\\/\\\/www.umbrialeft.org\\\/\",\"name\":\"UmbriaLeft\",\"description\":\"\",\"publisher\":{\"@id\":\"https:\\\/\\\/www.umbrialeft.org\\\/#organization\"},\"potentialAction\":[{\"@type\":\"SearchAction\",\"target\":{\"@type\":\"EntryPoint\",\"urlTemplate\":\"https:\\\/\\\/www.umbrialeft.org\\\/?s={search_term_string}\"},\"query-input\":{\"@type\":\"PropertyValueSpecification\",\"valueRequired\":true,\"valueName\":\"search_term_string\"}}],\"inLanguage\":\"it-IT\"},{\"@type\":\"Organization\",\"@id\":\"https:\\\/\\\/www.umbrialeft.org\\\/#organization\",\"name\":\"UmbriaLeft\",\"url\":\"https:\\\/\\\/www.umbrialeft.org\\\/\",\"logo\":{\"@type\":\"ImageObject\",\"inLanguage\":\"it-IT\",\"@id\":\"https:\\\/\\\/www.umbrialeft.org\\\/#\\\/schema\\\/logo\\\/image\\\/\",\"url\":\"https:\\\/\\\/www.umbrialeft.org\\\/wp-content\\\/uploads\\\/2025\\\/03\\\/community_logo-1.png\",\"contentUrl\":\"https:\\\/\\\/www.umbrialeft.org\\\/wp-content\\\/uploads\\\/2025\\\/03\\\/community_logo-1.png\",\"width\":517,\"height\":85,\"caption\":\"UmbriaLeft\"},\"image\":{\"@id\":\"https:\\\/\\\/www.umbrialeft.org\\\/#\\\/schema\\\/logo\\\/image\\\/\"},\"sameAs\":[\"https:\\\/\\\/www.facebook.com\\\/UmbriaLeft2004\"]},{\"@type\":\"Person\",\"@id\":\"https:\\\/\\\/www.umbrialeft.org\\\/#\\\/schema\\\/person\\\/3cd347327738635457ae3350802496c8\",\"name\":\"Redazione Sport\",\"image\":{\"@type\":\"ImageObject\",\"inLanguage\":\"it-IT\",\"@id\":\"https:\\\/\\\/secure.gravatar.com\\\/avatar\\\/74b0f182249a356dae511092001821a25a5103081374d6e26bb9f84233943602?s=96&d=mm&r=g\",\"url\":\"https:\\\/\\\/secure.gravatar.com\\\/avatar\\\/74b0f182249a356dae511092001821a25a5103081374d6e26bb9f84233943602?s=96&d=mm&r=g\",\"contentUrl\":\"https:\\\/\\\/secure.gravatar.com\\\/avatar\\\/74b0f182249a356dae511092001821a25a5103081374d6e26bb9f84233943602?s=96&d=mm&r=g\",\"caption\":\"Redazione Sport\"},\"url\":\"https:\\\/\\\/www.umbrialeft.org\\\/index.php\\\/author\\\/elio-clero-bertoldi\\\/\"}]}<\/script>\n<!-- \/ Yoast SEO plugin. -->","yoast_head_json":{"title":"Il caso Ranucci \u00e8 una catastrofe per tutti - UmbriaLeft","robots":{"index":"index","follow":"follow","max-snippet":"max-snippet:-1","max-image-preview":"max-image-preview:large","max-video-preview":"max-video-preview:-1"},"canonical":"https:\/\/www.umbrialeft.org\/index.php\/2026\/08\/30\/il-caso-ranucci-e-una-catastrofe-per-tutti\/","og_locale":"it_IT","og_type":"article","og_title":"Il caso Ranucci \u00e8 una catastrofe per tutti - UmbriaLeft","og_description":"Il caso Ranucci \u00e8 una catastrofe per tutti. Per la RAI, che lo silura su una base puramente idiosincratica e priva di consistenza giuridica, ragion per cui uscir\u00e0 sconfitta nella causa che Ranucci ha deciso di farle. Per il giornalismo d&#8217;inchiesta, di qualit\u00e0 e non, che si ritrova unificato dall&#8217;essere il target preferito dei poteri","og_url":"https:\/\/www.umbrialeft.org\/index.php\/2026\/08\/30\/il-caso-ranucci-e-una-catastrofe-per-tutti\/","og_site_name":"UmbriaLeft","article_publisher":"https:\/\/www.facebook.com\/UmbriaLeft2004","article_published_time":"2026-08-30T21:49:50+00:00","article_modified_time":"2026-08-30T21:49:51+00:00","og_image":[{"width":936,"height":614,"url":"https:\/\/www.umbrialeft.org\/wp-content\/uploads\/2026\/08\/20260801_105223.jpg","type":"image\/jpeg"}],"author":"Redazione Sport","twitter_card":"summary_large_image","twitter_misc":{"Scritto da":"Redazione Sport","Tempo di lettura stimato":"2 minuti"},"schema":{"@context":"https:\/\/schema.org","@graph":[{"@type":"Article","@id":"https:\/\/www.umbrialeft.org\/index.php\/2026\/08\/30\/il-caso-ranucci-e-una-catastrofe-per-tutti\/#article","isPartOf":{"@id":"https:\/\/www.umbrialeft.org\/index.php\/2026\/08\/30\/il-caso-ranucci-e-una-catastrofe-per-tutti\/"},"author":{"name":"Redazione Sport","@id":"https:\/\/www.umbrialeft.org\/#\/schema\/person\/3cd347327738635457ae3350802496c8"},"headline":"Il caso Ranucci \u00e8 una catastrofe per tutti","datePublished":"2026-08-30T21:49:50+00:00","dateModified":"2026-08-30T21:49:51+00:00","mainEntityOfPage":{"@id":"https:\/\/www.umbrialeft.org\/index.php\/2026\/08\/30\/il-caso-ranucci-e-una-catastrofe-per-tutti\/"},"wordCount":266,"publisher":{"@id":"https:\/\/www.umbrialeft.org\/#organization"},"image":{"@id":"https:\/\/www.umbrialeft.org\/index.php\/2026\/08\/30\/il-caso-ranucci-e-una-catastrofe-per-tutti\/#primaryimage"},"thumbnailUrl":"https:\/\/www.umbrialeft.org\/wp-content\/uploads\/2026\/08\/20260801_105223.jpg","articleSection":["Opinioni"],"inLanguage":"it-IT"},{"@type":"WebPage","@id":"https:\/\/www.umbrialeft.org\/index.php\/2026\/08\/30\/il-caso-ranucci-e-una-catastrofe-per-tutti\/","url":"https:\/\/www.umbrialeft.org\/index.php\/2026\/08\/30\/il-caso-ranucci-e-una-catastrofe-per-tutti\/","name":"Il caso Ranucci \u00e8 una catastrofe per tutti - UmbriaLeft","isPartOf":{"@id":"https:\/\/www.umbrialeft.org\/#website"},"primaryImageOfPage":{"@id":"https:\/\/www.umbrialeft.org\/index.php\/2026\/08\/30\/il-caso-ranucci-e-una-catastrofe-per-tutti\/#primaryimage"},"image":{"@id":"https:\/\/www.umbrialeft.org\/index.php\/2026\/08\/30\/il-caso-ranucci-e-una-catastrofe-per-tutti\/#primaryimage"},"thumbnailUrl":"https:\/\/www.umbrialeft.org\/wp-content\/uploads\/2026\/08\/20260801_105223.jpg","datePublished":"2026-08-30T21:49:50+00:00","dateModified":"2026-08-30T21:49:51+00:00","breadcrumb":{"@id":"https:\/\/www.umbrialeft.org\/index.php\/2026\/08\/30\/il-caso-ranucci-e-una-catastrofe-per-tutti\/#breadcrumb"},"inLanguage":"it-IT","potentialAction":[{"@type":"ReadAction","target":["https:\/\/www.umbrialeft.org\/index.php\/2026\/08\/30\/il-caso-ranucci-e-una-catastrofe-per-tutti\/"]}]},{"@type":"ImageObject","inLanguage":"it-IT","@id":"https:\/\/www.umbrialeft.org\/index.php\/2026\/08\/30\/il-caso-ranucci-e-una-catastrofe-per-tutti\/#primaryimage","url":"https:\/\/www.umbrialeft.org\/wp-content\/uploads\/2026\/08\/20260801_105223.jpg","contentUrl":"https:\/\/www.umbrialeft.org\/wp-content\/uploads\/2026\/08\/20260801_105223.jpg","width":936,"height":614},{"@type":"BreadcrumbList","@id":"https:\/\/www.umbrialeft.org\/index.php\/2026\/08\/30\/il-caso-ranucci-e-una-catastrofe-per-tutti\/#breadcrumb","itemListElement":[{"@type":"ListItem","position":1,"name":"Home","item":"https:\/\/www.umbrialeft.org\/"},{"@type":"ListItem","position":2,"name":"Il caso Ranucci \u00e8 una catastrofe per tutti"}]},{"@type":"WebSite","@id":"https:\/\/www.umbrialeft.org\/#website","url":"https:\/\/www.umbrialeft.org\/","name":"UmbriaLeft","description":"","publisher":{"@id":"https:\/\/www.umbrialeft.org\/#organization"},"potentialAction":[{"@type":"SearchAction","target":{"@type":"EntryPoint","urlTemplate":"https:\/\/www.umbrialeft.org\/?s={search_term_string}"},"query-input":{"@type":"PropertyValueSpecification","valueRequired":true,"valueName":"search_term_string"}}],"inLanguage":"it-IT"},{"@type":"Organization","@id":"https:\/\/www.umbrialeft.org\/#organization","name":"UmbriaLeft","url":"https:\/\/www.umbrialeft.org\/","logo":{"@type":"ImageObject","inLanguage":"it-IT","@id":"https:\/\/www.umbrialeft.org\/#\/schema\/logo\/image\/","url":"https:\/\/www.umbrialeft.org\/wp-content\/uploads\/2025\/03\/community_logo-1.png","contentUrl":"https:\/\/www.umbrialeft.org\/wp-content\/uploads\/2025\/03\/community_logo-1.png","width":517,"height":85,"caption":"UmbriaLeft"},"image":{"@id":"https:\/\/www.umbrialeft.org\/#\/schema\/logo\/image\/"},"sameAs":["https:\/\/www.facebook.com\/UmbriaLeft2004"]},{"@type":"Person","@id":"https:\/\/www.umbrialeft.org\/#\/schema\/person\/3cd347327738635457ae3350802496c8","name":"Redazione Sport","image":{"@type":"ImageObject","inLanguage":"it-IT","@id":"https:\/\/secure.gravatar.com\/avatar\/74b0f182249a356dae511092001821a25a5103081374d6e26bb9f84233943602?s=96&d=mm&r=g","url":"https:\/\/secure.gravatar.com\/avatar\/74b0f182249a356dae511092001821a25a5103081374d6e26bb9f84233943602?s=96&d=mm&r=g","contentUrl":"https:\/\/secure.gravatar.com\/avatar\/74b0f182249a356dae511092001821a25a5103081374d6e26bb9f84233943602?s=96&d=mm&r=g","caption":"Redazione Sport"},"url":"https:\/\/www.umbrialeft.org\/index.php\/author\/elio-clero-bertoldi\/"}]}},"blog_post_layout_featured_media_urls":{"thumbnail":["https:\/\/www.umbrialeft.org\/wp-content\/uploads\/2026\/08\/20260801_105223-150x150.jpg",150,150,true],"full":["https:\/\/www.umbrialeft.org\/wp-content\/uploads\/2026\/08\/20260801_105223.jpg",936,614,false]},"categories_names":{"31":{"name":"Opinioni","link":"https:\/\/www.umbrialeft.org\/index.php\/category\/opinioni\/"}},"tags_names":[],"comments_number":"0","wpmagazine_modules_lite_featured_media_urls":{"thumbnail":["https:\/\/www.umbrialeft.org\/wp-content\/uploads\/2026\/08\/20260801_105223-150x150.jpg",150,150,true],"cvmm-medium":["https:\/\/www.umbrialeft.org\/wp-content\/uploads\/2026\/08\/20260801_105223-300x300.jpg",300,300,true],"cvmm-medium-plus":["https:\/\/www.umbrialeft.org\/wp-content\/uploads\/2026\/08\/20260801_105223-305x207.jpg",305,207,true],"cvmm-portrait":["https:\/\/www.umbrialeft.org\/wp-content\/uploads\/2026\/08\/20260801_105223-400x600.jpg",400,600,true],"cvmm-medium-square":["https:\/\/www.umbrialeft.org\/wp-content\/uploads\/2026\/08\/20260801_105223-600x600.jpg",600,600,true],"cvmm-large":["https:\/\/www.umbrialeft.org\/wp-content\/uploads\/2026\/08\/20260801_105223.jpg",936,614,false],"cvmm-small":["https:\/\/www.umbrialeft.org\/wp-content\/uploads\/2026\/08\/20260801_105223-130x95.jpg",130,95,true],"full":["https:\/\/www.umbrialeft.org\/wp-content\/uploads\/2026\/08\/20260801_105223.jpg",936,614,false]},"_links":{"self":[{"href":"https:\/\/www.umbrialeft.org\/index.php\/wp-json\/wp\/v2\/posts\/11858","targetHints":{"allow":["GET"]}}],"collection":[{"href":"https:\/\/www.umbrialeft.org\/index.php\/wp-json\/wp\/v2\/posts"}],"about":[{"href":"https:\/\/www.umbrialeft.org\/index.php\/wp-json\/wp\/v2\/types\/post"}],"author":[{"embeddable":true,"href":"https:\/\/www.umbrialeft.org\/index.php\/wp-json\/wp\/v2\/users\/9"}],"replies":[{"embeddable":true,"href":"https:\/\/www.umbrialeft.org\/index.php\/wp-json\/wp\/v2\/comments?post=11858"}],"version-history":[{"count":1,"href":"https:\/\/www.umbrialeft.org\/index.php\/wp-json\/wp\/v2\/posts\/11858\/revisions"}],"predecessor-version":[{"id":11859,"href":"https:\/\/www.umbrialeft.org\/index.php\/wp-json\/wp\/v2\/posts\/11858\/revisions\/11859"}],"wp:featuredmedia":[{"embeddable":true,"href":"https:\/\/www.umbrialeft.org\/index.php\/wp-json\/wp\/v2\/media\/11426"}],"wp:attachment":[{"href":"https:\/\/www.umbrialeft.org\/index.php\/wp-json\/wp\/v2\/media?parent=11858"}],"wp:term":[{"taxonomy":"category","embeddable":true,"href":"https:\/\/www.umbrialeft.org\/index.php\/wp-json\/wp\/v2\/categories?post=11858"},{"taxonomy":"post_tag","embeddable":true,"href":"https:\/\/www.umbrialeft.org\/index.php\/wp-json\/wp\/v2\/tags?post=11858"}],"curies":[{"name":"wp","href":"https:\/\/api.w.org\/{rel}","templated":true}]}}