{"id":11868,"date":"2026-08-31T12:37:27","date_gmt":"2026-08-31T10:37:27","guid":{"rendered":"https:\/\/www.umbrialeft.org\/?p=11868"},"modified":"2026-08-31T12:37:28","modified_gmt":"2026-08-31T10:37:28","slug":"festival-delle-nazioni-il-viaggio-musicale-prosegue-nei-borghi-dellaltotevere-umbro-toscano","status":"publish","type":"post","link":"https:\/\/www.umbrialeft.org\/index.php\/2026\/08\/31\/festival-delle-nazioni-il-viaggio-musicale-prosegue-nei-borghi-dellaltotevere-umbro-toscano\/","title":{"rendered":"Festival delle Nazioni: il viaggio musicale prosegue nei borghi dell\u2019Altotevere umbro-toscano"},"content":{"rendered":"\n<p class=\"wp-block-paragraph\"><strong><em>Il primo settembre a Citt\u00e0 di Castello \u2018Kurt Weill: alla ricerca di Youkali (duo Della Mora &#8211; Miani) e a Citerna \u2018La suite in tutte le sue forme\u2019 (Luigi Piovano); il 2 a Sansepolcro \u2018La rivalutazione della tristezza\u2019 (Elio); il 3 a Lisciano Niccone il Rapsodia Saxophone quartet e a San Giustino il Trio Chimera; il 4 a Monte Santa Maria Tiberina \u2018Tra salotti e teatri viennesi (duo Lombardi &#8211; Viti) e a Montone \u2018Sorella acqua\u2019 (Erminio Truncellito e Meridies Cello Ensemble)<\/em><\/strong><\/p>\n\n\n\n<p class=\"wp-block-paragraph\">Si apre con un omaggio a Kurt Weill il programma di concerti di settembre del Festival delle Nazioni, un artista che rappresenta un ponte tra la musica colta e il teatro popolare, tra la Germania storica e quella dell\u2019esilio, tra denuncia sociale e sperimentazione artistica. A salire sul palco del\u00a0<strong>Complesso di San Domenico a Citt\u00e0 di Castello,\u00a0marted\u00ec primo settembre alle ore 18.30<\/strong>, \u00e8 il giovane duo composto da Sara Della Mora (soprano) e Marina Miani (pianoforte), che hanno fatto una scelta precisa: il concerto \u2018Kurt Weill: alla ricerca di Youkali\u2019 \u00e8 infatti un percorso dove ogni brano sta al suo posto come un capitolo e Weill \u00e8 il loro autore d\u2019elezione proprio perch\u00e9 vive sul confine, tra la sala da concerto e il cabaret, tra la raffinatezza e il teatro. Vale la pena ricordare che 1934 Kurt Weill, appena fuggito da Berlino, scrisse a Parigi un tango-habanera per uno spettacolo teatrale. Anni dopo, il paroliere Roger Fernay mise le parole su quella melodia: parlavano di Youkali, un\u2019isola dove i desideri si avverano e le pene finiscono. Un posto che, dice la canzone stessa, non esiste. \u00c8 la pagina pi\u00f9 sincera dell\u2019esilio: non l\u2019inno di chi ha perso una patria, ma di chi sa che la patria perfetta non c\u2019\u00e8 da nessuna parte.<\/p>\n\n\n\n<p class=\"wp-block-paragraph\">Da qui il viaggio musicale del Festival delle Nazioni nella Germania e nei paesi di lingua germanica approda in diversi centri dell\u2019Alta Valle del Tevere:&nbsp;<strong>a Citerna, la Chiesa di San Francesco ospita alle ore 21<\/strong>&nbsp;il concerto \u2018La suite in tutte le sue forme\u2019 di Luigi Piovano, primo violoncello solista dell\u2019Accademia Nazionale di Santa Cecilia, direttore d\u2019orchestra e partner in duo di Antonio Pappano. Dalla Suite n.1 di Bach in sol maggiore, Luigi Piovano passa a rendere omaggio poi al padre Antonio, recentemente scomparso, suonando i suoi Tre pezzi per violoncello solo: un Preludio, un\u2019Aria e una Danza, che richiamano i caratteri della sarabanda e della giga; segue il brano di Ezio Bosso, con cui Piovano ha lungamente collaborato, la Giga, tratta dalla Suite in si minore per violoncello solo, per poi chiudere con Bach e la Suite n. 3 in do maggiore.&nbsp;<strong>Mercoled\u00ec 2 settembre&nbsp;<\/strong>la scena \u00e8 tutta per Elio<strong>,&nbsp;<\/strong>alle&nbsp;<strong>ore 21 in piazza Torre di Berta a Sansepolcro<\/strong>&nbsp;per \u2018La rivalutazione della tristezza\u2019, una produzione di International Music and Arts. Al pianoforte e alla direzione musicale c\u2019\u00e8 il maestro Alberto Tafuri, compagno di strada di Elio in molte avventure musicali da X Factor agli spettacoli degli ultimi anni, oltre agli altri componenti della band, Sophia Tomelleri (sax tenore e flauto), Giulio Molteni (basso), Martino Malacrida (batteria); insieme accompagneranno il pubblico in un viaggio musicale alla riscoperta della tristezza con l\u2019intento di restituire alla tristezza nobilt\u00e0 e necessit\u00e0 attraverso le parole e le note di alcuni grandi artisti della tradizione musicale italiana e internazionale: Tenco, Modugno, De Andr\u00e9, Aznavour, Nino Rota, a cui si aggiungono Brecht e Kurt Weill, quest\u2019ultimo riproposto ancora una volta durante il Festival dunque, quale compositore che ha vissuto sul confine tra teatro popolare e musica d\u2019arte, senza mai scegliere da che parte stare, esattamente il posto dove Elio abita da sempre.<\/p>\n\n\n\n<p class=\"wp-block-paragraph\">Da Sansepolcro&nbsp;<strong>a Lisciano Niccone<\/strong>,&nbsp;<strong>gioved\u00ec 3 settembre<\/strong>, quando alle&nbsp;<strong>18.30 nella Chiesa nuova di Santa Maria delle Corti&nbsp;<\/strong>si esibisce il friulano Rapsodia Saxophone Quartet, formato da Giacomo Zampa (sassofono soprano), Marco Berlasso (sassofono contralto), Mauro Marnicco (sassofono tenore) e Mattia Turco (sassofono baritono). Il loro programma \u2018Dall\u2019America all\u2019Oriente: i mille volti del saxofono\u2019, nato in collaborazione con la Fondazione Luigi Bon, esplora ogni sfumatura del sassofono, dalle atmosfere del Quartetto \u2018Americano\u2019 di Anton\u00edn Dvo\u0159\u00e1k, magistralmente trascritto dal decano della scuola saxofonistica americana Frederick L. Hemke, al puro brio di Gioachino Rossini, con i celebri motivi delle sue opere riletti dal sopranista Gaetano Di Bacco. Il viaggio si spinge poi tra i continenti con le struggenti e pirotecniche \u2018Ciudades\u2019 di Guillermo Lago, con le melodie del Giappone firmate da Takatsugu Muramatsu e con l\u2019energia inconfondibile di Astor Piazzolla. E ancora,&nbsp;<strong>gioved\u00ec 3, Villa Graziani a San Giustino<\/strong>&nbsp;ospita il Trio Chimera&nbsp;<strong>alle ore 21<\/strong>, composto da Stefano Raccagni (violino), Giorgio Lucchini (violoncello) e Marta Ceretta (pianoforte), vincitore del concorso nazionale Alberto Burri nel 2025, che eseguir\u00e0 pagine di Franz Joseph Haydn, Mauricio Kagel e Dmitri Shostakovich.<\/p>\n\n\n\n<p class=\"wp-block-paragraph\">Spostandosi a&nbsp;<strong>Monte Santa Maria Tiberina<\/strong>,&nbsp;<strong>venerd\u00ec 4 settembre<\/strong>, si pu\u00f2 assistere al concerto \u2018Tra salotti e teatri viennesi\u2019 di Salvatore Lombardi (flauto) e Piero Viti (chitarra), in programma alle&nbsp;<strong>ore 18.30<\/strong>&nbsp;nella Chiesa di Santa Maria Assunta. Il duo suona insieme dal 1985, eseguendo non solo un repertorio per flauto e chitarra, ma facendo un lavoro di ricerca che riporta alla luce arie e trascrizioni dimenticate. Il loro programma al Festival tratta la musica come una conversazione tra pochi, in spazi dove si sente il respiro di chi suona, e si muove tra brani di Wolfgang Amadeus Mozart (Sonata n.11 in la maggiore e overture da \u2018La clemenza di Tito\u2019, con arrangiamento di Ferdinando Carulli), Leonard de Call (variations pou Guitarre et Fl\u00fbte), Franz Schubert (15 originsal T\u00e4nze) e Anton Diabelli (Grande S\u00e9r\u00e9nade sentimentale).<\/p>\n\n\n\n<p class=\"wp-block-paragraph\">Infine, tappa a&nbsp;<strong>Montone<\/strong>&nbsp;per Sorella acqua, alle&nbsp;<strong>ore 21 nella Chiesa di San Francesco<\/strong>, per un percorso di musica e versi dedicato a San Francesco d\u2019Assisi, in occasione dell\u2019ottavo centenario della morte del Santo. Lo spettacolo unisce l\u2019emozionante sonorit\u00e0 dei violoncelli all\u2019intensit\u00e0 di testi sacri e poetici, creando un evento di particolare suggestione, grazie a Erminio Truncellito (voce recitante), attore versatile di cinema (diretto da Michele Placido) e televisione (Imma Tataranni) e al Meridies Cello Ensemble, composto da musicisti di generazioni ed esperienze diverse: Roberto Chiapperino, talento precoce premiato in concorsi nazionali e inserito tra le eccellenze del Conservatorio di Bari; Giovanna D\u2019Amato, concertista, fondatrice del Quartetto Meridies e docente di Musica d\u2019insieme ad Avellino; Daniele Miatto, solista specializzato nel repertorio barocco e classico, gi\u00e0 primo violoncello in storiche istituzioni concertistico-orchestrali e docente a Foggia e Luciano Tarantino, che ha studiato con Rostropovi\u010d, collaborato con direttori come Maazel e Sinopoli, e vanta una ricca discografia solistica registrata sul suo prezioso violino Carlo Antonio Testore del 1736. Il percorso musicale attraverser\u00e0 le composizioni di Hans Zimmer, Max Richter, Ludovico Einaudi, Riz Ortolani, Roberto Cacciapaglia e Philip Glass, accostate a pagine della tradizione classica come Johann Sebastian Bach, Cristoph Willybald Gluck e Antonio Vivaldi.<\/p>\n","protected":false},"excerpt":{"rendered":"<p>Il primo settembre a Citt\u00e0 di Castello \u2018Kurt Weill: alla ricerca di Youkali (duo Della Mora &#8211; Miani) e a Citerna \u2018La suite in tutte le sue forme\u2019 (Luigi Piovano); il 2 a Sansepolcro \u2018La rivalutazione della tristezza\u2019 (Elio); il 3 a Lisciano Niccone il Rapsodia Saxophone quartet e a San Giustino il Trio Chimera;<\/p>\n","protected":false},"author":8,"featured_media":11869,"comment_status":"closed","ping_status":"closed","sticky":false,"template":"","format":"standard","meta":{"footnotes":""},"categories":[266],"tags":[],"class_list":["post-11868","post","type-post","status-publish","format-standard","has-post-thumbnail","hentry","category-eventi"],"yoast_head":"<!-- This site is optimized with the Yoast SEO plugin v28.4 - https:\/\/yoast.com\/product\/yoast-seo-wordpress\/ -->\n<title>Festival delle Nazioni: il viaggio musicale prosegue nei borghi dell\u2019Altotevere umbro-toscano - UmbriaLeft<\/title>\n<meta name=\"robots\" content=\"index, follow, max-snippet:-1, max-image-preview:large, max-video-preview:-1\" \/>\n<link rel=\"canonical\" href=\"https:\/\/www.umbrialeft.org\/index.php\/2026\/08\/31\/festival-delle-nazioni-il-viaggio-musicale-prosegue-nei-borghi-dellaltotevere-umbro-toscano\/\" \/>\n<meta property=\"og:locale\" content=\"it_IT\" \/>\n<meta property=\"og:type\" content=\"article\" \/>\n<meta property=\"og:title\" content=\"Festival delle Nazioni: il viaggio musicale prosegue nei borghi dell\u2019Altotevere umbro-toscano - UmbriaLeft\" \/>\n<meta property=\"og:description\" content=\"Il primo settembre a Citt\u00e0 di Castello \u2018Kurt Weill: alla ricerca di Youkali (duo Della Mora &#8211; Miani) e a Citerna \u2018La suite in tutte le sue forme\u2019 (Luigi Piovano); il 2 a Sansepolcro \u2018La rivalutazione della tristezza\u2019 (Elio); il 3 a Lisciano Niccone il Rapsodia Saxophone quartet e a San Giustino il Trio Chimera;\" \/>\n<meta property=\"og:url\" content=\"https:\/\/www.umbrialeft.org\/index.php\/2026\/08\/31\/festival-delle-nazioni-il-viaggio-musicale-prosegue-nei-borghi-dellaltotevere-umbro-toscano\/\" \/>\n<meta property=\"og:site_name\" content=\"UmbriaLeft\" \/>\n<meta property=\"article:publisher\" content=\"https:\/\/www.facebook.com\/UmbriaLeft2004\" \/>\n<meta property=\"article:published_time\" content=\"2026-08-31T10:37:27+00:00\" \/>\n<meta property=\"article:modified_time\" content=\"2026-08-31T10:37:28+00:00\" \/>\n<meta property=\"og:image\" content=\"https:\/\/www.umbrialeft.org\/wp-content\/uploads\/2026\/08\/Elio\u00a9Laila-Pozzo07_A5A8677-scaled.jpg\" \/>\n\t<meta property=\"og:image:width\" content=\"2560\" \/>\n\t<meta property=\"og:image:height\" content=\"1707\" \/>\n\t<meta property=\"og:image:type\" content=\"image\/jpeg\" \/>\n<meta name=\"author\" content=\"Nicola81\" \/>\n<meta name=\"twitter:card\" content=\"summary_large_image\" \/>\n<meta name=\"twitter:label1\" content=\"Scritto da\" \/>\n\t<meta name=\"twitter:data1\" content=\"Nicola81\" \/>\n\t<meta name=\"twitter:label2\" content=\"Tempo di lettura stimato\" \/>\n\t<meta name=\"twitter:data2\" content=\"7 minuti\" \/>\n<script type=\"application\/ld+json\" class=\"yoast-schema-graph\">{\"@context\":\"https:\\\/\\\/schema.org\",\"@graph\":[{\"@type\":\"Article\",\"@id\":\"https:\\\/\\\/www.umbrialeft.org\\\/index.php\\\/2026\\\/08\\\/31\\\/festival-delle-nazioni-il-viaggio-musicale-prosegue-nei-borghi-dellaltotevere-umbro-toscano\\\/#article\",\"isPartOf\":{\"@id\":\"https:\\\/\\\/www.umbrialeft.org\\\/index.php\\\/2026\\\/08\\\/31\\\/festival-delle-nazioni-il-viaggio-musicale-prosegue-nei-borghi-dellaltotevere-umbro-toscano\\\/\"},\"author\":{\"name\":\"Nicola81\",\"@id\":\"https:\\\/\\\/www.umbrialeft.org\\\/#\\\/schema\\\/person\\\/556bd3a44a8a07e2070b7a419cdc18ac\"},\"headline\":\"Festival delle Nazioni: il viaggio musicale prosegue nei borghi dell\u2019Altotevere umbro-toscano\",\"datePublished\":\"2026-08-31T10:37:27+00:00\",\"dateModified\":\"2026-08-31T10:37:28+00:00\",\"mainEntityOfPage\":{\"@id\":\"https:\\\/\\\/www.umbrialeft.org\\\/index.php\\\/2026\\\/08\\\/31\\\/festival-delle-nazioni-il-viaggio-musicale-prosegue-nei-borghi-dellaltotevere-umbro-toscano\\\/\"},\"wordCount\":1166,\"publisher\":{\"@id\":\"https:\\\/\\\/www.umbrialeft.org\\\/#organization\"},\"image\":{\"@id\":\"https:\\\/\\\/www.umbrialeft.org\\\/index.php\\\/2026\\\/08\\\/31\\\/festival-delle-nazioni-il-viaggio-musicale-prosegue-nei-borghi-dellaltotevere-umbro-toscano\\\/#primaryimage\"},\"thumbnailUrl\":\"https:\\\/\\\/www.umbrialeft.org\\\/wp-content\\\/uploads\\\/2026\\\/08\\\/Elio\u00a9Laila-Pozzo07_A5A8677-scaled.jpg\",\"articleSection\":[\"Eventi\"],\"inLanguage\":\"it-IT\"},{\"@type\":\"WebPage\",\"@id\":\"https:\\\/\\\/www.umbrialeft.org\\\/index.php\\\/2026\\\/08\\\/31\\\/festival-delle-nazioni-il-viaggio-musicale-prosegue-nei-borghi-dellaltotevere-umbro-toscano\\\/\",\"url\":\"https:\\\/\\\/www.umbrialeft.org\\\/index.php\\\/2026\\\/08\\\/31\\\/festival-delle-nazioni-il-viaggio-musicale-prosegue-nei-borghi-dellaltotevere-umbro-toscano\\\/\",\"name\":\"Festival delle Nazioni: il viaggio musicale prosegue nei borghi dell\u2019Altotevere umbro-toscano - UmbriaLeft\",\"isPartOf\":{\"@id\":\"https:\\\/\\\/www.umbrialeft.org\\\/#website\"},\"primaryImageOfPage\":{\"@id\":\"https:\\\/\\\/www.umbrialeft.org\\\/index.php\\\/2026\\\/08\\\/31\\\/festival-delle-nazioni-il-viaggio-musicale-prosegue-nei-borghi-dellaltotevere-umbro-toscano\\\/#primaryimage\"},\"image\":{\"@id\":\"https:\\\/\\\/www.umbrialeft.org\\\/index.php\\\/2026\\\/08\\\/31\\\/festival-delle-nazioni-il-viaggio-musicale-prosegue-nei-borghi-dellaltotevere-umbro-toscano\\\/#primaryimage\"},\"thumbnailUrl\":\"https:\\\/\\\/www.umbrialeft.org\\\/wp-content\\\/uploads\\\/2026\\\/08\\\/Elio\u00a9Laila-Pozzo07_A5A8677-scaled.jpg\",\"datePublished\":\"2026-08-31T10:37:27+00:00\",\"dateModified\":\"2026-08-31T10:37:28+00:00\",\"breadcrumb\":{\"@id\":\"https:\\\/\\\/www.umbrialeft.org\\\/index.php\\\/2026\\\/08\\\/31\\\/festival-delle-nazioni-il-viaggio-musicale-prosegue-nei-borghi-dellaltotevere-umbro-toscano\\\/#breadcrumb\"},\"inLanguage\":\"it-IT\",\"potentialAction\":[{\"@type\":\"ReadAction\",\"target\":[\"https:\\\/\\\/www.umbrialeft.org\\\/index.php\\\/2026\\\/08\\\/31\\\/festival-delle-nazioni-il-viaggio-musicale-prosegue-nei-borghi-dellaltotevere-umbro-toscano\\\/\"]}]},{\"@type\":\"ImageObject\",\"inLanguage\":\"it-IT\",\"@id\":\"https:\\\/\\\/www.umbrialeft.org\\\/index.php\\\/2026\\\/08\\\/31\\\/festival-delle-nazioni-il-viaggio-musicale-prosegue-nei-borghi-dellaltotevere-umbro-toscano\\\/#primaryimage\",\"url\":\"https:\\\/\\\/www.umbrialeft.org\\\/wp-content\\\/uploads\\\/2026\\\/08\\\/Elio\u00a9Laila-Pozzo07_A5A8677-scaled.jpg\",\"contentUrl\":\"https:\\\/\\\/www.umbrialeft.org\\\/wp-content\\\/uploads\\\/2026\\\/08\\\/Elio\u00a9Laila-Pozzo07_A5A8677-scaled.jpg\",\"width\":2560,\"height\":1707},{\"@type\":\"BreadcrumbList\",\"@id\":\"https:\\\/\\\/www.umbrialeft.org\\\/index.php\\\/2026\\\/08\\\/31\\\/festival-delle-nazioni-il-viaggio-musicale-prosegue-nei-borghi-dellaltotevere-umbro-toscano\\\/#breadcrumb\",\"itemListElement\":[{\"@type\":\"ListItem\",\"position\":1,\"name\":\"Home\",\"item\":\"https:\\\/\\\/www.umbrialeft.org\\\/\"},{\"@type\":\"ListItem\",\"position\":2,\"name\":\"Festival delle Nazioni: il viaggio musicale prosegue nei borghi dell\u2019Altotevere umbro-toscano\"}]},{\"@type\":\"WebSite\",\"@id\":\"https:\\\/\\\/www.umbrialeft.org\\\/#website\",\"url\":\"https:\\\/\\\/www.umbrialeft.org\\\/\",\"name\":\"UmbriaLeft\",\"description\":\"\",\"publisher\":{\"@id\":\"https:\\\/\\\/www.umbrialeft.org\\\/#organization\"},\"potentialAction\":[{\"@type\":\"SearchAction\",\"target\":{\"@type\":\"EntryPoint\",\"urlTemplate\":\"https:\\\/\\\/www.umbrialeft.org\\\/?s={search_term_string}\"},\"query-input\":{\"@type\":\"PropertyValueSpecification\",\"valueRequired\":true,\"valueName\":\"search_term_string\"}}],\"inLanguage\":\"it-IT\"},{\"@type\":\"Organization\",\"@id\":\"https:\\\/\\\/www.umbrialeft.org\\\/#organization\",\"name\":\"UmbriaLeft\",\"url\":\"https:\\\/\\\/www.umbrialeft.org\\\/\",\"logo\":{\"@type\":\"ImageObject\",\"inLanguage\":\"it-IT\",\"@id\":\"https:\\\/\\\/www.umbrialeft.org\\\/#\\\/schema\\\/logo\\\/image\\\/\",\"url\":\"https:\\\/\\\/www.umbrialeft.org\\\/wp-content\\\/uploads\\\/2025\\\/03\\\/community_logo-1.png\",\"contentUrl\":\"https:\\\/\\\/www.umbrialeft.org\\\/wp-content\\\/uploads\\\/2025\\\/03\\\/community_logo-1.png\",\"width\":517,\"height\":85,\"caption\":\"UmbriaLeft\"},\"image\":{\"@id\":\"https:\\\/\\\/www.umbrialeft.org\\\/#\\\/schema\\\/logo\\\/image\\\/\"},\"sameAs\":[\"https:\\\/\\\/www.facebook.com\\\/UmbriaLeft2004\"]},{\"@type\":\"Person\",\"@id\":\"https:\\\/\\\/www.umbrialeft.org\\\/#\\\/schema\\\/person\\\/556bd3a44a8a07e2070b7a419cdc18ac\",\"name\":\"Nicola81\",\"image\":{\"@type\":\"ImageObject\",\"inLanguage\":\"it-IT\",\"@id\":\"https:\\\/\\\/secure.gravatar.com\\\/avatar\\\/0cc11ef7d37e4c3709d5db9269d6d2d459b71fe080f18f30593534d61156d537?s=96&d=mm&r=g\",\"url\":\"https:\\\/\\\/secure.gravatar.com\\\/avatar\\\/0cc11ef7d37e4c3709d5db9269d6d2d459b71fe080f18f30593534d61156d537?s=96&d=mm&r=g\",\"contentUrl\":\"https:\\\/\\\/secure.gravatar.com\\\/avatar\\\/0cc11ef7d37e4c3709d5db9269d6d2d459b71fe080f18f30593534d61156d537?s=96&d=mm&r=g\",\"caption\":\"Nicola81\"},\"url\":\"https:\\\/\\\/www.umbrialeft.org\\\/index.php\\\/author\\\/nicola81\\\/\"}]}<\/script>\n<!-- \/ Yoast SEO plugin. -->","yoast_head_json":{"title":"Festival delle Nazioni: il viaggio musicale prosegue nei borghi dell\u2019Altotevere umbro-toscano - UmbriaLeft","robots":{"index":"index","follow":"follow","max-snippet":"max-snippet:-1","max-image-preview":"max-image-preview:large","max-video-preview":"max-video-preview:-1"},"canonical":"https:\/\/www.umbrialeft.org\/index.php\/2026\/08\/31\/festival-delle-nazioni-il-viaggio-musicale-prosegue-nei-borghi-dellaltotevere-umbro-toscano\/","og_locale":"it_IT","og_type":"article","og_title":"Festival delle Nazioni: il viaggio musicale prosegue nei borghi dell\u2019Altotevere umbro-toscano - UmbriaLeft","og_description":"Il primo settembre a Citt\u00e0 di Castello \u2018Kurt Weill: alla ricerca di Youkali (duo Della Mora &#8211; Miani) e a Citerna \u2018La suite in tutte le sue forme\u2019 (Luigi Piovano); il 2 a Sansepolcro \u2018La rivalutazione della tristezza\u2019 (Elio); il 3 a Lisciano Niccone il Rapsodia Saxophone quartet e a San Giustino il Trio Chimera;","og_url":"https:\/\/www.umbrialeft.org\/index.php\/2026\/08\/31\/festival-delle-nazioni-il-viaggio-musicale-prosegue-nei-borghi-dellaltotevere-umbro-toscano\/","og_site_name":"UmbriaLeft","article_publisher":"https:\/\/www.facebook.com\/UmbriaLeft2004","article_published_time":"2026-08-31T10:37:27+00:00","article_modified_time":"2026-08-31T10:37:28+00:00","og_image":[{"width":2560,"height":1707,"url":"https:\/\/www.umbrialeft.org\/wp-content\/uploads\/2026\/08\/Elio\u00a9Laila-Pozzo07_A5A8677-scaled.jpg","type":"image\/jpeg"}],"author":"Nicola81","twitter_card":"summary_large_image","twitter_misc":{"Scritto da":"Nicola81","Tempo di lettura stimato":"7 minuti"},"schema":{"@context":"https:\/\/schema.org","@graph":[{"@type":"Article","@id":"https:\/\/www.umbrialeft.org\/index.php\/2026\/08\/31\/festival-delle-nazioni-il-viaggio-musicale-prosegue-nei-borghi-dellaltotevere-umbro-toscano\/#article","isPartOf":{"@id":"https:\/\/www.umbrialeft.org\/index.php\/2026\/08\/31\/festival-delle-nazioni-il-viaggio-musicale-prosegue-nei-borghi-dellaltotevere-umbro-toscano\/"},"author":{"name":"Nicola81","@id":"https:\/\/www.umbrialeft.org\/#\/schema\/person\/556bd3a44a8a07e2070b7a419cdc18ac"},"headline":"Festival delle Nazioni: il viaggio musicale prosegue nei borghi dell\u2019Altotevere umbro-toscano","datePublished":"2026-08-31T10:37:27+00:00","dateModified":"2026-08-31T10:37:28+00:00","mainEntityOfPage":{"@id":"https:\/\/www.umbrialeft.org\/index.php\/2026\/08\/31\/festival-delle-nazioni-il-viaggio-musicale-prosegue-nei-borghi-dellaltotevere-umbro-toscano\/"},"wordCount":1166,"publisher":{"@id":"https:\/\/www.umbrialeft.org\/#organization"},"image":{"@id":"https:\/\/www.umbrialeft.org\/index.php\/2026\/08\/31\/festival-delle-nazioni-il-viaggio-musicale-prosegue-nei-borghi-dellaltotevere-umbro-toscano\/#primaryimage"},"thumbnailUrl":"https:\/\/www.umbrialeft.org\/wp-content\/uploads\/2026\/08\/Elio\u00a9Laila-Pozzo07_A5A8677-scaled.jpg","articleSection":["Eventi"],"inLanguage":"it-IT"},{"@type":"WebPage","@id":"https:\/\/www.umbrialeft.org\/index.php\/2026\/08\/31\/festival-delle-nazioni-il-viaggio-musicale-prosegue-nei-borghi-dellaltotevere-umbro-toscano\/","url":"https:\/\/www.umbrialeft.org\/index.php\/2026\/08\/31\/festival-delle-nazioni-il-viaggio-musicale-prosegue-nei-borghi-dellaltotevere-umbro-toscano\/","name":"Festival delle Nazioni: il viaggio musicale prosegue nei borghi dell\u2019Altotevere umbro-toscano - UmbriaLeft","isPartOf":{"@id":"https:\/\/www.umbrialeft.org\/#website"},"primaryImageOfPage":{"@id":"https:\/\/www.umbrialeft.org\/index.php\/2026\/08\/31\/festival-delle-nazioni-il-viaggio-musicale-prosegue-nei-borghi-dellaltotevere-umbro-toscano\/#primaryimage"},"image":{"@id":"https:\/\/www.umbrialeft.org\/index.php\/2026\/08\/31\/festival-delle-nazioni-il-viaggio-musicale-prosegue-nei-borghi-dellaltotevere-umbro-toscano\/#primaryimage"},"thumbnailUrl":"https:\/\/www.umbrialeft.org\/wp-content\/uploads\/2026\/08\/Elio\u00a9Laila-Pozzo07_A5A8677-scaled.jpg","datePublished":"2026-08-31T10:37:27+00:00","dateModified":"2026-08-31T10:37:28+00:00","breadcrumb":{"@id":"https:\/\/www.umbrialeft.org\/index.php\/2026\/08\/31\/festival-delle-nazioni-il-viaggio-musicale-prosegue-nei-borghi-dellaltotevere-umbro-toscano\/#breadcrumb"},"inLanguage":"it-IT","potentialAction":[{"@type":"ReadAction","target":["https:\/\/www.umbrialeft.org\/index.php\/2026\/08\/31\/festival-delle-nazioni-il-viaggio-musicale-prosegue-nei-borghi-dellaltotevere-umbro-toscano\/"]}]},{"@type":"ImageObject","inLanguage":"it-IT","@id":"https:\/\/www.umbrialeft.org\/index.php\/2026\/08\/31\/festival-delle-nazioni-il-viaggio-musicale-prosegue-nei-borghi-dellaltotevere-umbro-toscano\/#primaryimage","url":"https:\/\/www.umbrialeft.org\/wp-content\/uploads\/2026\/08\/Elio\u00a9Laila-Pozzo07_A5A8677-scaled.jpg","contentUrl":"https:\/\/www.umbrialeft.org\/wp-content\/uploads\/2026\/08\/Elio\u00a9Laila-Pozzo07_A5A8677-scaled.jpg","width":2560,"height":1707},{"@type":"BreadcrumbList","@id":"https:\/\/www.umbrialeft.org\/index.php\/2026\/08\/31\/festival-delle-nazioni-il-viaggio-musicale-prosegue-nei-borghi-dellaltotevere-umbro-toscano\/#breadcrumb","itemListElement":[{"@type":"ListItem","position":1,"name":"Home","item":"https:\/\/www.umbrialeft.org\/"},{"@type":"ListItem","position":2,"name":"Festival delle Nazioni: il viaggio musicale prosegue nei borghi dell\u2019Altotevere umbro-toscano"}]},{"@type":"WebSite","@id":"https:\/\/www.umbrialeft.org\/#website","url":"https:\/\/www.umbrialeft.org\/","name":"UmbriaLeft","description":"","publisher":{"@id":"https:\/\/www.umbrialeft.org\/#organization"},"potentialAction":[{"@type":"SearchAction","target":{"@type":"EntryPoint","urlTemplate":"https:\/\/www.umbrialeft.org\/?s={search_term_string}"},"query-input":{"@type":"PropertyValueSpecification","valueRequired":true,"valueName":"search_term_string"}}],"inLanguage":"it-IT"},{"@type":"Organization","@id":"https:\/\/www.umbrialeft.org\/#organization","name":"UmbriaLeft","url":"https:\/\/www.umbrialeft.org\/","logo":{"@type":"ImageObject","inLanguage":"it-IT","@id":"https:\/\/www.umbrialeft.org\/#\/schema\/logo\/image\/","url":"https:\/\/www.umbrialeft.org\/wp-content\/uploads\/2025\/03\/community_logo-1.png","contentUrl":"https:\/\/www.umbrialeft.org\/wp-content\/uploads\/2025\/03\/community_logo-1.png","width":517,"height":85,"caption":"UmbriaLeft"},"image":{"@id":"https:\/\/www.umbrialeft.org\/#\/schema\/logo\/image\/"},"sameAs":["https:\/\/www.facebook.com\/UmbriaLeft2004"]},{"@type":"Person","@id":"https:\/\/www.umbrialeft.org\/#\/schema\/person\/556bd3a44a8a07e2070b7a419cdc18ac","name":"Nicola81","image":{"@type":"ImageObject","inLanguage":"it-IT","@id":"https:\/\/secure.gravatar.com\/avatar\/0cc11ef7d37e4c3709d5db9269d6d2d459b71fe080f18f30593534d61156d537?s=96&d=mm&r=g","url":"https:\/\/secure.gravatar.com\/avatar\/0cc11ef7d37e4c3709d5db9269d6d2d459b71fe080f18f30593534d61156d537?s=96&d=mm&r=g","contentUrl":"https:\/\/secure.gravatar.com\/avatar\/0cc11ef7d37e4c3709d5db9269d6d2d459b71fe080f18f30593534d61156d537?s=96&d=mm&r=g","caption":"Nicola81"},"url":"https:\/\/www.umbrialeft.org\/index.php\/author\/nicola81\/"}]}},"blog_post_layout_featured_media_urls":{"thumbnail":["https:\/\/www.umbrialeft.org\/wp-content\/uploads\/2026\/08\/Elio\u00a9Laila-Pozzo07_A5A8677-150x150.jpg",150,150,true],"full":["https:\/\/www.umbrialeft.org\/wp-content\/uploads\/2026\/08\/Elio\u00a9Laila-Pozzo07_A5A8677-scaled.jpg",2560,1707,false]},"categories_names":{"266":{"name":"Eventi","link":"https:\/\/www.umbrialeft.org\/index.php\/category\/eventi\/"}},"tags_names":[],"comments_number":"0","wpmagazine_modules_lite_featured_media_urls":{"thumbnail":["https:\/\/www.umbrialeft.org\/wp-content\/uploads\/2026\/08\/Elio\u00a9Laila-Pozzo07_A5A8677-150x150.jpg",150,150,true],"cvmm-medium":["https:\/\/www.umbrialeft.org\/wp-content\/uploads\/2026\/08\/Elio\u00a9Laila-Pozzo07_A5A8677-300x300.jpg",300,300,true],"cvmm-medium-plus":["https:\/\/www.umbrialeft.org\/wp-content\/uploads\/2026\/08\/Elio\u00a9Laila-Pozzo07_A5A8677-305x207.jpg",305,207,true],"cvmm-portrait":["https:\/\/www.umbrialeft.org\/wp-content\/uploads\/2026\/08\/Elio\u00a9Laila-Pozzo07_A5A8677-400x600.jpg",400,600,true],"cvmm-medium-square":["https:\/\/www.umbrialeft.org\/wp-content\/uploads\/2026\/08\/Elio\u00a9Laila-Pozzo07_A5A8677-600x600.jpg",600,600,true],"cvmm-large":["https:\/\/www.umbrialeft.org\/wp-content\/uploads\/2026\/08\/Elio\u00a9Laila-Pozzo07_A5A8677-1024x1024.jpg",1024,1024,true],"cvmm-small":["https:\/\/www.umbrialeft.org\/wp-content\/uploads\/2026\/08\/Elio\u00a9Laila-Pozzo07_A5A8677-130x95.jpg",130,95,true],"full":["https:\/\/www.umbrialeft.org\/wp-content\/uploads\/2026\/08\/Elio\u00a9Laila-Pozzo07_A5A8677-scaled.jpg",2560,1707,false]},"_links":{"self":[{"href":"https:\/\/www.umbrialeft.org\/index.php\/wp-json\/wp\/v2\/posts\/11868","targetHints":{"allow":["GET"]}}],"collection":[{"href":"https:\/\/www.umbrialeft.org\/index.php\/wp-json\/wp\/v2\/posts"}],"about":[{"href":"https:\/\/www.umbrialeft.org\/index.php\/wp-json\/wp\/v2\/types\/post"}],"author":[{"embeddable":true,"href":"https:\/\/www.umbrialeft.org\/index.php\/wp-json\/wp\/v2\/users\/8"}],"replies":[{"embeddable":true,"href":"https:\/\/www.umbrialeft.org\/index.php\/wp-json\/wp\/v2\/comments?post=11868"}],"version-history":[{"count":1,"href":"https:\/\/www.umbrialeft.org\/index.php\/wp-json\/wp\/v2\/posts\/11868\/revisions"}],"predecessor-version":[{"id":11870,"href":"https:\/\/www.umbrialeft.org\/index.php\/wp-json\/wp\/v2\/posts\/11868\/revisions\/11870"}],"wp:featuredmedia":[{"embeddable":true,"href":"https:\/\/www.umbrialeft.org\/index.php\/wp-json\/wp\/v2\/media\/11869"}],"wp:attachment":[{"href":"https:\/\/www.umbrialeft.org\/index.php\/wp-json\/wp\/v2\/media?parent=11868"}],"wp:term":[{"taxonomy":"category","embeddable":true,"href":"https:\/\/www.umbrialeft.org\/index.php\/wp-json\/wp\/v2\/categories?post=11868"},{"taxonomy":"post_tag","embeddable":true,"href":"https:\/\/www.umbrialeft.org\/index.php\/wp-json\/wp\/v2\/tags?post=11868"}],"curies":[{"name":"wp","href":"https:\/\/api.w.org\/{rel}","templated":true}]}}