{"id":11871,"date":"2026-08-31T13:02:24","date_gmt":"2026-08-31T11:02:24","guid":{"rendered":"https:\/\/www.umbrialeft.org\/?p=11871"},"modified":"2026-08-31T13:02:24","modified_gmt":"2026-08-31T11:02:24","slug":"mantignana-in-settembre-e-nel-vivo-tra-piatti-della-tradizione-ed-eventi-collaterali","status":"publish","type":"post","link":"https:\/\/www.umbrialeft.org\/index.php\/2026\/08\/31\/mantignana-in-settembre-e-nel-vivo-tra-piatti-della-tradizione-ed-eventi-collaterali\/","title":{"rendered":"Mantignana\u00a0in settembre\u00a0\u00e8 nel vivo tra piatti della tradizione ed eventi collaterali"},"content":{"rendered":"\n<h2 class=\"wp-block-heading\"><strong><em>Fino al 6 settembre al circolo Arcs Mantignana con buon cibo e tante iniziative. In programma musica, serate danzanti, sport, teatro e occasioni per stare insieme<\/em><\/strong><\/h2>\n\n\n\n<p class=\"wp-block-paragraph\">(AVInews) \u2013 Corciano, 31 ago. \u2013 Ha preso avvio con successo la 53esima edizione di Mantignana in settembre Sagra del pollo all\u2019arrabbiata e dei prodotti tipici umbri, organizzata dall\u2019Associazione ricreativa culturale e sportiva (Arcs) Mantignana negli spazi adiacenti alla sede. Dopo il primo weekend, l\u2019iniziativa, tra le feste e sagre popolari estive pi\u00f9 longeve e apprezzate in Umbria, proseguir\u00e0 fino a domenica 6 settembre con la sua proposta culinaria legata alla tradizione e il ricco cartellone di iniziative collaterali.<\/p>\n\n\n\n<p class=\"wp-block-paragraph\">\u201cDobbiamo ringraziare tutti i volontari \u2013 ha commentato Andrea Berta, presidente del circolo Arcs Mantignana \u2013 e coloro che contribuiscono a far s\u00ec che la festa riesca, siamo arrivati a 53 edizioni, un traguardo importante. Il nostro grazie va anche a Comune di Corciano, Provincia di Perugia e Regione Umbria che ci stanno vicini e ci seguono, senza dimenticare i tanti visitatori che apprezzano la nostra proposta, speriamo quest\u2019anno di raggiungere numeri ancora pi\u00f9 importanti\u201d. \u201cSiamo molto contenti perch\u00e9 abbiamo avuto un buon inizio di questa 53esima edizione \u2013 ha aggiunto Fosco Fiandra, vicepresidente del circolo Arcs Mantignana \u2013 e le previsioni del tempo sono ottime. Abbiamo messo insieme un ricco programma, la proposta culinaria \u00e8 la stessa dello scorso anno perch\u00e9 si \u00e8 rivelato un men\u00f9 di grande successo. Il percorso che stiamo portando avanti prevede di dare spazio ai giovani nel nostro consiglio direttivo. Questo ci rende orgogliosi e dar\u00e0 continuit\u00e0 nell\u2019organizzazione di questa festa che \u00e8 una grande gioia, ma significa anche tanto impegno\u201d. Novit\u00e0 di quest\u2019anno \u00e8 l\u2019introduzione di un elimina code alla casa che consente di ridurre le file in attesa del proprio turno: le persone possono consumare un aperitivo e fare una passeggiata negli spazi del circolo aspettando che venga chiamato il proprio numero.<\/p>\n\n\n\n<p class=\"wp-block-paragraph\">Per quel che riguarda il programma, gli stand gastronomici sono aperti dalle 19.30 tutte le sere (domenica anche a pranzo) e permettono di gustare in piatti di ceramica ricette della tradizione dal sapore genuino e autentico, come il pollo all\u2019arrabbiata e la cilona (una fetta di carne di maiale impanata, fritta e ripassata in padella con la passata di pomodoro), ma anche grigliate di carne, tagliolini al tartufo, zuppa di ceci, porcini e maltagliati, torta al testo ed erba.<\/p>\n\n\n\n<p class=\"wp-block-paragraph\">A fare da contorno musica e serate danzanti, spettacoli e sport, giochi popolari e gare di briscola. Due le mostre che sono state allestite nella sala superiore del circolo Arcs: \u2018Metamorfosi\u2019, personale della pittrice Giuliana Capocchia, e di modellismo statico e dinamico. Ci sono poi le serate danzanti con orchestra dalle 21.30, marted\u00ec primo settembre Manuel Malanotte e mercoled\u00ec 2 Matteo Tassi, mentre la musica per i pi\u00f9 giovani \u00e8 a cura del Katooba pub sempre dalle 21.30: gioved\u00ec 3 settembre concerto della Diana band; venerd\u00ec 4 Blasco band; sabato 5 Pixel con un live party band; domenica 6 La macchina del tempo. Sabato 5 settembre alle 17.30 torna lo sport con la Giornata del piccolo atleta, organizzata dall\u2019Us Mantignana Montemalbe, a cui possono partecipare i ragazzi per conoscere le varie discipline sportive. In quest\u2019occasione, a intrattenere i bambini sar\u00e0 anche lo spettacolo di animazione di Magic Andrea, alle 18. Inoltre, \u00e8 allestito il mercatino dell\u2019Usato Car boot sale Umbria, aperto dalle 17 fino a tarda sera. Domenica 6 si chiude Mantignana in settembre con lo sport e la gara di enduro (ore 8) e mini enduro (alle 17, per bambini) del Circuito Umbria Summer Round.<\/p>\n","protected":false},"excerpt":{"rendered":"<p>Fino al 6 settembre al circolo Arcs Mantignana con buon cibo e tante iniziative. In programma musica, serate danzanti, sport, teatro e occasioni per stare insieme (AVInews) \u2013 Corciano, 31 ago. \u2013 Ha preso avvio con successo la 53esima edizione di Mantignana in settembre Sagra del pollo all\u2019arrabbiata e dei prodotti tipici umbri, organizzata dall\u2019Associazione<\/p>\n","protected":false},"author":8,"featured_media":11872,"comment_status":"closed","ping_status":"closed","sticky":false,"template":"","format":"standard","meta":{"footnotes":""},"categories":[266],"tags":[],"class_list":["post-11871","post","type-post","status-publish","format-standard","has-post-thumbnail","hentry","category-eventi"],"yoast_head":"<!-- This site is optimized with the Yoast SEO plugin v28.4 - https:\/\/yoast.com\/product\/yoast-seo-wordpress\/ -->\n<title>Mantignana\u00a0in settembre\u00a0\u00e8 nel vivo tra piatti della tradizione ed eventi collaterali - UmbriaLeft<\/title>\n<meta name=\"robots\" content=\"index, follow, max-snippet:-1, max-image-preview:large, max-video-preview:-1\" \/>\n<link rel=\"canonical\" href=\"https:\/\/www.umbrialeft.org\/index.php\/2026\/08\/31\/mantignana-in-settembre-e-nel-vivo-tra-piatti-della-tradizione-ed-eventi-collaterali\/\" \/>\n<meta property=\"og:locale\" content=\"it_IT\" \/>\n<meta property=\"og:type\" content=\"article\" \/>\n<meta property=\"og:title\" content=\"Mantignana\u00a0in settembre\u00a0\u00e8 nel vivo tra piatti della tradizione ed eventi collaterali - UmbriaLeft\" \/>\n<meta property=\"og:description\" content=\"Fino al 6 settembre al circolo Arcs Mantignana con buon cibo e tante iniziative. In programma musica, serate danzanti, sport, teatro e occasioni per stare insieme (AVInews) \u2013 Corciano, 31 ago. \u2013 Ha preso avvio con successo la 53esima edizione di Mantignana in settembre Sagra del pollo all\u2019arrabbiata e dei prodotti tipici umbri, organizzata dall\u2019Associazione\" \/>\n<meta property=\"og:url\" content=\"https:\/\/www.umbrialeft.org\/index.php\/2026\/08\/31\/mantignana-in-settembre-e-nel-vivo-tra-piatti-della-tradizione-ed-eventi-collaterali\/\" \/>\n<meta property=\"og:site_name\" content=\"UmbriaLeft\" \/>\n<meta property=\"article:publisher\" content=\"https:\/\/www.facebook.com\/UmbriaLeft2004\" \/>\n<meta property=\"article:published_time\" content=\"2026-08-31T11:02:24+00:00\" \/>\n<meta property=\"og:image\" content=\"https:\/\/www.umbrialeft.org\/wp-content\/uploads\/2026\/08\/Mantignana-in-settembre-4.jpeg\" \/>\n\t<meta property=\"og:image:width\" content=\"1600\" \/>\n\t<meta property=\"og:image:height\" content=\"900\" \/>\n\t<meta property=\"og:image:type\" content=\"image\/jpeg\" \/>\n<meta name=\"author\" content=\"Nicola81\" \/>\n<meta name=\"twitter:card\" content=\"summary_large_image\" \/>\n<meta name=\"twitter:label1\" content=\"Scritto da\" \/>\n\t<meta name=\"twitter:data1\" content=\"Nicola81\" \/>\n\t<meta name=\"twitter:label2\" content=\"Tempo di lettura stimato\" \/>\n\t<meta name=\"twitter:data2\" content=\"4 minuti\" \/>\n<script type=\"application\/ld+json\" class=\"yoast-schema-graph\">{\"@context\":\"https:\\\/\\\/schema.org\",\"@graph\":[{\"@type\":\"Article\",\"@id\":\"https:\\\/\\\/www.umbrialeft.org\\\/index.php\\\/2026\\\/08\\\/31\\\/mantignana-in-settembre-e-nel-vivo-tra-piatti-della-tradizione-ed-eventi-collaterali\\\/#article\",\"isPartOf\":{\"@id\":\"https:\\\/\\\/www.umbrialeft.org\\\/index.php\\\/2026\\\/08\\\/31\\\/mantignana-in-settembre-e-nel-vivo-tra-piatti-della-tradizione-ed-eventi-collaterali\\\/\"},\"author\":{\"name\":\"Nicola81\",\"@id\":\"https:\\\/\\\/www.umbrialeft.org\\\/#\\\/schema\\\/person\\\/556bd3a44a8a07e2070b7a419cdc18ac\"},\"headline\":\"Mantignana\u00a0in settembre\u00a0\u00e8 nel vivo tra piatti della tradizione ed eventi collaterali\",\"datePublished\":\"2026-08-31T11:02:24+00:00\",\"mainEntityOfPage\":{\"@id\":\"https:\\\/\\\/www.umbrialeft.org\\\/index.php\\\/2026\\\/08\\\/31\\\/mantignana-in-settembre-e-nel-vivo-tra-piatti-della-tradizione-ed-eventi-collaterali\\\/\"},\"wordCount\":582,\"publisher\":{\"@id\":\"https:\\\/\\\/www.umbrialeft.org\\\/#organization\"},\"image\":{\"@id\":\"https:\\\/\\\/www.umbrialeft.org\\\/index.php\\\/2026\\\/08\\\/31\\\/mantignana-in-settembre-e-nel-vivo-tra-piatti-della-tradizione-ed-eventi-collaterali\\\/#primaryimage\"},\"thumbnailUrl\":\"https:\\\/\\\/www.umbrialeft.org\\\/wp-content\\\/uploads\\\/2026\\\/08\\\/Mantignana-in-settembre-4.jpeg\",\"articleSection\":[\"Eventi\"],\"inLanguage\":\"it-IT\"},{\"@type\":\"WebPage\",\"@id\":\"https:\\\/\\\/www.umbrialeft.org\\\/index.php\\\/2026\\\/08\\\/31\\\/mantignana-in-settembre-e-nel-vivo-tra-piatti-della-tradizione-ed-eventi-collaterali\\\/\",\"url\":\"https:\\\/\\\/www.umbrialeft.org\\\/index.php\\\/2026\\\/08\\\/31\\\/mantignana-in-settembre-e-nel-vivo-tra-piatti-della-tradizione-ed-eventi-collaterali\\\/\",\"name\":\"Mantignana\u00a0in settembre\u00a0\u00e8 nel vivo tra piatti della tradizione ed eventi collaterali - UmbriaLeft\",\"isPartOf\":{\"@id\":\"https:\\\/\\\/www.umbrialeft.org\\\/#website\"},\"primaryImageOfPage\":{\"@id\":\"https:\\\/\\\/www.umbrialeft.org\\\/index.php\\\/2026\\\/08\\\/31\\\/mantignana-in-settembre-e-nel-vivo-tra-piatti-della-tradizione-ed-eventi-collaterali\\\/#primaryimage\"},\"image\":{\"@id\":\"https:\\\/\\\/www.umbrialeft.org\\\/index.php\\\/2026\\\/08\\\/31\\\/mantignana-in-settembre-e-nel-vivo-tra-piatti-della-tradizione-ed-eventi-collaterali\\\/#primaryimage\"},\"thumbnailUrl\":\"https:\\\/\\\/www.umbrialeft.org\\\/wp-content\\\/uploads\\\/2026\\\/08\\\/Mantignana-in-settembre-4.jpeg\",\"datePublished\":\"2026-08-31T11:02:24+00:00\",\"breadcrumb\":{\"@id\":\"https:\\\/\\\/www.umbrialeft.org\\\/index.php\\\/2026\\\/08\\\/31\\\/mantignana-in-settembre-e-nel-vivo-tra-piatti-della-tradizione-ed-eventi-collaterali\\\/#breadcrumb\"},\"inLanguage\":\"it-IT\",\"potentialAction\":[{\"@type\":\"ReadAction\",\"target\":[\"https:\\\/\\\/www.umbrialeft.org\\\/index.php\\\/2026\\\/08\\\/31\\\/mantignana-in-settembre-e-nel-vivo-tra-piatti-della-tradizione-ed-eventi-collaterali\\\/\"]}]},{\"@type\":\"ImageObject\",\"inLanguage\":\"it-IT\",\"@id\":\"https:\\\/\\\/www.umbrialeft.org\\\/index.php\\\/2026\\\/08\\\/31\\\/mantignana-in-settembre-e-nel-vivo-tra-piatti-della-tradizione-ed-eventi-collaterali\\\/#primaryimage\",\"url\":\"https:\\\/\\\/www.umbrialeft.org\\\/wp-content\\\/uploads\\\/2026\\\/08\\\/Mantignana-in-settembre-4.jpeg\",\"contentUrl\":\"https:\\\/\\\/www.umbrialeft.org\\\/wp-content\\\/uploads\\\/2026\\\/08\\\/Mantignana-in-settembre-4.jpeg\",\"width\":1600,\"height\":900},{\"@type\":\"BreadcrumbList\",\"@id\":\"https:\\\/\\\/www.umbrialeft.org\\\/index.php\\\/2026\\\/08\\\/31\\\/mantignana-in-settembre-e-nel-vivo-tra-piatti-della-tradizione-ed-eventi-collaterali\\\/#breadcrumb\",\"itemListElement\":[{\"@type\":\"ListItem\",\"position\":1,\"name\":\"Home\",\"item\":\"https:\\\/\\\/www.umbrialeft.org\\\/\"},{\"@type\":\"ListItem\",\"position\":2,\"name\":\"Mantignana\u00a0in settembre\u00a0\u00e8 nel vivo tra piatti della tradizione ed eventi collaterali\"}]},{\"@type\":\"WebSite\",\"@id\":\"https:\\\/\\\/www.umbrialeft.org\\\/#website\",\"url\":\"https:\\\/\\\/www.umbrialeft.org\\\/\",\"name\":\"UmbriaLeft\",\"description\":\"\",\"publisher\":{\"@id\":\"https:\\\/\\\/www.umbrialeft.org\\\/#organization\"},\"potentialAction\":[{\"@type\":\"SearchAction\",\"target\":{\"@type\":\"EntryPoint\",\"urlTemplate\":\"https:\\\/\\\/www.umbrialeft.org\\\/?s={search_term_string}\"},\"query-input\":{\"@type\":\"PropertyValueSpecification\",\"valueRequired\":true,\"valueName\":\"search_term_string\"}}],\"inLanguage\":\"it-IT\"},{\"@type\":\"Organization\",\"@id\":\"https:\\\/\\\/www.umbrialeft.org\\\/#organization\",\"name\":\"UmbriaLeft\",\"url\":\"https:\\\/\\\/www.umbrialeft.org\\\/\",\"logo\":{\"@type\":\"ImageObject\",\"inLanguage\":\"it-IT\",\"@id\":\"https:\\\/\\\/www.umbrialeft.org\\\/#\\\/schema\\\/logo\\\/image\\\/\",\"url\":\"https:\\\/\\\/www.umbrialeft.org\\\/wp-content\\\/uploads\\\/2025\\\/03\\\/community_logo-1.png\",\"contentUrl\":\"https:\\\/\\\/www.umbrialeft.org\\\/wp-content\\\/uploads\\\/2025\\\/03\\\/community_logo-1.png\",\"width\":517,\"height\":85,\"caption\":\"UmbriaLeft\"},\"image\":{\"@id\":\"https:\\\/\\\/www.umbrialeft.org\\\/#\\\/schema\\\/logo\\\/image\\\/\"},\"sameAs\":[\"https:\\\/\\\/www.facebook.com\\\/UmbriaLeft2004\"]},{\"@type\":\"Person\",\"@id\":\"https:\\\/\\\/www.umbrialeft.org\\\/#\\\/schema\\\/person\\\/556bd3a44a8a07e2070b7a419cdc18ac\",\"name\":\"Nicola81\",\"image\":{\"@type\":\"ImageObject\",\"inLanguage\":\"it-IT\",\"@id\":\"https:\\\/\\\/secure.gravatar.com\\\/avatar\\\/0cc11ef7d37e4c3709d5db9269d6d2d459b71fe080f18f30593534d61156d537?s=96&d=mm&r=g\",\"url\":\"https:\\\/\\\/secure.gravatar.com\\\/avatar\\\/0cc11ef7d37e4c3709d5db9269d6d2d459b71fe080f18f30593534d61156d537?s=96&d=mm&r=g\",\"contentUrl\":\"https:\\\/\\\/secure.gravatar.com\\\/avatar\\\/0cc11ef7d37e4c3709d5db9269d6d2d459b71fe080f18f30593534d61156d537?s=96&d=mm&r=g\",\"caption\":\"Nicola81\"},\"url\":\"https:\\\/\\\/www.umbrialeft.org\\\/index.php\\\/author\\\/nicola81\\\/\"}]}<\/script>\n<!-- \/ Yoast SEO plugin. -->","yoast_head_json":{"title":"Mantignana\u00a0in settembre\u00a0\u00e8 nel vivo tra piatti della tradizione ed eventi collaterali - UmbriaLeft","robots":{"index":"index","follow":"follow","max-snippet":"max-snippet:-1","max-image-preview":"max-image-preview:large","max-video-preview":"max-video-preview:-1"},"canonical":"https:\/\/www.umbrialeft.org\/index.php\/2026\/08\/31\/mantignana-in-settembre-e-nel-vivo-tra-piatti-della-tradizione-ed-eventi-collaterali\/","og_locale":"it_IT","og_type":"article","og_title":"Mantignana\u00a0in settembre\u00a0\u00e8 nel vivo tra piatti della tradizione ed eventi collaterali - UmbriaLeft","og_description":"Fino al 6 settembre al circolo Arcs Mantignana con buon cibo e tante iniziative. In programma musica, serate danzanti, sport, teatro e occasioni per stare insieme (AVInews) \u2013 Corciano, 31 ago. \u2013 Ha preso avvio con successo la 53esima edizione di Mantignana in settembre Sagra del pollo all\u2019arrabbiata e dei prodotti tipici umbri, organizzata dall\u2019Associazione","og_url":"https:\/\/www.umbrialeft.org\/index.php\/2026\/08\/31\/mantignana-in-settembre-e-nel-vivo-tra-piatti-della-tradizione-ed-eventi-collaterali\/","og_site_name":"UmbriaLeft","article_publisher":"https:\/\/www.facebook.com\/UmbriaLeft2004","article_published_time":"2026-08-31T11:02:24+00:00","og_image":[{"width":1600,"height":900,"url":"https:\/\/www.umbrialeft.org\/wp-content\/uploads\/2026\/08\/Mantignana-in-settembre-4.jpeg","type":"image\/jpeg"}],"author":"Nicola81","twitter_card":"summary_large_image","twitter_misc":{"Scritto da":"Nicola81","Tempo di lettura stimato":"4 minuti"},"schema":{"@context":"https:\/\/schema.org","@graph":[{"@type":"Article","@id":"https:\/\/www.umbrialeft.org\/index.php\/2026\/08\/31\/mantignana-in-settembre-e-nel-vivo-tra-piatti-della-tradizione-ed-eventi-collaterali\/#article","isPartOf":{"@id":"https:\/\/www.umbrialeft.org\/index.php\/2026\/08\/31\/mantignana-in-settembre-e-nel-vivo-tra-piatti-della-tradizione-ed-eventi-collaterali\/"},"author":{"name":"Nicola81","@id":"https:\/\/www.umbrialeft.org\/#\/schema\/person\/556bd3a44a8a07e2070b7a419cdc18ac"},"headline":"Mantignana\u00a0in settembre\u00a0\u00e8 nel vivo tra piatti della tradizione ed eventi collaterali","datePublished":"2026-08-31T11:02:24+00:00","mainEntityOfPage":{"@id":"https:\/\/www.umbrialeft.org\/index.php\/2026\/08\/31\/mantignana-in-settembre-e-nel-vivo-tra-piatti-della-tradizione-ed-eventi-collaterali\/"},"wordCount":582,"publisher":{"@id":"https:\/\/www.umbrialeft.org\/#organization"},"image":{"@id":"https:\/\/www.umbrialeft.org\/index.php\/2026\/08\/31\/mantignana-in-settembre-e-nel-vivo-tra-piatti-della-tradizione-ed-eventi-collaterali\/#primaryimage"},"thumbnailUrl":"https:\/\/www.umbrialeft.org\/wp-content\/uploads\/2026\/08\/Mantignana-in-settembre-4.jpeg","articleSection":["Eventi"],"inLanguage":"it-IT"},{"@type":"WebPage","@id":"https:\/\/www.umbrialeft.org\/index.php\/2026\/08\/31\/mantignana-in-settembre-e-nel-vivo-tra-piatti-della-tradizione-ed-eventi-collaterali\/","url":"https:\/\/www.umbrialeft.org\/index.php\/2026\/08\/31\/mantignana-in-settembre-e-nel-vivo-tra-piatti-della-tradizione-ed-eventi-collaterali\/","name":"Mantignana\u00a0in settembre\u00a0\u00e8 nel vivo tra piatti della tradizione ed eventi collaterali - UmbriaLeft","isPartOf":{"@id":"https:\/\/www.umbrialeft.org\/#website"},"primaryImageOfPage":{"@id":"https:\/\/www.umbrialeft.org\/index.php\/2026\/08\/31\/mantignana-in-settembre-e-nel-vivo-tra-piatti-della-tradizione-ed-eventi-collaterali\/#primaryimage"},"image":{"@id":"https:\/\/www.umbrialeft.org\/index.php\/2026\/08\/31\/mantignana-in-settembre-e-nel-vivo-tra-piatti-della-tradizione-ed-eventi-collaterali\/#primaryimage"},"thumbnailUrl":"https:\/\/www.umbrialeft.org\/wp-content\/uploads\/2026\/08\/Mantignana-in-settembre-4.jpeg","datePublished":"2026-08-31T11:02:24+00:00","breadcrumb":{"@id":"https:\/\/www.umbrialeft.org\/index.php\/2026\/08\/31\/mantignana-in-settembre-e-nel-vivo-tra-piatti-della-tradizione-ed-eventi-collaterali\/#breadcrumb"},"inLanguage":"it-IT","potentialAction":[{"@type":"ReadAction","target":["https:\/\/www.umbrialeft.org\/index.php\/2026\/08\/31\/mantignana-in-settembre-e-nel-vivo-tra-piatti-della-tradizione-ed-eventi-collaterali\/"]}]},{"@type":"ImageObject","inLanguage":"it-IT","@id":"https:\/\/www.umbrialeft.org\/index.php\/2026\/08\/31\/mantignana-in-settembre-e-nel-vivo-tra-piatti-della-tradizione-ed-eventi-collaterali\/#primaryimage","url":"https:\/\/www.umbrialeft.org\/wp-content\/uploads\/2026\/08\/Mantignana-in-settembre-4.jpeg","contentUrl":"https:\/\/www.umbrialeft.org\/wp-content\/uploads\/2026\/08\/Mantignana-in-settembre-4.jpeg","width":1600,"height":900},{"@type":"BreadcrumbList","@id":"https:\/\/www.umbrialeft.org\/index.php\/2026\/08\/31\/mantignana-in-settembre-e-nel-vivo-tra-piatti-della-tradizione-ed-eventi-collaterali\/#breadcrumb","itemListElement":[{"@type":"ListItem","position":1,"name":"Home","item":"https:\/\/www.umbrialeft.org\/"},{"@type":"ListItem","position":2,"name":"Mantignana\u00a0in settembre\u00a0\u00e8 nel vivo tra piatti della tradizione ed eventi collaterali"}]},{"@type":"WebSite","@id":"https:\/\/www.umbrialeft.org\/#website","url":"https:\/\/www.umbrialeft.org\/","name":"UmbriaLeft","description":"","publisher":{"@id":"https:\/\/www.umbrialeft.org\/#organization"},"potentialAction":[{"@type":"SearchAction","target":{"@type":"EntryPoint","urlTemplate":"https:\/\/www.umbrialeft.org\/?s={search_term_string}"},"query-input":{"@type":"PropertyValueSpecification","valueRequired":true,"valueName":"search_term_string"}}],"inLanguage":"it-IT"},{"@type":"Organization","@id":"https:\/\/www.umbrialeft.org\/#organization","name":"UmbriaLeft","url":"https:\/\/www.umbrialeft.org\/","logo":{"@type":"ImageObject","inLanguage":"it-IT","@id":"https:\/\/www.umbrialeft.org\/#\/schema\/logo\/image\/","url":"https:\/\/www.umbrialeft.org\/wp-content\/uploads\/2025\/03\/community_logo-1.png","contentUrl":"https:\/\/www.umbrialeft.org\/wp-content\/uploads\/2025\/03\/community_logo-1.png","width":517,"height":85,"caption":"UmbriaLeft"},"image":{"@id":"https:\/\/www.umbrialeft.org\/#\/schema\/logo\/image\/"},"sameAs":["https:\/\/www.facebook.com\/UmbriaLeft2004"]},{"@type":"Person","@id":"https:\/\/www.umbrialeft.org\/#\/schema\/person\/556bd3a44a8a07e2070b7a419cdc18ac","name":"Nicola81","image":{"@type":"ImageObject","inLanguage":"it-IT","@id":"https:\/\/secure.gravatar.com\/avatar\/0cc11ef7d37e4c3709d5db9269d6d2d459b71fe080f18f30593534d61156d537?s=96&d=mm&r=g","url":"https:\/\/secure.gravatar.com\/avatar\/0cc11ef7d37e4c3709d5db9269d6d2d459b71fe080f18f30593534d61156d537?s=96&d=mm&r=g","contentUrl":"https:\/\/secure.gravatar.com\/avatar\/0cc11ef7d37e4c3709d5db9269d6d2d459b71fe080f18f30593534d61156d537?s=96&d=mm&r=g","caption":"Nicola81"},"url":"https:\/\/www.umbrialeft.org\/index.php\/author\/nicola81\/"}]}},"blog_post_layout_featured_media_urls":{"thumbnail":["https:\/\/www.umbrialeft.org\/wp-content\/uploads\/2026\/08\/Mantignana-in-settembre-4-150x150.jpeg",150,150,true],"full":["https:\/\/www.umbrialeft.org\/wp-content\/uploads\/2026\/08\/Mantignana-in-settembre-4.jpeg",1600,900,false]},"categories_names":{"266":{"name":"Eventi","link":"https:\/\/www.umbrialeft.org\/index.php\/category\/eventi\/"}},"tags_names":[],"comments_number":"0","wpmagazine_modules_lite_featured_media_urls":{"thumbnail":["https:\/\/www.umbrialeft.org\/wp-content\/uploads\/2026\/08\/Mantignana-in-settembre-4-150x150.jpeg",150,150,true],"cvmm-medium":["https:\/\/www.umbrialeft.org\/wp-content\/uploads\/2026\/08\/Mantignana-in-settembre-4-300x300.jpeg",300,300,true],"cvmm-medium-plus":["https:\/\/www.umbrialeft.org\/wp-content\/uploads\/2026\/08\/Mantignana-in-settembre-4-305x207.jpeg",305,207,true],"cvmm-portrait":["https:\/\/www.umbrialeft.org\/wp-content\/uploads\/2026\/08\/Mantignana-in-settembre-4-400x600.jpeg",400,600,true],"cvmm-medium-square":["https:\/\/www.umbrialeft.org\/wp-content\/uploads\/2026\/08\/Mantignana-in-settembre-4-600x600.jpeg",600,600,true],"cvmm-large":["https:\/\/www.umbrialeft.org\/wp-content\/uploads\/2026\/08\/Mantignana-in-settembre-4-1024x900.jpeg",1024,900,true],"cvmm-small":["https:\/\/www.umbrialeft.org\/wp-content\/uploads\/2026\/08\/Mantignana-in-settembre-4-130x95.jpeg",130,95,true],"full":["https:\/\/www.umbrialeft.org\/wp-content\/uploads\/2026\/08\/Mantignana-in-settembre-4.jpeg",1600,900,false]},"_links":{"self":[{"href":"https:\/\/www.umbrialeft.org\/index.php\/wp-json\/wp\/v2\/posts\/11871","targetHints":{"allow":["GET"]}}],"collection":[{"href":"https:\/\/www.umbrialeft.org\/index.php\/wp-json\/wp\/v2\/posts"}],"about":[{"href":"https:\/\/www.umbrialeft.org\/index.php\/wp-json\/wp\/v2\/types\/post"}],"author":[{"embeddable":true,"href":"https:\/\/www.umbrialeft.org\/index.php\/wp-json\/wp\/v2\/users\/8"}],"replies":[{"embeddable":true,"href":"https:\/\/www.umbrialeft.org\/index.php\/wp-json\/wp\/v2\/comments?post=11871"}],"version-history":[{"count":1,"href":"https:\/\/www.umbrialeft.org\/index.php\/wp-json\/wp\/v2\/posts\/11871\/revisions"}],"predecessor-version":[{"id":11873,"href":"https:\/\/www.umbrialeft.org\/index.php\/wp-json\/wp\/v2\/posts\/11871\/revisions\/11873"}],"wp:featuredmedia":[{"embeddable":true,"href":"https:\/\/www.umbrialeft.org\/index.php\/wp-json\/wp\/v2\/media\/11872"}],"wp:attachment":[{"href":"https:\/\/www.umbrialeft.org\/index.php\/wp-json\/wp\/v2\/media?parent=11871"}],"wp:term":[{"taxonomy":"category","embeddable":true,"href":"https:\/\/www.umbrialeft.org\/index.php\/wp-json\/wp\/v2\/categories?post=11871"},{"taxonomy":"post_tag","embeddable":true,"href":"https:\/\/www.umbrialeft.org\/index.php\/wp-json\/wp\/v2\/tags?post=11871"}],"curies":[{"name":"wp","href":"https:\/\/api.w.org\/{rel}","templated":true}]}}