{"id":11878,"date":"2026-08-31T17:50:30","date_gmt":"2026-08-31T15:50:30","guid":{"rendered":"https:\/\/www.umbrialeft.org\/?p=11878"},"modified":"2026-08-31T17:50:31","modified_gmt":"2026-08-31T15:50:31","slug":"cannara-al-via-la-44a-festa-della-cipolla-novita-show-cooking-e-campagna-amica","status":"publish","type":"post","link":"https:\/\/www.umbrialeft.org\/index.php\/2026\/08\/31\/cannara-al-via-la-44a-festa-della-cipolla-novita-show-cooking-e-campagna-amica\/","title":{"rendered":"Cannara, al via la 44\u00aa Festa della cipolla: novit\u00e0 show cooking e Campagna Amica"},"content":{"rendered":"\n<h2 class=\"wp-block-heading\">I sei tradizionali stand gastronomici pronti a offrire circa 120 diversi piatti a base di cipolla &#8211;\u00a0Da marted\u00ec 1 settembre a domenica 13 con pausa luned\u00ec 7. Inaugurazione alle 19<\/h2>\n\n\n\n<p class=\"wp-block-paragraph\">(AVInews) \u2013 Cannara, 31 ago. \u2013 A Cannara si alza il sipario sula 44esima edizione della Festa della cipolla. L\u2019evento pi\u00f9 atteso dai buongustai prende il via marted\u00ec 1 settembre per concludersi domenica 13, con pausa luned\u00ec 7. L\u2019inaugurazione ufficiale della manifestazione \u00e8 prevista per le 19 in via Umberto I, alla presenza di Roberto Damaschi, presidente dell\u2019Ente Festa della cipolla, Fabrizio Gareggia, sindaco di Cannara, e Simona Meloni, assessore ad agricoltura e turismo della Regione Umbria. Ma gi\u00e0 dalle 18 il paese si animer\u00e0 con la mostra mercato e l\u2019evento Vinyl Culture in via Umberto I (in programma tutti i giorni della manifestazione), ma soprattutto con quella che \u00e8 la principale novit\u00e0 di questa edizione: gli show cooking \u2018La cipolla in piazza\u2019 con prestigiosi chef e pizzaioli, realizzato in collaborazione con Coldiretti. In particolare, il 1\u00b0 settembre a esibirsi in piazza Baldaccini alle 18.15 sar\u00e0 il pizzaiolo Pietro de Vivo, campione del mondo di pizza World Cup 2023. Lo show sar\u00e0 seguito da una degustazione di pizza alla cipolla di Cannara. Alle 19.30, quindi, il momento pi\u00f9 atteso: l\u2019apertura dei sei stand gastronomici. Al cortile antico, El cipollaro, Il giardino fiorito, Il rifugio del cacciatore, La locanda del curato e La taverna del castello sono pronti ad accogliere le migliaia di persone previste offrendo loro altrettanti men\u00f9, per un totale di 120 diversi specialit\u00e0 a base di cipolla. Ad animare la prima serata della festa saranno gli Swingle King\u2019s, in piazza San Matteo, con la loro travolgente musica e i Rollover nell\u2019area giovani dell\u2019Onion Disco Pub. Non mancher\u00e0, come ogni sera, la diretta dei 7 Cervelli da piazza Baldaccini, alle 21.30.<br>Mercoled\u00ec 2 settembre, oltre alle consuete attivit\u00e0 giornaliere e agli stand gastronomici, in serata \u00e8 previsto il concerto omaggio a Mia Martini con la voce di Lavinia Fiorani.<br>La serata successiva, gioved\u00ec 3, ospiter\u00e0 il concerto omaggio a Lucio Dalla in piazza San Matteo, con amici e collaboratori del grande cantautore: Stefano Fucili (voce e chitarra), Stefano Scartocci (pianoforte) e Giovanni Imparato (percussioni). In piazza del Terz\u2019Ordine Francescano, invece, spettacolo di giocoleria insieme a Flambetta, fire e hulahoop artist.<br>L\u2019altra novit\u00e0 della festa arriva venerd\u00ec 4 con l\u2019apertura, per la prima volta a Cannara, degli stand del mercato di Coldiretti \u2018Campagna Amica\u2019, alle 18, e la loro presenza nel centro storico per tutto il weekend (il sabato sempre dalle 18 e la domenica dalle 10.30). Oltre a questo, in prima serata da piazza San Matteo, il campione di Tali e Quali Show Daniele Quartapelle si esibir\u00e0 con tutti i pi\u00f9 grandi successi di Renato Zero. Infine, spettacolo di giocoleria con I giullari di Davide Rossi in piazza del Terz\u2019Ordine Francescano.<br>La Festa della cipolla \u00e8 finanziata dal Gal Valle Umbra e Sibillini (AS 2.1, nell\u2019ambito del CSR per l\u2019Umbria 2023-2027 \u2013 Intervento SRG 06).<\/p>\n\n\n\n<p class=\"wp-block-paragraph\">Nicola Torrini<\/p>\n","protected":false},"excerpt":{"rendered":"<p>I sei tradizionali stand gastronomici pronti a offrire circa 120 diversi piatti a base di cipolla &#8211;\u00a0Da marted\u00ec 1 settembre a domenica 13 con pausa luned\u00ec 7. Inaugurazione alle 19 (AVInews) \u2013 Cannara, 31 ago. \u2013 A Cannara si alza il sipario sula 44esima edizione della Festa della cipolla. L\u2019evento pi\u00f9 atteso dai buongustai prende<\/p>\n","protected":false},"author":8,"featured_media":11879,"comment_status":"closed","ping_status":"closed","sticky":false,"template":"","format":"standard","meta":{"footnotes":""},"categories":[266],"tags":[],"class_list":["post-11878","post","type-post","status-publish","format-standard","has-post-thumbnail","hentry","category-eventi"],"yoast_head":"<!-- This site is optimized with the Yoast SEO plugin v28.4 - https:\/\/yoast.com\/product\/yoast-seo-wordpress\/ -->\n<title>Cannara, al via la 44\u00aa Festa della cipolla: novit\u00e0 show cooking e Campagna Amica - UmbriaLeft<\/title>\n<meta name=\"robots\" content=\"index, follow, max-snippet:-1, max-image-preview:large, max-video-preview:-1\" \/>\n<link rel=\"canonical\" href=\"https:\/\/www.umbrialeft.org\/index.php\/2026\/08\/31\/cannara-al-via-la-44a-festa-della-cipolla-novita-show-cooking-e-campagna-amica\/\" \/>\n<meta property=\"og:locale\" content=\"it_IT\" \/>\n<meta property=\"og:type\" content=\"article\" \/>\n<meta property=\"og:title\" content=\"Cannara, al via la 44\u00aa Festa della cipolla: novit\u00e0 show cooking e Campagna Amica - UmbriaLeft\" \/>\n<meta property=\"og:description\" content=\"I sei tradizionali stand gastronomici pronti a offrire circa 120 diversi piatti a base di cipolla &#8211;\u00a0Da marted\u00ec 1 settembre a domenica 13 con pausa luned\u00ec 7. Inaugurazione alle 19 (AVInews) \u2013 Cannara, 31 ago. \u2013 A Cannara si alza il sipario sula 44esima edizione della Festa della cipolla. L\u2019evento pi\u00f9 atteso dai buongustai prende\" \/>\n<meta property=\"og:url\" content=\"https:\/\/www.umbrialeft.org\/index.php\/2026\/08\/31\/cannara-al-via-la-44a-festa-della-cipolla-novita-show-cooking-e-campagna-amica\/\" \/>\n<meta property=\"og:site_name\" content=\"UmbriaLeft\" \/>\n<meta property=\"article:publisher\" content=\"https:\/\/www.facebook.com\/UmbriaLeft2004\" \/>\n<meta property=\"article:published_time\" content=\"2026-08-31T15:50:30+00:00\" \/>\n<meta property=\"article:modified_time\" content=\"2026-08-31T15:50:31+00:00\" \/>\n<meta property=\"og:image\" content=\"https:\/\/www.umbrialeft.org\/wp-content\/uploads\/2026\/08\/Festa-della-cipolla-6.jpeg\" \/>\n\t<meta property=\"og:image:width\" content=\"1920\" \/>\n\t<meta property=\"og:image:height\" content=\"1080\" \/>\n\t<meta property=\"og:image:type\" content=\"image\/jpeg\" \/>\n<meta name=\"author\" content=\"Nicola81\" \/>\n<meta name=\"twitter:card\" content=\"summary_large_image\" \/>\n<meta name=\"twitter:label1\" content=\"Scritto da\" \/>\n\t<meta name=\"twitter:data1\" content=\"Nicola81\" \/>\n\t<meta name=\"twitter:label2\" content=\"Tempo di lettura stimato\" \/>\n\t<meta name=\"twitter:data2\" content=\"3 minuti\" \/>\n<script type=\"application\/ld+json\" class=\"yoast-schema-graph\">{\"@context\":\"https:\\\/\\\/schema.org\",\"@graph\":[{\"@type\":\"Article\",\"@id\":\"https:\\\/\\\/www.umbrialeft.org\\\/index.php\\\/2026\\\/08\\\/31\\\/cannara-al-via-la-44a-festa-della-cipolla-novita-show-cooking-e-campagna-amica\\\/#article\",\"isPartOf\":{\"@id\":\"https:\\\/\\\/www.umbrialeft.org\\\/index.php\\\/2026\\\/08\\\/31\\\/cannara-al-via-la-44a-festa-della-cipolla-novita-show-cooking-e-campagna-amica\\\/\"},\"author\":{\"name\":\"Nicola81\",\"@id\":\"https:\\\/\\\/www.umbrialeft.org\\\/#\\\/schema\\\/person\\\/556bd3a44a8a07e2070b7a419cdc18ac\"},\"headline\":\"Cannara, al via la 44\u00aa Festa della cipolla: novit\u00e0 show cooking e Campagna Amica\",\"datePublished\":\"2026-08-31T15:50:30+00:00\",\"dateModified\":\"2026-08-31T15:50:31+00:00\",\"mainEntityOfPage\":{\"@id\":\"https:\\\/\\\/www.umbrialeft.org\\\/index.php\\\/2026\\\/08\\\/31\\\/cannara-al-via-la-44a-festa-della-cipolla-novita-show-cooking-e-campagna-amica\\\/\"},\"wordCount\":493,\"publisher\":{\"@id\":\"https:\\\/\\\/www.umbrialeft.org\\\/#organization\"},\"image\":{\"@id\":\"https:\\\/\\\/www.umbrialeft.org\\\/index.php\\\/2026\\\/08\\\/31\\\/cannara-al-via-la-44a-festa-della-cipolla-novita-show-cooking-e-campagna-amica\\\/#primaryimage\"},\"thumbnailUrl\":\"https:\\\/\\\/www.umbrialeft.org\\\/wp-content\\\/uploads\\\/2026\\\/08\\\/Festa-della-cipolla-6.jpeg\",\"articleSection\":[\"Eventi\"],\"inLanguage\":\"it-IT\"},{\"@type\":\"WebPage\",\"@id\":\"https:\\\/\\\/www.umbrialeft.org\\\/index.php\\\/2026\\\/08\\\/31\\\/cannara-al-via-la-44a-festa-della-cipolla-novita-show-cooking-e-campagna-amica\\\/\",\"url\":\"https:\\\/\\\/www.umbrialeft.org\\\/index.php\\\/2026\\\/08\\\/31\\\/cannara-al-via-la-44a-festa-della-cipolla-novita-show-cooking-e-campagna-amica\\\/\",\"name\":\"Cannara, al via la 44\u00aa Festa della cipolla: novit\u00e0 show cooking e Campagna Amica - UmbriaLeft\",\"isPartOf\":{\"@id\":\"https:\\\/\\\/www.umbrialeft.org\\\/#website\"},\"primaryImageOfPage\":{\"@id\":\"https:\\\/\\\/www.umbrialeft.org\\\/index.php\\\/2026\\\/08\\\/31\\\/cannara-al-via-la-44a-festa-della-cipolla-novita-show-cooking-e-campagna-amica\\\/#primaryimage\"},\"image\":{\"@id\":\"https:\\\/\\\/www.umbrialeft.org\\\/index.php\\\/2026\\\/08\\\/31\\\/cannara-al-via-la-44a-festa-della-cipolla-novita-show-cooking-e-campagna-amica\\\/#primaryimage\"},\"thumbnailUrl\":\"https:\\\/\\\/www.umbrialeft.org\\\/wp-content\\\/uploads\\\/2026\\\/08\\\/Festa-della-cipolla-6.jpeg\",\"datePublished\":\"2026-08-31T15:50:30+00:00\",\"dateModified\":\"2026-08-31T15:50:31+00:00\",\"breadcrumb\":{\"@id\":\"https:\\\/\\\/www.umbrialeft.org\\\/index.php\\\/2026\\\/08\\\/31\\\/cannara-al-via-la-44a-festa-della-cipolla-novita-show-cooking-e-campagna-amica\\\/#breadcrumb\"},\"inLanguage\":\"it-IT\",\"potentialAction\":[{\"@type\":\"ReadAction\",\"target\":[\"https:\\\/\\\/www.umbrialeft.org\\\/index.php\\\/2026\\\/08\\\/31\\\/cannara-al-via-la-44a-festa-della-cipolla-novita-show-cooking-e-campagna-amica\\\/\"]}]},{\"@type\":\"ImageObject\",\"inLanguage\":\"it-IT\",\"@id\":\"https:\\\/\\\/www.umbrialeft.org\\\/index.php\\\/2026\\\/08\\\/31\\\/cannara-al-via-la-44a-festa-della-cipolla-novita-show-cooking-e-campagna-amica\\\/#primaryimage\",\"url\":\"https:\\\/\\\/www.umbrialeft.org\\\/wp-content\\\/uploads\\\/2026\\\/08\\\/Festa-della-cipolla-6.jpeg\",\"contentUrl\":\"https:\\\/\\\/www.umbrialeft.org\\\/wp-content\\\/uploads\\\/2026\\\/08\\\/Festa-della-cipolla-6.jpeg\",\"width\":1920,\"height\":1080},{\"@type\":\"BreadcrumbList\",\"@id\":\"https:\\\/\\\/www.umbrialeft.org\\\/index.php\\\/2026\\\/08\\\/31\\\/cannara-al-via-la-44a-festa-della-cipolla-novita-show-cooking-e-campagna-amica\\\/#breadcrumb\",\"itemListElement\":[{\"@type\":\"ListItem\",\"position\":1,\"name\":\"Home\",\"item\":\"https:\\\/\\\/www.umbrialeft.org\\\/\"},{\"@type\":\"ListItem\",\"position\":2,\"name\":\"Cannara, al via la 44\u00aa Festa della cipolla: novit\u00e0 show cooking e Campagna Amica\"}]},{\"@type\":\"WebSite\",\"@id\":\"https:\\\/\\\/www.umbrialeft.org\\\/#website\",\"url\":\"https:\\\/\\\/www.umbrialeft.org\\\/\",\"name\":\"UmbriaLeft\",\"description\":\"\",\"publisher\":{\"@id\":\"https:\\\/\\\/www.umbrialeft.org\\\/#organization\"},\"potentialAction\":[{\"@type\":\"SearchAction\",\"target\":{\"@type\":\"EntryPoint\",\"urlTemplate\":\"https:\\\/\\\/www.umbrialeft.org\\\/?s={search_term_string}\"},\"query-input\":{\"@type\":\"PropertyValueSpecification\",\"valueRequired\":true,\"valueName\":\"search_term_string\"}}],\"inLanguage\":\"it-IT\"},{\"@type\":\"Organization\",\"@id\":\"https:\\\/\\\/www.umbrialeft.org\\\/#organization\",\"name\":\"UmbriaLeft\",\"url\":\"https:\\\/\\\/www.umbrialeft.org\\\/\",\"logo\":{\"@type\":\"ImageObject\",\"inLanguage\":\"it-IT\",\"@id\":\"https:\\\/\\\/www.umbrialeft.org\\\/#\\\/schema\\\/logo\\\/image\\\/\",\"url\":\"https:\\\/\\\/www.umbrialeft.org\\\/wp-content\\\/uploads\\\/2025\\\/03\\\/community_logo-1.png\",\"contentUrl\":\"https:\\\/\\\/www.umbrialeft.org\\\/wp-content\\\/uploads\\\/2025\\\/03\\\/community_logo-1.png\",\"width\":517,\"height\":85,\"caption\":\"UmbriaLeft\"},\"image\":{\"@id\":\"https:\\\/\\\/www.umbrialeft.org\\\/#\\\/schema\\\/logo\\\/image\\\/\"},\"sameAs\":[\"https:\\\/\\\/www.facebook.com\\\/UmbriaLeft2004\"]},{\"@type\":\"Person\",\"@id\":\"https:\\\/\\\/www.umbrialeft.org\\\/#\\\/schema\\\/person\\\/556bd3a44a8a07e2070b7a419cdc18ac\",\"name\":\"Nicola81\",\"image\":{\"@type\":\"ImageObject\",\"inLanguage\":\"it-IT\",\"@id\":\"https:\\\/\\\/secure.gravatar.com\\\/avatar\\\/0cc11ef7d37e4c3709d5db9269d6d2d459b71fe080f18f30593534d61156d537?s=96&d=mm&r=g\",\"url\":\"https:\\\/\\\/secure.gravatar.com\\\/avatar\\\/0cc11ef7d37e4c3709d5db9269d6d2d459b71fe080f18f30593534d61156d537?s=96&d=mm&r=g\",\"contentUrl\":\"https:\\\/\\\/secure.gravatar.com\\\/avatar\\\/0cc11ef7d37e4c3709d5db9269d6d2d459b71fe080f18f30593534d61156d537?s=96&d=mm&r=g\",\"caption\":\"Nicola81\"},\"url\":\"https:\\\/\\\/www.umbrialeft.org\\\/index.php\\\/author\\\/nicola81\\\/\"}]}<\/script>\n<!-- \/ Yoast SEO plugin. -->","yoast_head_json":{"title":"Cannara, al via la 44\u00aa Festa della cipolla: novit\u00e0 show cooking e Campagna Amica - UmbriaLeft","robots":{"index":"index","follow":"follow","max-snippet":"max-snippet:-1","max-image-preview":"max-image-preview:large","max-video-preview":"max-video-preview:-1"},"canonical":"https:\/\/www.umbrialeft.org\/index.php\/2026\/08\/31\/cannara-al-via-la-44a-festa-della-cipolla-novita-show-cooking-e-campagna-amica\/","og_locale":"it_IT","og_type":"article","og_title":"Cannara, al via la 44\u00aa Festa della cipolla: novit\u00e0 show cooking e Campagna Amica - UmbriaLeft","og_description":"I sei tradizionali stand gastronomici pronti a offrire circa 120 diversi piatti a base di cipolla &#8211;\u00a0Da marted\u00ec 1 settembre a domenica 13 con pausa luned\u00ec 7. Inaugurazione alle 19 (AVInews) \u2013 Cannara, 31 ago. \u2013 A Cannara si alza il sipario sula 44esima edizione della Festa della cipolla. L\u2019evento pi\u00f9 atteso dai buongustai prende","og_url":"https:\/\/www.umbrialeft.org\/index.php\/2026\/08\/31\/cannara-al-via-la-44a-festa-della-cipolla-novita-show-cooking-e-campagna-amica\/","og_site_name":"UmbriaLeft","article_publisher":"https:\/\/www.facebook.com\/UmbriaLeft2004","article_published_time":"2026-08-31T15:50:30+00:00","article_modified_time":"2026-08-31T15:50:31+00:00","og_image":[{"width":1920,"height":1080,"url":"https:\/\/www.umbrialeft.org\/wp-content\/uploads\/2026\/08\/Festa-della-cipolla-6.jpeg","type":"image\/jpeg"}],"author":"Nicola81","twitter_card":"summary_large_image","twitter_misc":{"Scritto da":"Nicola81","Tempo di lettura stimato":"3 minuti"},"schema":{"@context":"https:\/\/schema.org","@graph":[{"@type":"Article","@id":"https:\/\/www.umbrialeft.org\/index.php\/2026\/08\/31\/cannara-al-via-la-44a-festa-della-cipolla-novita-show-cooking-e-campagna-amica\/#article","isPartOf":{"@id":"https:\/\/www.umbrialeft.org\/index.php\/2026\/08\/31\/cannara-al-via-la-44a-festa-della-cipolla-novita-show-cooking-e-campagna-amica\/"},"author":{"name":"Nicola81","@id":"https:\/\/www.umbrialeft.org\/#\/schema\/person\/556bd3a44a8a07e2070b7a419cdc18ac"},"headline":"Cannara, al via la 44\u00aa Festa della cipolla: novit\u00e0 show cooking e Campagna Amica","datePublished":"2026-08-31T15:50:30+00:00","dateModified":"2026-08-31T15:50:31+00:00","mainEntityOfPage":{"@id":"https:\/\/www.umbrialeft.org\/index.php\/2026\/08\/31\/cannara-al-via-la-44a-festa-della-cipolla-novita-show-cooking-e-campagna-amica\/"},"wordCount":493,"publisher":{"@id":"https:\/\/www.umbrialeft.org\/#organization"},"image":{"@id":"https:\/\/www.umbrialeft.org\/index.php\/2026\/08\/31\/cannara-al-via-la-44a-festa-della-cipolla-novita-show-cooking-e-campagna-amica\/#primaryimage"},"thumbnailUrl":"https:\/\/www.umbrialeft.org\/wp-content\/uploads\/2026\/08\/Festa-della-cipolla-6.jpeg","articleSection":["Eventi"],"inLanguage":"it-IT"},{"@type":"WebPage","@id":"https:\/\/www.umbrialeft.org\/index.php\/2026\/08\/31\/cannara-al-via-la-44a-festa-della-cipolla-novita-show-cooking-e-campagna-amica\/","url":"https:\/\/www.umbrialeft.org\/index.php\/2026\/08\/31\/cannara-al-via-la-44a-festa-della-cipolla-novita-show-cooking-e-campagna-amica\/","name":"Cannara, al via la 44\u00aa Festa della cipolla: novit\u00e0 show cooking e Campagna Amica - UmbriaLeft","isPartOf":{"@id":"https:\/\/www.umbrialeft.org\/#website"},"primaryImageOfPage":{"@id":"https:\/\/www.umbrialeft.org\/index.php\/2026\/08\/31\/cannara-al-via-la-44a-festa-della-cipolla-novita-show-cooking-e-campagna-amica\/#primaryimage"},"image":{"@id":"https:\/\/www.umbrialeft.org\/index.php\/2026\/08\/31\/cannara-al-via-la-44a-festa-della-cipolla-novita-show-cooking-e-campagna-amica\/#primaryimage"},"thumbnailUrl":"https:\/\/www.umbrialeft.org\/wp-content\/uploads\/2026\/08\/Festa-della-cipolla-6.jpeg","datePublished":"2026-08-31T15:50:30+00:00","dateModified":"2026-08-31T15:50:31+00:00","breadcrumb":{"@id":"https:\/\/www.umbrialeft.org\/index.php\/2026\/08\/31\/cannara-al-via-la-44a-festa-della-cipolla-novita-show-cooking-e-campagna-amica\/#breadcrumb"},"inLanguage":"it-IT","potentialAction":[{"@type":"ReadAction","target":["https:\/\/www.umbrialeft.org\/index.php\/2026\/08\/31\/cannara-al-via-la-44a-festa-della-cipolla-novita-show-cooking-e-campagna-amica\/"]}]},{"@type":"ImageObject","inLanguage":"it-IT","@id":"https:\/\/www.umbrialeft.org\/index.php\/2026\/08\/31\/cannara-al-via-la-44a-festa-della-cipolla-novita-show-cooking-e-campagna-amica\/#primaryimage","url":"https:\/\/www.umbrialeft.org\/wp-content\/uploads\/2026\/08\/Festa-della-cipolla-6.jpeg","contentUrl":"https:\/\/www.umbrialeft.org\/wp-content\/uploads\/2026\/08\/Festa-della-cipolla-6.jpeg","width":1920,"height":1080},{"@type":"BreadcrumbList","@id":"https:\/\/www.umbrialeft.org\/index.php\/2026\/08\/31\/cannara-al-via-la-44a-festa-della-cipolla-novita-show-cooking-e-campagna-amica\/#breadcrumb","itemListElement":[{"@type":"ListItem","position":1,"name":"Home","item":"https:\/\/www.umbrialeft.org\/"},{"@type":"ListItem","position":2,"name":"Cannara, al via la 44\u00aa Festa della cipolla: novit\u00e0 show cooking e Campagna Amica"}]},{"@type":"WebSite","@id":"https:\/\/www.umbrialeft.org\/#website","url":"https:\/\/www.umbrialeft.org\/","name":"UmbriaLeft","description":"","publisher":{"@id":"https:\/\/www.umbrialeft.org\/#organization"},"potentialAction":[{"@type":"SearchAction","target":{"@type":"EntryPoint","urlTemplate":"https:\/\/www.umbrialeft.org\/?s={search_term_string}"},"query-input":{"@type":"PropertyValueSpecification","valueRequired":true,"valueName":"search_term_string"}}],"inLanguage":"it-IT"},{"@type":"Organization","@id":"https:\/\/www.umbrialeft.org\/#organization","name":"UmbriaLeft","url":"https:\/\/www.umbrialeft.org\/","logo":{"@type":"ImageObject","inLanguage":"it-IT","@id":"https:\/\/www.umbrialeft.org\/#\/schema\/logo\/image\/","url":"https:\/\/www.umbrialeft.org\/wp-content\/uploads\/2025\/03\/community_logo-1.png","contentUrl":"https:\/\/www.umbrialeft.org\/wp-content\/uploads\/2025\/03\/community_logo-1.png","width":517,"height":85,"caption":"UmbriaLeft"},"image":{"@id":"https:\/\/www.umbrialeft.org\/#\/schema\/logo\/image\/"},"sameAs":["https:\/\/www.facebook.com\/UmbriaLeft2004"]},{"@type":"Person","@id":"https:\/\/www.umbrialeft.org\/#\/schema\/person\/556bd3a44a8a07e2070b7a419cdc18ac","name":"Nicola81","image":{"@type":"ImageObject","inLanguage":"it-IT","@id":"https:\/\/secure.gravatar.com\/avatar\/0cc11ef7d37e4c3709d5db9269d6d2d459b71fe080f18f30593534d61156d537?s=96&d=mm&r=g","url":"https:\/\/secure.gravatar.com\/avatar\/0cc11ef7d37e4c3709d5db9269d6d2d459b71fe080f18f30593534d61156d537?s=96&d=mm&r=g","contentUrl":"https:\/\/secure.gravatar.com\/avatar\/0cc11ef7d37e4c3709d5db9269d6d2d459b71fe080f18f30593534d61156d537?s=96&d=mm&r=g","caption":"Nicola81"},"url":"https:\/\/www.umbrialeft.org\/index.php\/author\/nicola81\/"}]}},"blog_post_layout_featured_media_urls":{"thumbnail":["https:\/\/www.umbrialeft.org\/wp-content\/uploads\/2026\/08\/Festa-della-cipolla-6-150x150.jpeg",150,150,true],"full":["https:\/\/www.umbrialeft.org\/wp-content\/uploads\/2026\/08\/Festa-della-cipolla-6.jpeg",1920,1080,false]},"categories_names":{"266":{"name":"Eventi","link":"https:\/\/www.umbrialeft.org\/index.php\/category\/eventi\/"}},"tags_names":[],"comments_number":"0","wpmagazine_modules_lite_featured_media_urls":{"thumbnail":["https:\/\/www.umbrialeft.org\/wp-content\/uploads\/2026\/08\/Festa-della-cipolla-6-150x150.jpeg",150,150,true],"cvmm-medium":["https:\/\/www.umbrialeft.org\/wp-content\/uploads\/2026\/08\/Festa-della-cipolla-6-300x300.jpeg",300,300,true],"cvmm-medium-plus":["https:\/\/www.umbrialeft.org\/wp-content\/uploads\/2026\/08\/Festa-della-cipolla-6-305x207.jpeg",305,207,true],"cvmm-portrait":["https:\/\/www.umbrialeft.org\/wp-content\/uploads\/2026\/08\/Festa-della-cipolla-6-400x600.jpeg",400,600,true],"cvmm-medium-square":["https:\/\/www.umbrialeft.org\/wp-content\/uploads\/2026\/08\/Festa-della-cipolla-6-600x600.jpeg",600,600,true],"cvmm-large":["https:\/\/www.umbrialeft.org\/wp-content\/uploads\/2026\/08\/Festa-della-cipolla-6-1024x1024.jpeg",1024,1024,true],"cvmm-small":["https:\/\/www.umbrialeft.org\/wp-content\/uploads\/2026\/08\/Festa-della-cipolla-6-130x95.jpeg",130,95,true],"full":["https:\/\/www.umbrialeft.org\/wp-content\/uploads\/2026\/08\/Festa-della-cipolla-6.jpeg",1920,1080,false]},"_links":{"self":[{"href":"https:\/\/www.umbrialeft.org\/index.php\/wp-json\/wp\/v2\/posts\/11878","targetHints":{"allow":["GET"]}}],"collection":[{"href":"https:\/\/www.umbrialeft.org\/index.php\/wp-json\/wp\/v2\/posts"}],"about":[{"href":"https:\/\/www.umbrialeft.org\/index.php\/wp-json\/wp\/v2\/types\/post"}],"author":[{"embeddable":true,"href":"https:\/\/www.umbrialeft.org\/index.php\/wp-json\/wp\/v2\/users\/8"}],"replies":[{"embeddable":true,"href":"https:\/\/www.umbrialeft.org\/index.php\/wp-json\/wp\/v2\/comments?post=11878"}],"version-history":[{"count":1,"href":"https:\/\/www.umbrialeft.org\/index.php\/wp-json\/wp\/v2\/posts\/11878\/revisions"}],"predecessor-version":[{"id":11880,"href":"https:\/\/www.umbrialeft.org\/index.php\/wp-json\/wp\/v2\/posts\/11878\/revisions\/11880"}],"wp:featuredmedia":[{"embeddable":true,"href":"https:\/\/www.umbrialeft.org\/index.php\/wp-json\/wp\/v2\/media\/11879"}],"wp:attachment":[{"href":"https:\/\/www.umbrialeft.org\/index.php\/wp-json\/wp\/v2\/media?parent=11878"}],"wp:term":[{"taxonomy":"category","embeddable":true,"href":"https:\/\/www.umbrialeft.org\/index.php\/wp-json\/wp\/v2\/categories?post=11878"},{"taxonomy":"post_tag","embeddable":true,"href":"https:\/\/www.umbrialeft.org\/index.php\/wp-json\/wp\/v2\/tags?post=11878"}],"curies":[{"name":"wp","href":"https:\/\/api.w.org\/{rel}","templated":true}]}}