{"id":11885,"date":"2026-09-01T12:35:18","date_gmt":"2026-09-01T10:35:18","guid":{"rendered":"https:\/\/www.umbrialeft.org\/?p=11885"},"modified":"2026-09-01T12:35:19","modified_gmt":"2026-09-01T10:35:19","slug":"con-lamore-fra-cielo-e-terra-il-pan-opera-festival-debutta-a-citta-della-pieve-e-paciano","status":"publish","type":"post","link":"https:\/\/www.umbrialeft.org\/index.php\/2026\/09\/01\/con-lamore-fra-cielo-e-terra-il-pan-opera-festival-debutta-a-citta-della-pieve-e-paciano\/","title":{"rendered":"Con \u2018L\u2019amore, fra cielo e terra\u2019 il Pan Opera Festival debutta a Citt\u00e0 della Pieve e Paciano"},"content":{"rendered":"\n<h2 class=\"wp-block-heading\">Fino al 24 ottobre nove appuntamenti tra opera, musica barocca, concerti, trekking musicali e iniziative con le scuole &#8211; Si parte venerd\u00ec 4 settembre al Rastrello Boutique Hotel di Panicale con il concerto \u2018Ode al vino\u2019<\/h2>\n\n\n\n<p class=\"wp-block-paragraph\">(AVInews) \u2013 Panicale, 1 sett. \u2013 Nato e sviluppatosi a Panicale su iniziativa dell\u2019associazione culturale T\u00e9athronmusik\u00e8, sotto la direzione di Virgilio Bianconi, il Pan Opera Festival \u00e8 cresciuto nel tempo, arrivando ad ampliare quest\u2019anno i propri orizzonti e debuttando cos\u00ec nei territori circostanti. Dei nove appuntamenti in cartellone in questa 12esima edizione, in programma tra il 4 settembre e il 24 ottobre, infatti, cinque si terranno come di consueto a Panicale, ma altri quattro andranno in scena tra Citt\u00e0 della Pieve e Paciano. Tra opera, musica barocca, operetta, concerti, un trekking musicale legato all\u2019ottavo centenario della morte di San Francesco e un progetto dedicato alle scuole, a fare da filo conduttore del festival sar\u00e0 \u2018L\u2019amore, fra cielo e terra\u2019: l\u2019amore verr\u00e0 raccontato attraverso la musica nelle sue diverse forme e sfaccettature, oscillando continuamente fra dimensione terrena e spirituale, fra desiderio, devozione, passione, ingenuit\u00e0 e maturit\u00e0.<\/p>\n\n\n\n<p class=\"wp-block-paragraph\">Si parte, come detto, venerd\u00ec 4 settembre alle 17 al Rastrello Boutique Hotel di Panicale con il concerto \u2018Ode al vino\u2019, dove l\u2019amore appartiene decisamente alla terra. Uno spettacolo artistico che unisce poesia, musica e vino per creare un\u2019esperienza emozionale e multisensoriale, in cui l\u2019attore Luca Tironzelli sar\u00e0 affiancato dal Sator Duo composto da Paolo Castellani al violino e Francesco di Giandomenico alla chitarra.<\/p>\n\n\n\n<p class=\"wp-block-paragraph\">Domenica 13 settembre alle 18, poi, nella chiesa di Sant\u2019Agostino &#8211; Museo del tulle di Panicale, lo sguardo si sposta invece verso il cielo con \u2018A\u2019 pi\u00e8 de la gran croce\u2019, concerto dedicato alla musica barocca.<\/p>\n\n\n\n<p class=\"wp-block-paragraph\">Il 19 settembre l\u2019amore spirituale attraversa il paesaggio con il trekking-concerto \u2018Ogni passo \u00e8 lode\u2019. Si parte da Panicale per raggiungere Santa Croce ai Cappuccini, insediamento francescano del 1545, oggi poco conosciuto e quasi dimenticato, ma di grande fascino e bellezza. Durante il percorso sar\u00e0 raccontata la storia del luogo e all\u2019arrivo (ore 17.30) si terr\u00e0 un concerto di musiche francescane con la proiezione della ricostruzione dell\u2019antico convento. Prenotazione obbligatoria alla Tabaccheria Sacco di Panicale: tabaccheriasacco@gmail.com e 075.8378130.<\/p>\n\n\n\n<p class=\"wp-block-paragraph\">Il 20 settembre al teatro Cesare Caporali di Panicale sar\u00e0 la volta di \u2018Operetta Mon Amour\u2019, concerto-spettacolo brillante e divertente nel quale l\u2019amore torna alla sua dimensione pi\u00f9 leggera, seducente, ironica e mondana. Soprani e tenori interpreteranno alcune delle melodie pi\u00f9 conosciute e amate del repertorio dell\u2019operetta, dove innamoramenti, corteggiamenti, equivoci e passioni sono da sempre il motore del teatro.<\/p>\n\n\n\n<figure class=\"wp-block-image size-large\"><img loading=\"lazy\" decoding=\"async\" width=\"1024\" height=\"768\" src=\"https:\/\/www.umbrialeft.org\/wp-content\/uploads\/2026\/09\/Tratro-Avvaloranti-Pieve-2-1024x768.jpg\" alt=\"\" class=\"wp-image-11887\" srcset=\"https:\/\/www.umbrialeft.org\/wp-content\/uploads\/2026\/09\/Tratro-Avvaloranti-Pieve-2-1024x768.jpg 1024w, https:\/\/www.umbrialeft.org\/wp-content\/uploads\/2026\/09\/Tratro-Avvaloranti-Pieve-2-300x225.jpg 300w, https:\/\/www.umbrialeft.org\/wp-content\/uploads\/2026\/09\/Tratro-Avvaloranti-Pieve-2-768x576.jpg 768w, https:\/\/www.umbrialeft.org\/wp-content\/uploads\/2026\/09\/Tratro-Avvaloranti-Pieve-2-1536x1152.jpg 1536w, https:\/\/www.umbrialeft.org\/wp-content\/uploads\/2026\/09\/Tratro-Avvaloranti-Pieve-2-640x480.jpg 640w, https:\/\/www.umbrialeft.org\/wp-content\/uploads\/2026\/09\/Tratro-Avvaloranti-Pieve-2-1000x750.jpg 1000w, https:\/\/www.umbrialeft.org\/wp-content\/uploads\/2026\/09\/Tratro-Avvaloranti-Pieve-2.jpg 1539w\" sizes=\"auto, (max-width: 1024px) 100vw, 1024px\" \/><\/figure>\n\n\n\n<p class=\"wp-block-paragraph\">Tra gli appuntamenti centrali del festival la nuova produzione del festival di \u2018Bastien und Bastienne\u2019 di Mozart, una delle primissime opere teatrali del compositore. Qui l\u2019amore \u00e8 quello dell\u2019adolescenza. La grande novit\u00e0: l\u2019opera verr\u00e0 creata, allestita e prodotta nello storico Teatro degli Avvaloranti di Citt\u00e0 della Pieve, il 27 settembre alle 18. La produzione vede un cast internazionale, un direttore inglese, un\u2019orchestra composta da eccellenti professionisti e un nuovo progetto di regia e allestimento. Particolare attenzione ai costumi grazie al contributo del direttore creativo della sartoria del teatro La Fenice di Venezia Carlos Tieppo.<\/p>\n\n\n\n<p class=\"wp-block-paragraph\">Il Festival propone anche un momento esplicitamente dedicato alla spiritualit\u00e0 con la Messa degli artisti e degli artigiani, il 13 settembre, alla Collegiata di San Michele Arcangelo in Panicale.<\/p>\n\n\n\n<p class=\"wp-block-paragraph\">Il percorso si conclude al teatro comunale di Paciano con il progetto Pan Opera Scuola, rivolto agli studenti della scuola secondaria di primo grado, e la messa in scena dell\u2019opera \u2018La serva padrona\u2019 di Giovanni Battista Pergolesi. Con Pergolesi si arriva a un amore pi\u00f9 adulto e concreto. Lo spettacolo, affidato a ottimi artisti e a un allestimento vivace e divertente, vuole permettere ai ragazzi di incontrare l\u2019opera attraverso l\u2019esperienza diretta del teatro e della musica dal vivo. A loro saranno riservati gli spettacoli nelle mattine del 22 e 23 ottobre mentre il 24 \u2018La serva padrona\u2019 verr\u00e0 proposta al pubblico di Paciano. Prenotazioni Wathsapp al 351.9442515.<\/p>\n\n\n\n<p class=\"wp-block-paragraph\">\u201cRimane centrale \u2013 ha commentato Bianconi \u2013 la vocazione del Pan Opera Festival: proporre repertori e spettacoli anche di rara esecuzione, valorizzare il patrimonio culturale del territorio e mantenere un rapporto diretto tra pubblico e artisti. Tutti gli appuntamenti musicali sono realizzati rigorosamente dal vivo, privilegiando la modalit\u00e0 acustica e il suono naturale delle voci e degli strumenti\u201d.<\/p>\n\n\n\n<p class=\"wp-block-paragraph\">I biglietti per gli spettacoli sono disponibili sul sito web ticketitalia.com\/pan-opera-festival-2026, nella tabaccheria Sacco di Panicale e in tutte le rivendite Ticketitalia.<\/p>\n\n\n\n<p class=\"wp-block-paragraph\">Nicola Torrini<\/p>\n\n\n\n<p class=\"wp-block-paragraph\"><\/p>\n","protected":false},"excerpt":{"rendered":"<p>Fino al 24 ottobre nove appuntamenti tra opera, musica barocca, concerti, trekking musicali e iniziative con le scuole &#8211; Si parte venerd\u00ec 4 settembre al Rastrello Boutique Hotel di Panicale con il concerto \u2018Ode al vino\u2019 (AVInews) \u2013 Panicale, 1 sett. \u2013 Nato e sviluppatosi a Panicale su iniziativa dell\u2019associazione culturale T\u00e9athronmusik\u00e8, sotto la direzione<\/p>\n","protected":false},"author":8,"featured_media":11886,"comment_status":"closed","ping_status":"closed","sticky":false,"template":"","format":"standard","meta":{"footnotes":""},"categories":[266],"tags":[],"class_list":["post-11885","post","type-post","status-publish","format-standard","has-post-thumbnail","hentry","category-eventi"],"yoast_head":"<!-- This site is optimized with the Yoast SEO plugin v28.4 - https:\/\/yoast.com\/product\/yoast-seo-wordpress\/ -->\n<title>Con \u2018L\u2019amore, fra cielo e terra\u2019 il Pan Opera Festival debutta a Citt\u00e0 della Pieve e Paciano - UmbriaLeft<\/title>\n<meta name=\"robots\" content=\"index, follow, max-snippet:-1, max-image-preview:large, max-video-preview:-1\" \/>\n<link rel=\"canonical\" href=\"https:\/\/www.umbrialeft.org\/index.php\/2026\/09\/01\/con-lamore-fra-cielo-e-terra-il-pan-opera-festival-debutta-a-citta-della-pieve-e-paciano\/\" \/>\n<meta property=\"og:locale\" content=\"it_IT\" \/>\n<meta property=\"og:type\" content=\"article\" \/>\n<meta property=\"og:title\" content=\"Con \u2018L\u2019amore, fra cielo e terra\u2019 il Pan Opera Festival debutta a Citt\u00e0 della Pieve e Paciano - UmbriaLeft\" \/>\n<meta property=\"og:description\" content=\"Fino al 24 ottobre nove appuntamenti tra opera, musica barocca, concerti, trekking musicali e iniziative con le scuole &#8211; Si parte venerd\u00ec 4 settembre al Rastrello Boutique Hotel di Panicale con il concerto \u2018Ode al vino\u2019 (AVInews) \u2013 Panicale, 1 sett. \u2013 Nato e sviluppatosi a Panicale su iniziativa dell\u2019associazione culturale T\u00e9athronmusik\u00e8, sotto la direzione\" \/>\n<meta property=\"og:url\" content=\"https:\/\/www.umbrialeft.org\/index.php\/2026\/09\/01\/con-lamore-fra-cielo-e-terra-il-pan-opera-festival-debutta-a-citta-della-pieve-e-paciano\/\" \/>\n<meta property=\"og:site_name\" content=\"UmbriaLeft\" \/>\n<meta property=\"article:publisher\" content=\"https:\/\/www.facebook.com\/UmbriaLeft2004\" \/>\n<meta property=\"article:published_time\" content=\"2026-09-01T10:35:18+00:00\" \/>\n<meta property=\"article:modified_time\" content=\"2026-09-01T10:35:19+00:00\" \/>\n<meta property=\"og:image\" content=\"https:\/\/www.umbrialeft.org\/wp-content\/uploads\/2026\/09\/Pan-Opera-Festival-repertorio-3-al-centro-Bianconi.jpg\" \/>\n\t<meta property=\"og:image:width\" content=\"1919\" \/>\n\t<meta property=\"og:image:height\" content=\"1079\" \/>\n\t<meta property=\"og:image:type\" content=\"image\/jpeg\" \/>\n<meta name=\"author\" content=\"Nicola81\" \/>\n<meta name=\"twitter:card\" content=\"summary_large_image\" \/>\n<meta name=\"twitter:label1\" content=\"Scritto da\" \/>\n\t<meta name=\"twitter:data1\" content=\"Nicola81\" \/>\n\t<meta name=\"twitter:label2\" content=\"Tempo di lettura stimato\" \/>\n\t<meta name=\"twitter:data2\" content=\"5 minuti\" \/>\n<script type=\"application\/ld+json\" class=\"yoast-schema-graph\">{\"@context\":\"https:\\\/\\\/schema.org\",\"@graph\":[{\"@type\":\"Article\",\"@id\":\"https:\\\/\\\/www.umbrialeft.org\\\/index.php\\\/2026\\\/09\\\/01\\\/con-lamore-fra-cielo-e-terra-il-pan-opera-festival-debutta-a-citta-della-pieve-e-paciano\\\/#article\",\"isPartOf\":{\"@id\":\"https:\\\/\\\/www.umbrialeft.org\\\/index.php\\\/2026\\\/09\\\/01\\\/con-lamore-fra-cielo-e-terra-il-pan-opera-festival-debutta-a-citta-della-pieve-e-paciano\\\/\"},\"author\":{\"name\":\"Nicola81\",\"@id\":\"https:\\\/\\\/www.umbrialeft.org\\\/#\\\/schema\\\/person\\\/556bd3a44a8a07e2070b7a419cdc18ac\"},\"headline\":\"Con \u2018L\u2019amore, fra cielo e terra\u2019 il Pan Opera Festival debutta a Citt\u00e0 della Pieve e Paciano\",\"datePublished\":\"2026-09-01T10:35:18+00:00\",\"dateModified\":\"2026-09-01T10:35:19+00:00\",\"mainEntityOfPage\":{\"@id\":\"https:\\\/\\\/www.umbrialeft.org\\\/index.php\\\/2026\\\/09\\\/01\\\/con-lamore-fra-cielo-e-terra-il-pan-opera-festival-debutta-a-citta-della-pieve-e-paciano\\\/\"},\"wordCount\":747,\"publisher\":{\"@id\":\"https:\\\/\\\/www.umbrialeft.org\\\/#organization\"},\"image\":{\"@id\":\"https:\\\/\\\/www.umbrialeft.org\\\/index.php\\\/2026\\\/09\\\/01\\\/con-lamore-fra-cielo-e-terra-il-pan-opera-festival-debutta-a-citta-della-pieve-e-paciano\\\/#primaryimage\"},\"thumbnailUrl\":\"https:\\\/\\\/www.umbrialeft.org\\\/wp-content\\\/uploads\\\/2026\\\/09\\\/Pan-Opera-Festival-repertorio-3-al-centro-Bianconi.jpg\",\"articleSection\":[\"Eventi\"],\"inLanguage\":\"it-IT\"},{\"@type\":\"WebPage\",\"@id\":\"https:\\\/\\\/www.umbrialeft.org\\\/index.php\\\/2026\\\/09\\\/01\\\/con-lamore-fra-cielo-e-terra-il-pan-opera-festival-debutta-a-citta-della-pieve-e-paciano\\\/\",\"url\":\"https:\\\/\\\/www.umbrialeft.org\\\/index.php\\\/2026\\\/09\\\/01\\\/con-lamore-fra-cielo-e-terra-il-pan-opera-festival-debutta-a-citta-della-pieve-e-paciano\\\/\",\"name\":\"Con \u2018L\u2019amore, fra cielo e terra\u2019 il Pan Opera Festival debutta a Citt\u00e0 della Pieve e Paciano - UmbriaLeft\",\"isPartOf\":{\"@id\":\"https:\\\/\\\/www.umbrialeft.org\\\/#website\"},\"primaryImageOfPage\":{\"@id\":\"https:\\\/\\\/www.umbrialeft.org\\\/index.php\\\/2026\\\/09\\\/01\\\/con-lamore-fra-cielo-e-terra-il-pan-opera-festival-debutta-a-citta-della-pieve-e-paciano\\\/#primaryimage\"},\"image\":{\"@id\":\"https:\\\/\\\/www.umbrialeft.org\\\/index.php\\\/2026\\\/09\\\/01\\\/con-lamore-fra-cielo-e-terra-il-pan-opera-festival-debutta-a-citta-della-pieve-e-paciano\\\/#primaryimage\"},\"thumbnailUrl\":\"https:\\\/\\\/www.umbrialeft.org\\\/wp-content\\\/uploads\\\/2026\\\/09\\\/Pan-Opera-Festival-repertorio-3-al-centro-Bianconi.jpg\",\"datePublished\":\"2026-09-01T10:35:18+00:00\",\"dateModified\":\"2026-09-01T10:35:19+00:00\",\"breadcrumb\":{\"@id\":\"https:\\\/\\\/www.umbrialeft.org\\\/index.php\\\/2026\\\/09\\\/01\\\/con-lamore-fra-cielo-e-terra-il-pan-opera-festival-debutta-a-citta-della-pieve-e-paciano\\\/#breadcrumb\"},\"inLanguage\":\"it-IT\",\"potentialAction\":[{\"@type\":\"ReadAction\",\"target\":[\"https:\\\/\\\/www.umbrialeft.org\\\/index.php\\\/2026\\\/09\\\/01\\\/con-lamore-fra-cielo-e-terra-il-pan-opera-festival-debutta-a-citta-della-pieve-e-paciano\\\/\"]}]},{\"@type\":\"ImageObject\",\"inLanguage\":\"it-IT\",\"@id\":\"https:\\\/\\\/www.umbrialeft.org\\\/index.php\\\/2026\\\/09\\\/01\\\/con-lamore-fra-cielo-e-terra-il-pan-opera-festival-debutta-a-citta-della-pieve-e-paciano\\\/#primaryimage\",\"url\":\"https:\\\/\\\/www.umbrialeft.org\\\/wp-content\\\/uploads\\\/2026\\\/09\\\/Pan-Opera-Festival-repertorio-3-al-centro-Bianconi.jpg\",\"contentUrl\":\"https:\\\/\\\/www.umbrialeft.org\\\/wp-content\\\/uploads\\\/2026\\\/09\\\/Pan-Opera-Festival-repertorio-3-al-centro-Bianconi.jpg\",\"width\":1919,\"height\":1079},{\"@type\":\"BreadcrumbList\",\"@id\":\"https:\\\/\\\/www.umbrialeft.org\\\/index.php\\\/2026\\\/09\\\/01\\\/con-lamore-fra-cielo-e-terra-il-pan-opera-festival-debutta-a-citta-della-pieve-e-paciano\\\/#breadcrumb\",\"itemListElement\":[{\"@type\":\"ListItem\",\"position\":1,\"name\":\"Home\",\"item\":\"https:\\\/\\\/www.umbrialeft.org\\\/\"},{\"@type\":\"ListItem\",\"position\":2,\"name\":\"Con \u2018L\u2019amore, fra cielo e terra\u2019 il Pan Opera Festival debutta a Citt\u00e0 della Pieve e Paciano\"}]},{\"@type\":\"WebSite\",\"@id\":\"https:\\\/\\\/www.umbrialeft.org\\\/#website\",\"url\":\"https:\\\/\\\/www.umbrialeft.org\\\/\",\"name\":\"UmbriaLeft\",\"description\":\"\",\"publisher\":{\"@id\":\"https:\\\/\\\/www.umbrialeft.org\\\/#organization\"},\"potentialAction\":[{\"@type\":\"SearchAction\",\"target\":{\"@type\":\"EntryPoint\",\"urlTemplate\":\"https:\\\/\\\/www.umbrialeft.org\\\/?s={search_term_string}\"},\"query-input\":{\"@type\":\"PropertyValueSpecification\",\"valueRequired\":true,\"valueName\":\"search_term_string\"}}],\"inLanguage\":\"it-IT\"},{\"@type\":\"Organization\",\"@id\":\"https:\\\/\\\/www.umbrialeft.org\\\/#organization\",\"name\":\"UmbriaLeft\",\"url\":\"https:\\\/\\\/www.umbrialeft.org\\\/\",\"logo\":{\"@type\":\"ImageObject\",\"inLanguage\":\"it-IT\",\"@id\":\"https:\\\/\\\/www.umbrialeft.org\\\/#\\\/schema\\\/logo\\\/image\\\/\",\"url\":\"https:\\\/\\\/www.umbrialeft.org\\\/wp-content\\\/uploads\\\/2025\\\/03\\\/community_logo-1.png\",\"contentUrl\":\"https:\\\/\\\/www.umbrialeft.org\\\/wp-content\\\/uploads\\\/2025\\\/03\\\/community_logo-1.png\",\"width\":517,\"height\":85,\"caption\":\"UmbriaLeft\"},\"image\":{\"@id\":\"https:\\\/\\\/www.umbrialeft.org\\\/#\\\/schema\\\/logo\\\/image\\\/\"},\"sameAs\":[\"https:\\\/\\\/www.facebook.com\\\/UmbriaLeft2004\"]},{\"@type\":\"Person\",\"@id\":\"https:\\\/\\\/www.umbrialeft.org\\\/#\\\/schema\\\/person\\\/556bd3a44a8a07e2070b7a419cdc18ac\",\"name\":\"Nicola81\",\"image\":{\"@type\":\"ImageObject\",\"inLanguage\":\"it-IT\",\"@id\":\"https:\\\/\\\/secure.gravatar.com\\\/avatar\\\/0cc11ef7d37e4c3709d5db9269d6d2d459b71fe080f18f30593534d61156d537?s=96&d=mm&r=g\",\"url\":\"https:\\\/\\\/secure.gravatar.com\\\/avatar\\\/0cc11ef7d37e4c3709d5db9269d6d2d459b71fe080f18f30593534d61156d537?s=96&d=mm&r=g\",\"contentUrl\":\"https:\\\/\\\/secure.gravatar.com\\\/avatar\\\/0cc11ef7d37e4c3709d5db9269d6d2d459b71fe080f18f30593534d61156d537?s=96&d=mm&r=g\",\"caption\":\"Nicola81\"},\"url\":\"https:\\\/\\\/www.umbrialeft.org\\\/index.php\\\/author\\\/nicola81\\\/\"}]}<\/script>\n<!-- \/ Yoast SEO plugin. -->","yoast_head_json":{"title":"Con \u2018L\u2019amore, fra cielo e terra\u2019 il Pan Opera Festival debutta a Citt\u00e0 della Pieve e Paciano - UmbriaLeft","robots":{"index":"index","follow":"follow","max-snippet":"max-snippet:-1","max-image-preview":"max-image-preview:large","max-video-preview":"max-video-preview:-1"},"canonical":"https:\/\/www.umbrialeft.org\/index.php\/2026\/09\/01\/con-lamore-fra-cielo-e-terra-il-pan-opera-festival-debutta-a-citta-della-pieve-e-paciano\/","og_locale":"it_IT","og_type":"article","og_title":"Con \u2018L\u2019amore, fra cielo e terra\u2019 il Pan Opera Festival debutta a Citt\u00e0 della Pieve e Paciano - UmbriaLeft","og_description":"Fino al 24 ottobre nove appuntamenti tra opera, musica barocca, concerti, trekking musicali e iniziative con le scuole &#8211; Si parte venerd\u00ec 4 settembre al Rastrello Boutique Hotel di Panicale con il concerto \u2018Ode al vino\u2019 (AVInews) \u2013 Panicale, 1 sett. \u2013 Nato e sviluppatosi a Panicale su iniziativa dell\u2019associazione culturale T\u00e9athronmusik\u00e8, sotto la direzione","og_url":"https:\/\/www.umbrialeft.org\/index.php\/2026\/09\/01\/con-lamore-fra-cielo-e-terra-il-pan-opera-festival-debutta-a-citta-della-pieve-e-paciano\/","og_site_name":"UmbriaLeft","article_publisher":"https:\/\/www.facebook.com\/UmbriaLeft2004","article_published_time":"2026-09-01T10:35:18+00:00","article_modified_time":"2026-09-01T10:35:19+00:00","og_image":[{"width":1919,"height":1079,"url":"https:\/\/www.umbrialeft.org\/wp-content\/uploads\/2026\/09\/Pan-Opera-Festival-repertorio-3-al-centro-Bianconi.jpg","type":"image\/jpeg"}],"author":"Nicola81","twitter_card":"summary_large_image","twitter_misc":{"Scritto da":"Nicola81","Tempo di lettura stimato":"5 minuti"},"schema":{"@context":"https:\/\/schema.org","@graph":[{"@type":"Article","@id":"https:\/\/www.umbrialeft.org\/index.php\/2026\/09\/01\/con-lamore-fra-cielo-e-terra-il-pan-opera-festival-debutta-a-citta-della-pieve-e-paciano\/#article","isPartOf":{"@id":"https:\/\/www.umbrialeft.org\/index.php\/2026\/09\/01\/con-lamore-fra-cielo-e-terra-il-pan-opera-festival-debutta-a-citta-della-pieve-e-paciano\/"},"author":{"name":"Nicola81","@id":"https:\/\/www.umbrialeft.org\/#\/schema\/person\/556bd3a44a8a07e2070b7a419cdc18ac"},"headline":"Con \u2018L\u2019amore, fra cielo e terra\u2019 il Pan Opera Festival debutta a Citt\u00e0 della Pieve e Paciano","datePublished":"2026-09-01T10:35:18+00:00","dateModified":"2026-09-01T10:35:19+00:00","mainEntityOfPage":{"@id":"https:\/\/www.umbrialeft.org\/index.php\/2026\/09\/01\/con-lamore-fra-cielo-e-terra-il-pan-opera-festival-debutta-a-citta-della-pieve-e-paciano\/"},"wordCount":747,"publisher":{"@id":"https:\/\/www.umbrialeft.org\/#organization"},"image":{"@id":"https:\/\/www.umbrialeft.org\/index.php\/2026\/09\/01\/con-lamore-fra-cielo-e-terra-il-pan-opera-festival-debutta-a-citta-della-pieve-e-paciano\/#primaryimage"},"thumbnailUrl":"https:\/\/www.umbrialeft.org\/wp-content\/uploads\/2026\/09\/Pan-Opera-Festival-repertorio-3-al-centro-Bianconi.jpg","articleSection":["Eventi"],"inLanguage":"it-IT"},{"@type":"WebPage","@id":"https:\/\/www.umbrialeft.org\/index.php\/2026\/09\/01\/con-lamore-fra-cielo-e-terra-il-pan-opera-festival-debutta-a-citta-della-pieve-e-paciano\/","url":"https:\/\/www.umbrialeft.org\/index.php\/2026\/09\/01\/con-lamore-fra-cielo-e-terra-il-pan-opera-festival-debutta-a-citta-della-pieve-e-paciano\/","name":"Con \u2018L\u2019amore, fra cielo e terra\u2019 il Pan Opera Festival debutta a Citt\u00e0 della Pieve e Paciano - UmbriaLeft","isPartOf":{"@id":"https:\/\/www.umbrialeft.org\/#website"},"primaryImageOfPage":{"@id":"https:\/\/www.umbrialeft.org\/index.php\/2026\/09\/01\/con-lamore-fra-cielo-e-terra-il-pan-opera-festival-debutta-a-citta-della-pieve-e-paciano\/#primaryimage"},"image":{"@id":"https:\/\/www.umbrialeft.org\/index.php\/2026\/09\/01\/con-lamore-fra-cielo-e-terra-il-pan-opera-festival-debutta-a-citta-della-pieve-e-paciano\/#primaryimage"},"thumbnailUrl":"https:\/\/www.umbrialeft.org\/wp-content\/uploads\/2026\/09\/Pan-Opera-Festival-repertorio-3-al-centro-Bianconi.jpg","datePublished":"2026-09-01T10:35:18+00:00","dateModified":"2026-09-01T10:35:19+00:00","breadcrumb":{"@id":"https:\/\/www.umbrialeft.org\/index.php\/2026\/09\/01\/con-lamore-fra-cielo-e-terra-il-pan-opera-festival-debutta-a-citta-della-pieve-e-paciano\/#breadcrumb"},"inLanguage":"it-IT","potentialAction":[{"@type":"ReadAction","target":["https:\/\/www.umbrialeft.org\/index.php\/2026\/09\/01\/con-lamore-fra-cielo-e-terra-il-pan-opera-festival-debutta-a-citta-della-pieve-e-paciano\/"]}]},{"@type":"ImageObject","inLanguage":"it-IT","@id":"https:\/\/www.umbrialeft.org\/index.php\/2026\/09\/01\/con-lamore-fra-cielo-e-terra-il-pan-opera-festival-debutta-a-citta-della-pieve-e-paciano\/#primaryimage","url":"https:\/\/www.umbrialeft.org\/wp-content\/uploads\/2026\/09\/Pan-Opera-Festival-repertorio-3-al-centro-Bianconi.jpg","contentUrl":"https:\/\/www.umbrialeft.org\/wp-content\/uploads\/2026\/09\/Pan-Opera-Festival-repertorio-3-al-centro-Bianconi.jpg","width":1919,"height":1079},{"@type":"BreadcrumbList","@id":"https:\/\/www.umbrialeft.org\/index.php\/2026\/09\/01\/con-lamore-fra-cielo-e-terra-il-pan-opera-festival-debutta-a-citta-della-pieve-e-paciano\/#breadcrumb","itemListElement":[{"@type":"ListItem","position":1,"name":"Home","item":"https:\/\/www.umbrialeft.org\/"},{"@type":"ListItem","position":2,"name":"Con \u2018L\u2019amore, fra cielo e terra\u2019 il Pan Opera Festival debutta a Citt\u00e0 della Pieve e Paciano"}]},{"@type":"WebSite","@id":"https:\/\/www.umbrialeft.org\/#website","url":"https:\/\/www.umbrialeft.org\/","name":"UmbriaLeft","description":"","publisher":{"@id":"https:\/\/www.umbrialeft.org\/#organization"},"potentialAction":[{"@type":"SearchAction","target":{"@type":"EntryPoint","urlTemplate":"https:\/\/www.umbrialeft.org\/?s={search_term_string}"},"query-input":{"@type":"PropertyValueSpecification","valueRequired":true,"valueName":"search_term_string"}}],"inLanguage":"it-IT"},{"@type":"Organization","@id":"https:\/\/www.umbrialeft.org\/#organization","name":"UmbriaLeft","url":"https:\/\/www.umbrialeft.org\/","logo":{"@type":"ImageObject","inLanguage":"it-IT","@id":"https:\/\/www.umbrialeft.org\/#\/schema\/logo\/image\/","url":"https:\/\/www.umbrialeft.org\/wp-content\/uploads\/2025\/03\/community_logo-1.png","contentUrl":"https:\/\/www.umbrialeft.org\/wp-content\/uploads\/2025\/03\/community_logo-1.png","width":517,"height":85,"caption":"UmbriaLeft"},"image":{"@id":"https:\/\/www.umbrialeft.org\/#\/schema\/logo\/image\/"},"sameAs":["https:\/\/www.facebook.com\/UmbriaLeft2004"]},{"@type":"Person","@id":"https:\/\/www.umbrialeft.org\/#\/schema\/person\/556bd3a44a8a07e2070b7a419cdc18ac","name":"Nicola81","image":{"@type":"ImageObject","inLanguage":"it-IT","@id":"https:\/\/secure.gravatar.com\/avatar\/0cc11ef7d37e4c3709d5db9269d6d2d459b71fe080f18f30593534d61156d537?s=96&d=mm&r=g","url":"https:\/\/secure.gravatar.com\/avatar\/0cc11ef7d37e4c3709d5db9269d6d2d459b71fe080f18f30593534d61156d537?s=96&d=mm&r=g","contentUrl":"https:\/\/secure.gravatar.com\/avatar\/0cc11ef7d37e4c3709d5db9269d6d2d459b71fe080f18f30593534d61156d537?s=96&d=mm&r=g","caption":"Nicola81"},"url":"https:\/\/www.umbrialeft.org\/index.php\/author\/nicola81\/"}]}},"blog_post_layout_featured_media_urls":{"thumbnail":["https:\/\/www.umbrialeft.org\/wp-content\/uploads\/2026\/09\/Pan-Opera-Festival-repertorio-3-al-centro-Bianconi-150x150.jpg",150,150,true],"full":["https:\/\/www.umbrialeft.org\/wp-content\/uploads\/2026\/09\/Pan-Opera-Festival-repertorio-3-al-centro-Bianconi.jpg",1919,1079,false]},"categories_names":{"266":{"name":"Eventi","link":"https:\/\/www.umbrialeft.org\/index.php\/category\/eventi\/"}},"tags_names":[],"comments_number":"0","wpmagazine_modules_lite_featured_media_urls":{"thumbnail":["https:\/\/www.umbrialeft.org\/wp-content\/uploads\/2026\/09\/Pan-Opera-Festival-repertorio-3-al-centro-Bianconi-150x150.jpg",150,150,true],"cvmm-medium":["https:\/\/www.umbrialeft.org\/wp-content\/uploads\/2026\/09\/Pan-Opera-Festival-repertorio-3-al-centro-Bianconi-300x300.jpg",300,300,true],"cvmm-medium-plus":["https:\/\/www.umbrialeft.org\/wp-content\/uploads\/2026\/09\/Pan-Opera-Festival-repertorio-3-al-centro-Bianconi-305x207.jpg",305,207,true],"cvmm-portrait":["https:\/\/www.umbrialeft.org\/wp-content\/uploads\/2026\/09\/Pan-Opera-Festival-repertorio-3-al-centro-Bianconi-400x600.jpg",400,600,true],"cvmm-medium-square":["https:\/\/www.umbrialeft.org\/wp-content\/uploads\/2026\/09\/Pan-Opera-Festival-repertorio-3-al-centro-Bianconi-600x600.jpg",600,600,true],"cvmm-large":["https:\/\/www.umbrialeft.org\/wp-content\/uploads\/2026\/09\/Pan-Opera-Festival-repertorio-3-al-centro-Bianconi-1024x1024.jpg",1024,1024,true],"cvmm-small":["https:\/\/www.umbrialeft.org\/wp-content\/uploads\/2026\/09\/Pan-Opera-Festival-repertorio-3-al-centro-Bianconi-130x95.jpg",130,95,true],"full":["https:\/\/www.umbrialeft.org\/wp-content\/uploads\/2026\/09\/Pan-Opera-Festival-repertorio-3-al-centro-Bianconi.jpg",1919,1079,false]},"_links":{"self":[{"href":"https:\/\/www.umbrialeft.org\/index.php\/wp-json\/wp\/v2\/posts\/11885","targetHints":{"allow":["GET"]}}],"collection":[{"href":"https:\/\/www.umbrialeft.org\/index.php\/wp-json\/wp\/v2\/posts"}],"about":[{"href":"https:\/\/www.umbrialeft.org\/index.php\/wp-json\/wp\/v2\/types\/post"}],"author":[{"embeddable":true,"href":"https:\/\/www.umbrialeft.org\/index.php\/wp-json\/wp\/v2\/users\/8"}],"replies":[{"embeddable":true,"href":"https:\/\/www.umbrialeft.org\/index.php\/wp-json\/wp\/v2\/comments?post=11885"}],"version-history":[{"count":1,"href":"https:\/\/www.umbrialeft.org\/index.php\/wp-json\/wp\/v2\/posts\/11885\/revisions"}],"predecessor-version":[{"id":11888,"href":"https:\/\/www.umbrialeft.org\/index.php\/wp-json\/wp\/v2\/posts\/11885\/revisions\/11888"}],"wp:featuredmedia":[{"embeddable":true,"href":"https:\/\/www.umbrialeft.org\/index.php\/wp-json\/wp\/v2\/media\/11886"}],"wp:attachment":[{"href":"https:\/\/www.umbrialeft.org\/index.php\/wp-json\/wp\/v2\/media?parent=11885"}],"wp:term":[{"taxonomy":"category","embeddable":true,"href":"https:\/\/www.umbrialeft.org\/index.php\/wp-json\/wp\/v2\/categories?post=11885"},{"taxonomy":"post_tag","embeddable":true,"href":"https:\/\/www.umbrialeft.org\/index.php\/wp-json\/wp\/v2\/tags?post=11885"}],"curies":[{"name":"wp","href":"https:\/\/api.w.org\/{rel}","templated":true}]}}