{"id":11889,"date":"2026-09-01T13:10:08","date_gmt":"2026-09-01T11:10:08","guid":{"rendered":"https:\/\/www.umbrialeft.org\/?p=11889"},"modified":"2026-09-01T13:10:09","modified_gmt":"2026-09-01T11:10:09","slug":"musica-per-i-borghi-il-cartellone-estivo-si-chiude-con-omaggio-alla-orchestra-italiana-e-renzo-arbore","status":"publish","type":"post","link":"https:\/\/www.umbrialeft.org\/index.php\/2026\/09\/01\/musica-per-i-borghi-il-cartellone-estivo-si-chiude-con-omaggio-alla-orchestra-italiana-e-renzo-arbore\/","title":{"rendered":"Musica per i Borghi, il cartellone estivo si chiude con \u2018Omaggio alla Orchestra italiana e Renzo Arbore\u2019"},"content":{"rendered":"\n<h2 class=\"wp-block-heading\"><strong><em>Il festival torna a novembre e dicembre con due progetti legati ai maestri Peppe Vessicchio e Antonio Folichetti. <\/em><\/strong><strong><em>Venerd\u00ec 4 settembre alle 21.30 a Collepepe di Collazzone, sul palco grandi artisti<\/em><\/strong><strong><em><\/em><\/strong><\/h2>\n\n\n\n<p class=\"wp-block-paragraph\">(AVInews) \u2013 Collazzone, 1 set. \u2013 Si chiuder\u00e0 con il grande evento \u2018Omaggio alla Orchestra italiana e Renzo Arbore\u2019 il cartellone estivo di Musica per i Borghi, la rassegna di musica etno-popolare della Media Valle del Tevere. Il concerto, a ingresso gratuito, si terr\u00e0 venerd\u00ec 4 settembre a Collepepe, frazione di Collazzone, a partire dalle 21.30.<\/p>\n\n\n\n<p class=\"wp-block-paragraph\">Sar\u00e0 uno spettacolo che celebra una delle esperienze musicali pi\u00f9 significative della musica italiana e vedr\u00e0 sul palco un organico di grandi musicisti, composto da fondatori ed ex componenti della storica Orchestra Italiana, che hanno condiviso negli anni il percorso artistico con Renzo Arbore: Massimo Volpe (direzione, tastiere e cori), Gianni Conte (voce solista e cori), Salvatore Esposito (mandolino e cori), Michele Montefusco (chitarra classica e acustica e cori), Massimo Cecchetti (basso, voce e cori), Giovanni Imparato (percussioni e voce e cori) e Roberto Ciscognetti (batteria). Ci saranno anche altri ospiti tra cui Anna Rita Di Pace (voce, coro e violino acustico), Marcello Squillante (voce e fisarmonica) e Stefano Scartocci pianista e collaboratore per oltre venti anni di Lucio Dalla. Un\u2019occasione per riascoltare i grandi successi del gruppo con un repertorio che spazia nella musica napoletana, riletta in chiave moderna e internazionale, con contaminazioni jazz, swing e blues.<\/p>\n\n\n\n<p class=\"wp-block-paragraph\">Musica per i borghi torner\u00e0 poi tra novembre e dicembre con due progetti culturali legati ad altrettante figure importanti per il festival e il territorio: il maestro Peppe Vessicchio, che \u00e8 stato direttore artistico di Musica per i Borghi, e il maestro Antonio Folichetti. Con la Fondazione nata per celebrare e promuovere l&#8217;eredit\u00e0 artistica del maestro Folichetti, artista poliedrico noto per le sue opere ceramiche, scultoree e pittoriche, il festival ha infatti avviato da tempo una collaborazione.<\/p>\n","protected":false},"excerpt":{"rendered":"<p>Il festival torna a novembre e dicembre con due progetti legati ai maestri Peppe Vessicchio e Antonio Folichetti. Venerd\u00ec 4 settembre alle 21.30 a Collepepe di Collazzone, sul palco grandi artisti (AVInews) \u2013 Collazzone, 1 set. \u2013 Si chiuder\u00e0 con il grande evento \u2018Omaggio alla Orchestra italiana e Renzo Arbore\u2019 il cartellone estivo di Musica<\/p>\n","protected":false},"author":8,"featured_media":11890,"comment_status":"closed","ping_status":"closed","sticky":false,"template":"","format":"standard","meta":{"footnotes":""},"categories":[266],"tags":[],"class_list":["post-11889","post","type-post","status-publish","format-standard","has-post-thumbnail","hentry","category-eventi"],"yoast_head":"<!-- This site is optimized with the Yoast SEO plugin v28.4 - https:\/\/yoast.com\/product\/yoast-seo-wordpress\/ -->\n<title>Musica per i Borghi, il cartellone estivo si chiude con \u2018Omaggio alla Orchestra italiana e Renzo Arbore\u2019 - UmbriaLeft<\/title>\n<meta name=\"robots\" content=\"index, follow, max-snippet:-1, max-image-preview:large, max-video-preview:-1\" \/>\n<link rel=\"canonical\" href=\"https:\/\/www.umbrialeft.org\/index.php\/2026\/09\/01\/musica-per-i-borghi-il-cartellone-estivo-si-chiude-con-omaggio-alla-orchestra-italiana-e-renzo-arbore\/\" \/>\n<meta property=\"og:locale\" content=\"it_IT\" \/>\n<meta property=\"og:type\" content=\"article\" \/>\n<meta property=\"og:title\" content=\"Musica per i Borghi, il cartellone estivo si chiude con \u2018Omaggio alla Orchestra italiana e Renzo Arbore\u2019 - UmbriaLeft\" \/>\n<meta property=\"og:description\" content=\"Il festival torna a novembre e dicembre con due progetti legati ai maestri Peppe Vessicchio e Antonio Folichetti. Venerd\u00ec 4 settembre alle 21.30 a Collepepe di Collazzone, sul palco grandi artisti (AVInews) \u2013 Collazzone, 1 set. \u2013 Si chiuder\u00e0 con il grande evento \u2018Omaggio alla Orchestra italiana e Renzo Arbore\u2019 il cartellone estivo di Musica\" \/>\n<meta property=\"og:url\" content=\"https:\/\/www.umbrialeft.org\/index.php\/2026\/09\/01\/musica-per-i-borghi-il-cartellone-estivo-si-chiude-con-omaggio-alla-orchestra-italiana-e-renzo-arbore\/\" \/>\n<meta property=\"og:site_name\" content=\"UmbriaLeft\" \/>\n<meta property=\"article:publisher\" content=\"https:\/\/www.facebook.com\/UmbriaLeft2004\" \/>\n<meta property=\"article:published_time\" content=\"2026-09-01T11:10:08+00:00\" \/>\n<meta property=\"article:modified_time\" content=\"2026-09-01T11:10:09+00:00\" \/>\n<meta property=\"og:image\" content=\"https:\/\/www.umbrialeft.org\/wp-content\/uploads\/2026\/09\/Omaggio-alla-Orchestra-italiana-e-Renzo-Arbore.jpg\" \/>\n\t<meta property=\"og:image:width\" content=\"1638\" \/>\n\t<meta property=\"og:image:height\" content=\"2048\" \/>\n\t<meta property=\"og:image:type\" content=\"image\/jpeg\" \/>\n<meta name=\"author\" content=\"Nicola81\" \/>\n<meta name=\"twitter:card\" content=\"summary_large_image\" \/>\n<meta name=\"twitter:label1\" content=\"Scritto da\" \/>\n\t<meta name=\"twitter:data1\" content=\"Nicola81\" \/>\n\t<meta name=\"twitter:label2\" content=\"Tempo di lettura stimato\" \/>\n\t<meta name=\"twitter:data2\" content=\"2 minuti\" \/>\n<script type=\"application\/ld+json\" class=\"yoast-schema-graph\">{\"@context\":\"https:\\\/\\\/schema.org\",\"@graph\":[{\"@type\":\"Article\",\"@id\":\"https:\\\/\\\/www.umbrialeft.org\\\/index.php\\\/2026\\\/09\\\/01\\\/musica-per-i-borghi-il-cartellone-estivo-si-chiude-con-omaggio-alla-orchestra-italiana-e-renzo-arbore\\\/#article\",\"isPartOf\":{\"@id\":\"https:\\\/\\\/www.umbrialeft.org\\\/index.php\\\/2026\\\/09\\\/01\\\/musica-per-i-borghi-il-cartellone-estivo-si-chiude-con-omaggio-alla-orchestra-italiana-e-renzo-arbore\\\/\"},\"author\":{\"name\":\"Nicola81\",\"@id\":\"https:\\\/\\\/www.umbrialeft.org\\\/#\\\/schema\\\/person\\\/556bd3a44a8a07e2070b7a419cdc18ac\"},\"headline\":\"Musica per i Borghi, il cartellone estivo si chiude con \u2018Omaggio alla Orchestra italiana e Renzo Arbore\u2019\",\"datePublished\":\"2026-09-01T11:10:08+00:00\",\"dateModified\":\"2026-09-01T11:10:09+00:00\",\"mainEntityOfPage\":{\"@id\":\"https:\\\/\\\/www.umbrialeft.org\\\/index.php\\\/2026\\\/09\\\/01\\\/musica-per-i-borghi-il-cartellone-estivo-si-chiude-con-omaggio-alla-orchestra-italiana-e-renzo-arbore\\\/\"},\"wordCount\":323,\"publisher\":{\"@id\":\"https:\\\/\\\/www.umbrialeft.org\\\/#organization\"},\"image\":{\"@id\":\"https:\\\/\\\/www.umbrialeft.org\\\/index.php\\\/2026\\\/09\\\/01\\\/musica-per-i-borghi-il-cartellone-estivo-si-chiude-con-omaggio-alla-orchestra-italiana-e-renzo-arbore\\\/#primaryimage\"},\"thumbnailUrl\":\"https:\\\/\\\/www.umbrialeft.org\\\/wp-content\\\/uploads\\\/2026\\\/09\\\/Omaggio-alla-Orchestra-italiana-e-Renzo-Arbore.jpg\",\"articleSection\":[\"Eventi\"],\"inLanguage\":\"it-IT\"},{\"@type\":\"WebPage\",\"@id\":\"https:\\\/\\\/www.umbrialeft.org\\\/index.php\\\/2026\\\/09\\\/01\\\/musica-per-i-borghi-il-cartellone-estivo-si-chiude-con-omaggio-alla-orchestra-italiana-e-renzo-arbore\\\/\",\"url\":\"https:\\\/\\\/www.umbrialeft.org\\\/index.php\\\/2026\\\/09\\\/01\\\/musica-per-i-borghi-il-cartellone-estivo-si-chiude-con-omaggio-alla-orchestra-italiana-e-renzo-arbore\\\/\",\"name\":\"Musica per i Borghi, il cartellone estivo si chiude con \u2018Omaggio alla Orchestra italiana e Renzo Arbore\u2019 - UmbriaLeft\",\"isPartOf\":{\"@id\":\"https:\\\/\\\/www.umbrialeft.org\\\/#website\"},\"primaryImageOfPage\":{\"@id\":\"https:\\\/\\\/www.umbrialeft.org\\\/index.php\\\/2026\\\/09\\\/01\\\/musica-per-i-borghi-il-cartellone-estivo-si-chiude-con-omaggio-alla-orchestra-italiana-e-renzo-arbore\\\/#primaryimage\"},\"image\":{\"@id\":\"https:\\\/\\\/www.umbrialeft.org\\\/index.php\\\/2026\\\/09\\\/01\\\/musica-per-i-borghi-il-cartellone-estivo-si-chiude-con-omaggio-alla-orchestra-italiana-e-renzo-arbore\\\/#primaryimage\"},\"thumbnailUrl\":\"https:\\\/\\\/www.umbrialeft.org\\\/wp-content\\\/uploads\\\/2026\\\/09\\\/Omaggio-alla-Orchestra-italiana-e-Renzo-Arbore.jpg\",\"datePublished\":\"2026-09-01T11:10:08+00:00\",\"dateModified\":\"2026-09-01T11:10:09+00:00\",\"breadcrumb\":{\"@id\":\"https:\\\/\\\/www.umbrialeft.org\\\/index.php\\\/2026\\\/09\\\/01\\\/musica-per-i-borghi-il-cartellone-estivo-si-chiude-con-omaggio-alla-orchestra-italiana-e-renzo-arbore\\\/#breadcrumb\"},\"inLanguage\":\"it-IT\",\"potentialAction\":[{\"@type\":\"ReadAction\",\"target\":[\"https:\\\/\\\/www.umbrialeft.org\\\/index.php\\\/2026\\\/09\\\/01\\\/musica-per-i-borghi-il-cartellone-estivo-si-chiude-con-omaggio-alla-orchestra-italiana-e-renzo-arbore\\\/\"]}]},{\"@type\":\"ImageObject\",\"inLanguage\":\"it-IT\",\"@id\":\"https:\\\/\\\/www.umbrialeft.org\\\/index.php\\\/2026\\\/09\\\/01\\\/musica-per-i-borghi-il-cartellone-estivo-si-chiude-con-omaggio-alla-orchestra-italiana-e-renzo-arbore\\\/#primaryimage\",\"url\":\"https:\\\/\\\/www.umbrialeft.org\\\/wp-content\\\/uploads\\\/2026\\\/09\\\/Omaggio-alla-Orchestra-italiana-e-Renzo-Arbore.jpg\",\"contentUrl\":\"https:\\\/\\\/www.umbrialeft.org\\\/wp-content\\\/uploads\\\/2026\\\/09\\\/Omaggio-alla-Orchestra-italiana-e-Renzo-Arbore.jpg\",\"width\":1638,\"height\":2048},{\"@type\":\"BreadcrumbList\",\"@id\":\"https:\\\/\\\/www.umbrialeft.org\\\/index.php\\\/2026\\\/09\\\/01\\\/musica-per-i-borghi-il-cartellone-estivo-si-chiude-con-omaggio-alla-orchestra-italiana-e-renzo-arbore\\\/#breadcrumb\",\"itemListElement\":[{\"@type\":\"ListItem\",\"position\":1,\"name\":\"Home\",\"item\":\"https:\\\/\\\/www.umbrialeft.org\\\/\"},{\"@type\":\"ListItem\",\"position\":2,\"name\":\"Musica per i Borghi, il cartellone estivo si chiude con \u2018Omaggio alla Orchestra italiana e Renzo Arbore\u2019\"}]},{\"@type\":\"WebSite\",\"@id\":\"https:\\\/\\\/www.umbrialeft.org\\\/#website\",\"url\":\"https:\\\/\\\/www.umbrialeft.org\\\/\",\"name\":\"UmbriaLeft\",\"description\":\"\",\"publisher\":{\"@id\":\"https:\\\/\\\/www.umbrialeft.org\\\/#organization\"},\"potentialAction\":[{\"@type\":\"SearchAction\",\"target\":{\"@type\":\"EntryPoint\",\"urlTemplate\":\"https:\\\/\\\/www.umbrialeft.org\\\/?s={search_term_string}\"},\"query-input\":{\"@type\":\"PropertyValueSpecification\",\"valueRequired\":true,\"valueName\":\"search_term_string\"}}],\"inLanguage\":\"it-IT\"},{\"@type\":\"Organization\",\"@id\":\"https:\\\/\\\/www.umbrialeft.org\\\/#organization\",\"name\":\"UmbriaLeft\",\"url\":\"https:\\\/\\\/www.umbrialeft.org\\\/\",\"logo\":{\"@type\":\"ImageObject\",\"inLanguage\":\"it-IT\",\"@id\":\"https:\\\/\\\/www.umbrialeft.org\\\/#\\\/schema\\\/logo\\\/image\\\/\",\"url\":\"https:\\\/\\\/www.umbrialeft.org\\\/wp-content\\\/uploads\\\/2025\\\/03\\\/community_logo-1.png\",\"contentUrl\":\"https:\\\/\\\/www.umbrialeft.org\\\/wp-content\\\/uploads\\\/2025\\\/03\\\/community_logo-1.png\",\"width\":517,\"height\":85,\"caption\":\"UmbriaLeft\"},\"image\":{\"@id\":\"https:\\\/\\\/www.umbrialeft.org\\\/#\\\/schema\\\/logo\\\/image\\\/\"},\"sameAs\":[\"https:\\\/\\\/www.facebook.com\\\/UmbriaLeft2004\"]},{\"@type\":\"Person\",\"@id\":\"https:\\\/\\\/www.umbrialeft.org\\\/#\\\/schema\\\/person\\\/556bd3a44a8a07e2070b7a419cdc18ac\",\"name\":\"Nicola81\",\"image\":{\"@type\":\"ImageObject\",\"inLanguage\":\"it-IT\",\"@id\":\"https:\\\/\\\/secure.gravatar.com\\\/avatar\\\/0cc11ef7d37e4c3709d5db9269d6d2d459b71fe080f18f30593534d61156d537?s=96&d=mm&r=g\",\"url\":\"https:\\\/\\\/secure.gravatar.com\\\/avatar\\\/0cc11ef7d37e4c3709d5db9269d6d2d459b71fe080f18f30593534d61156d537?s=96&d=mm&r=g\",\"contentUrl\":\"https:\\\/\\\/secure.gravatar.com\\\/avatar\\\/0cc11ef7d37e4c3709d5db9269d6d2d459b71fe080f18f30593534d61156d537?s=96&d=mm&r=g\",\"caption\":\"Nicola81\"},\"url\":\"https:\\\/\\\/www.umbrialeft.org\\\/index.php\\\/author\\\/nicola81\\\/\"}]}<\/script>\n<!-- \/ Yoast SEO plugin. -->","yoast_head_json":{"title":"Musica per i Borghi, il cartellone estivo si chiude con \u2018Omaggio alla Orchestra italiana e Renzo Arbore\u2019 - UmbriaLeft","robots":{"index":"index","follow":"follow","max-snippet":"max-snippet:-1","max-image-preview":"max-image-preview:large","max-video-preview":"max-video-preview:-1"},"canonical":"https:\/\/www.umbrialeft.org\/index.php\/2026\/09\/01\/musica-per-i-borghi-il-cartellone-estivo-si-chiude-con-omaggio-alla-orchestra-italiana-e-renzo-arbore\/","og_locale":"it_IT","og_type":"article","og_title":"Musica per i Borghi, il cartellone estivo si chiude con \u2018Omaggio alla Orchestra italiana e Renzo Arbore\u2019 - UmbriaLeft","og_description":"Il festival torna a novembre e dicembre con due progetti legati ai maestri Peppe Vessicchio e Antonio Folichetti. Venerd\u00ec 4 settembre alle 21.30 a Collepepe di Collazzone, sul palco grandi artisti (AVInews) \u2013 Collazzone, 1 set. \u2013 Si chiuder\u00e0 con il grande evento \u2018Omaggio alla Orchestra italiana e Renzo Arbore\u2019 il cartellone estivo di Musica","og_url":"https:\/\/www.umbrialeft.org\/index.php\/2026\/09\/01\/musica-per-i-borghi-il-cartellone-estivo-si-chiude-con-omaggio-alla-orchestra-italiana-e-renzo-arbore\/","og_site_name":"UmbriaLeft","article_publisher":"https:\/\/www.facebook.com\/UmbriaLeft2004","article_published_time":"2026-09-01T11:10:08+00:00","article_modified_time":"2026-09-01T11:10:09+00:00","og_image":[{"width":1638,"height":2048,"url":"https:\/\/www.umbrialeft.org\/wp-content\/uploads\/2026\/09\/Omaggio-alla-Orchestra-italiana-e-Renzo-Arbore.jpg","type":"image\/jpeg"}],"author":"Nicola81","twitter_card":"summary_large_image","twitter_misc":{"Scritto da":"Nicola81","Tempo di lettura stimato":"2 minuti"},"schema":{"@context":"https:\/\/schema.org","@graph":[{"@type":"Article","@id":"https:\/\/www.umbrialeft.org\/index.php\/2026\/09\/01\/musica-per-i-borghi-il-cartellone-estivo-si-chiude-con-omaggio-alla-orchestra-italiana-e-renzo-arbore\/#article","isPartOf":{"@id":"https:\/\/www.umbrialeft.org\/index.php\/2026\/09\/01\/musica-per-i-borghi-il-cartellone-estivo-si-chiude-con-omaggio-alla-orchestra-italiana-e-renzo-arbore\/"},"author":{"name":"Nicola81","@id":"https:\/\/www.umbrialeft.org\/#\/schema\/person\/556bd3a44a8a07e2070b7a419cdc18ac"},"headline":"Musica per i Borghi, il cartellone estivo si chiude con \u2018Omaggio alla Orchestra italiana e Renzo Arbore\u2019","datePublished":"2026-09-01T11:10:08+00:00","dateModified":"2026-09-01T11:10:09+00:00","mainEntityOfPage":{"@id":"https:\/\/www.umbrialeft.org\/index.php\/2026\/09\/01\/musica-per-i-borghi-il-cartellone-estivo-si-chiude-con-omaggio-alla-orchestra-italiana-e-renzo-arbore\/"},"wordCount":323,"publisher":{"@id":"https:\/\/www.umbrialeft.org\/#organization"},"image":{"@id":"https:\/\/www.umbrialeft.org\/index.php\/2026\/09\/01\/musica-per-i-borghi-il-cartellone-estivo-si-chiude-con-omaggio-alla-orchestra-italiana-e-renzo-arbore\/#primaryimage"},"thumbnailUrl":"https:\/\/www.umbrialeft.org\/wp-content\/uploads\/2026\/09\/Omaggio-alla-Orchestra-italiana-e-Renzo-Arbore.jpg","articleSection":["Eventi"],"inLanguage":"it-IT"},{"@type":"WebPage","@id":"https:\/\/www.umbrialeft.org\/index.php\/2026\/09\/01\/musica-per-i-borghi-il-cartellone-estivo-si-chiude-con-omaggio-alla-orchestra-italiana-e-renzo-arbore\/","url":"https:\/\/www.umbrialeft.org\/index.php\/2026\/09\/01\/musica-per-i-borghi-il-cartellone-estivo-si-chiude-con-omaggio-alla-orchestra-italiana-e-renzo-arbore\/","name":"Musica per i Borghi, il cartellone estivo si chiude con \u2018Omaggio alla Orchestra italiana e Renzo Arbore\u2019 - UmbriaLeft","isPartOf":{"@id":"https:\/\/www.umbrialeft.org\/#website"},"primaryImageOfPage":{"@id":"https:\/\/www.umbrialeft.org\/index.php\/2026\/09\/01\/musica-per-i-borghi-il-cartellone-estivo-si-chiude-con-omaggio-alla-orchestra-italiana-e-renzo-arbore\/#primaryimage"},"image":{"@id":"https:\/\/www.umbrialeft.org\/index.php\/2026\/09\/01\/musica-per-i-borghi-il-cartellone-estivo-si-chiude-con-omaggio-alla-orchestra-italiana-e-renzo-arbore\/#primaryimage"},"thumbnailUrl":"https:\/\/www.umbrialeft.org\/wp-content\/uploads\/2026\/09\/Omaggio-alla-Orchestra-italiana-e-Renzo-Arbore.jpg","datePublished":"2026-09-01T11:10:08+00:00","dateModified":"2026-09-01T11:10:09+00:00","breadcrumb":{"@id":"https:\/\/www.umbrialeft.org\/index.php\/2026\/09\/01\/musica-per-i-borghi-il-cartellone-estivo-si-chiude-con-omaggio-alla-orchestra-italiana-e-renzo-arbore\/#breadcrumb"},"inLanguage":"it-IT","potentialAction":[{"@type":"ReadAction","target":["https:\/\/www.umbrialeft.org\/index.php\/2026\/09\/01\/musica-per-i-borghi-il-cartellone-estivo-si-chiude-con-omaggio-alla-orchestra-italiana-e-renzo-arbore\/"]}]},{"@type":"ImageObject","inLanguage":"it-IT","@id":"https:\/\/www.umbrialeft.org\/index.php\/2026\/09\/01\/musica-per-i-borghi-il-cartellone-estivo-si-chiude-con-omaggio-alla-orchestra-italiana-e-renzo-arbore\/#primaryimage","url":"https:\/\/www.umbrialeft.org\/wp-content\/uploads\/2026\/09\/Omaggio-alla-Orchestra-italiana-e-Renzo-Arbore.jpg","contentUrl":"https:\/\/www.umbrialeft.org\/wp-content\/uploads\/2026\/09\/Omaggio-alla-Orchestra-italiana-e-Renzo-Arbore.jpg","width":1638,"height":2048},{"@type":"BreadcrumbList","@id":"https:\/\/www.umbrialeft.org\/index.php\/2026\/09\/01\/musica-per-i-borghi-il-cartellone-estivo-si-chiude-con-omaggio-alla-orchestra-italiana-e-renzo-arbore\/#breadcrumb","itemListElement":[{"@type":"ListItem","position":1,"name":"Home","item":"https:\/\/www.umbrialeft.org\/"},{"@type":"ListItem","position":2,"name":"Musica per i Borghi, il cartellone estivo si chiude con \u2018Omaggio alla Orchestra italiana e Renzo Arbore\u2019"}]},{"@type":"WebSite","@id":"https:\/\/www.umbrialeft.org\/#website","url":"https:\/\/www.umbrialeft.org\/","name":"UmbriaLeft","description":"","publisher":{"@id":"https:\/\/www.umbrialeft.org\/#organization"},"potentialAction":[{"@type":"SearchAction","target":{"@type":"EntryPoint","urlTemplate":"https:\/\/www.umbrialeft.org\/?s={search_term_string}"},"query-input":{"@type":"PropertyValueSpecification","valueRequired":true,"valueName":"search_term_string"}}],"inLanguage":"it-IT"},{"@type":"Organization","@id":"https:\/\/www.umbrialeft.org\/#organization","name":"UmbriaLeft","url":"https:\/\/www.umbrialeft.org\/","logo":{"@type":"ImageObject","inLanguage":"it-IT","@id":"https:\/\/www.umbrialeft.org\/#\/schema\/logo\/image\/","url":"https:\/\/www.umbrialeft.org\/wp-content\/uploads\/2025\/03\/community_logo-1.png","contentUrl":"https:\/\/www.umbrialeft.org\/wp-content\/uploads\/2025\/03\/community_logo-1.png","width":517,"height":85,"caption":"UmbriaLeft"},"image":{"@id":"https:\/\/www.umbrialeft.org\/#\/schema\/logo\/image\/"},"sameAs":["https:\/\/www.facebook.com\/UmbriaLeft2004"]},{"@type":"Person","@id":"https:\/\/www.umbrialeft.org\/#\/schema\/person\/556bd3a44a8a07e2070b7a419cdc18ac","name":"Nicola81","image":{"@type":"ImageObject","inLanguage":"it-IT","@id":"https:\/\/secure.gravatar.com\/avatar\/0cc11ef7d37e4c3709d5db9269d6d2d459b71fe080f18f30593534d61156d537?s=96&d=mm&r=g","url":"https:\/\/secure.gravatar.com\/avatar\/0cc11ef7d37e4c3709d5db9269d6d2d459b71fe080f18f30593534d61156d537?s=96&d=mm&r=g","contentUrl":"https:\/\/secure.gravatar.com\/avatar\/0cc11ef7d37e4c3709d5db9269d6d2d459b71fe080f18f30593534d61156d537?s=96&d=mm&r=g","caption":"Nicola81"},"url":"https:\/\/www.umbrialeft.org\/index.php\/author\/nicola81\/"}]}},"blog_post_layout_featured_media_urls":{"thumbnail":["https:\/\/www.umbrialeft.org\/wp-content\/uploads\/2026\/09\/Omaggio-alla-Orchestra-italiana-e-Renzo-Arbore-150x150.jpg",150,150,true],"full":["https:\/\/www.umbrialeft.org\/wp-content\/uploads\/2026\/09\/Omaggio-alla-Orchestra-italiana-e-Renzo-Arbore.jpg",1638,2048,false]},"categories_names":{"266":{"name":"Eventi","link":"https:\/\/www.umbrialeft.org\/index.php\/category\/eventi\/"}},"tags_names":[],"comments_number":"0","wpmagazine_modules_lite_featured_media_urls":{"thumbnail":["https:\/\/www.umbrialeft.org\/wp-content\/uploads\/2026\/09\/Omaggio-alla-Orchestra-italiana-e-Renzo-Arbore-150x150.jpg",150,150,true],"cvmm-medium":["https:\/\/www.umbrialeft.org\/wp-content\/uploads\/2026\/09\/Omaggio-alla-Orchestra-italiana-e-Renzo-Arbore-300x300.jpg",300,300,true],"cvmm-medium-plus":["https:\/\/www.umbrialeft.org\/wp-content\/uploads\/2026\/09\/Omaggio-alla-Orchestra-italiana-e-Renzo-Arbore-305x207.jpg",305,207,true],"cvmm-portrait":["https:\/\/www.umbrialeft.org\/wp-content\/uploads\/2026\/09\/Omaggio-alla-Orchestra-italiana-e-Renzo-Arbore-400x600.jpg",400,600,true],"cvmm-medium-square":["https:\/\/www.umbrialeft.org\/wp-content\/uploads\/2026\/09\/Omaggio-alla-Orchestra-italiana-e-Renzo-Arbore-600x600.jpg",600,600,true],"cvmm-large":["https:\/\/www.umbrialeft.org\/wp-content\/uploads\/2026\/09\/Omaggio-alla-Orchestra-italiana-e-Renzo-Arbore-1024x1024.jpg",1024,1024,true],"cvmm-small":["https:\/\/www.umbrialeft.org\/wp-content\/uploads\/2026\/09\/Omaggio-alla-Orchestra-italiana-e-Renzo-Arbore-130x95.jpg",130,95,true],"full":["https:\/\/www.umbrialeft.org\/wp-content\/uploads\/2026\/09\/Omaggio-alla-Orchestra-italiana-e-Renzo-Arbore.jpg",1638,2048,false]},"_links":{"self":[{"href":"https:\/\/www.umbrialeft.org\/index.php\/wp-json\/wp\/v2\/posts\/11889","targetHints":{"allow":["GET"]}}],"collection":[{"href":"https:\/\/www.umbrialeft.org\/index.php\/wp-json\/wp\/v2\/posts"}],"about":[{"href":"https:\/\/www.umbrialeft.org\/index.php\/wp-json\/wp\/v2\/types\/post"}],"author":[{"embeddable":true,"href":"https:\/\/www.umbrialeft.org\/index.php\/wp-json\/wp\/v2\/users\/8"}],"replies":[{"embeddable":true,"href":"https:\/\/www.umbrialeft.org\/index.php\/wp-json\/wp\/v2\/comments?post=11889"}],"version-history":[{"count":1,"href":"https:\/\/www.umbrialeft.org\/index.php\/wp-json\/wp\/v2\/posts\/11889\/revisions"}],"predecessor-version":[{"id":11891,"href":"https:\/\/www.umbrialeft.org\/index.php\/wp-json\/wp\/v2\/posts\/11889\/revisions\/11891"}],"wp:featuredmedia":[{"embeddable":true,"href":"https:\/\/www.umbrialeft.org\/index.php\/wp-json\/wp\/v2\/media\/11890"}],"wp:attachment":[{"href":"https:\/\/www.umbrialeft.org\/index.php\/wp-json\/wp\/v2\/media?parent=11889"}],"wp:term":[{"taxonomy":"category","embeddable":true,"href":"https:\/\/www.umbrialeft.org\/index.php\/wp-json\/wp\/v2\/categories?post=11889"},{"taxonomy":"post_tag","embeddable":true,"href":"https:\/\/www.umbrialeft.org\/index.php\/wp-json\/wp\/v2\/tags?post=11889"}],"curies":[{"name":"wp","href":"https:\/\/api.w.org\/{rel}","templated":true}]}}