{"id":11892,"date":"2026-09-01T13:37:45","date_gmt":"2026-09-01T11:37:45","guid":{"rendered":"https:\/\/www.umbrialeft.org\/?p=11892"},"modified":"2026-09-01T13:44:53","modified_gmt":"2026-09-01T11:44:53","slug":"valtopina-capitale-della-cultura-tessile-con-la-22a-mostra-del-ricamo-e-del-tessuto","status":"publish","type":"post","link":"https:\/\/www.umbrialeft.org\/index.php\/2026\/09\/01\/valtopina-capitale-della-cultura-tessile-con-la-22a-mostra-del-ricamo-e-del-tessuto\/","title":{"rendered":"Valtopina capitale della cultura tessile con la 22\u00aa Mostra del ricamo e del tessuto"},"content":{"rendered":"\n<p class=\"wp-block-paragraph\"><strong><em>Esposizioni, convegni, laboratori per grandi e piccini, concorsi e workshop &#8211; Dal 4 al 6 settembre la manifestazione si snoda per il centro storico in un \u2018Percorso del filo\u2019<\/em><\/strong><\/p>\n\n\n\n<p class=\"wp-block-paragraph\">(AVInews) \u2013 Perugia, 1 sett. \u2013 Un evento diffuso nel centro storico che trasforma Valtopina nella capitale della cultura tessile da venerd\u00ec 4 a domenica 6 settembre, quando il piccolo borgo ospita la 22\u00aa Mostra del ricamo a mano e del tessuto artigianale. La manifestazione si estende lungo un \u2018Percorso del filo\u2019 che dai due padiglioni del Palasport, cuore espositivo (l\u2019uno ospita oltre 90 artigiani del ricamo e del tessile, l\u2019altro pi\u00f9 commerciale), arriva fino al Palazzo comunale, per poi coinvolgere anche Biblioteca, Sala della Canonica, Sala Consiliare, Sala Gandini e il Museo del ricamo e del tessile, spazi questi che accolgono mostre collaterali e convegni.<\/p>\n\n\n\n<p class=\"wp-block-paragraph\">Richiamando una tradizione diffusa nel territorio, la Mostra del ricamo e del tessuto \u00e8 diventata un punto di riferimento per tutti gli appassionati del settore, vetrina della migliore produzione e ricerca nel campo del ricamo, del merletto e del tessuto, nazionale e internazionale. Il programma di questa 22\u00aa edizione<strong> <\/strong>\u00e8 stato presentato a Perugia, marted\u00ec primo settembre, da Gabriele Coccia e Bianca Rosa Gallina, rispettivamente sindaco e assessore alla Cultura di Valtopina. Accanto a loro anche Maria Mancini, presidente della Scuola Ricamo Valtopina e responsabile del Museo del ricamo e del tessile; Silvia Capiluppi, architetto, naturopata e artista; Barbara Pavan, curatrice indipendente di Fiber e textile art contemporanea. Presente, inoltre, Sarah Bistocchi, presidente dell\u2019Assemblea legislativa dell\u2019Umbria ed \u00e8 intervenuta anche la presidente della Regione Umbria, Stefania Proietti.<\/p>\n\n\n\n<p class=\"wp-block-paragraph\">Venerd\u00ec 4 settembre, dunque, \u00e8 fissata l\u2019inaugurazione alle 10.30 al Palasport, seguita alle 11.30 dall\u2019apertura, al Museo del ricamo e del tessile, della mostra \u2018L\u2019amor che move il sole e l\u2019altre stelle\u2019, a cura di Barbara Pavan. Il pomeriggio alle 16.30 spazio alla tavola rotonda dal titolo \u2018Filo e cultura, geografie del filo\u2019 al Palasport, durante la quale si parler\u00e0 di modelli di sviluppo locale partendo dall\u2019idea che il filo nelle valli italiane non \u00e8 solo un\u2019eredit\u00e0 del passato, ma una risorsa viva capace di generare valore economico, rafforzare l&#8217;identit\u00e0 e aprire nuove prospettive. L\u2019incontro nasce dal dialogo fra tre esperienze concrete provenienti da Valle d\u2019Aosta, Abruzzo e Calabria e sar\u00e0 moderato da Barbara Pavan. La serata si chiude nella piazzetta del Teatrino con \u2018Moda e seduzione\u2019 alle 21.30, un excursus nella moda italiana fra Ottocento e Novecento, con abiti che \u201cescono dagli armadi di collezioniste private e dai bauli delle nonne\u201d, anticipano gli organizzatori, nel d\u00e9fil\u00e8 condotto da Ambra Cenci. La stessa presenter\u00e0 poi il suo libro \u2018Seduzione ribelle\u2019, un viaggio nella moda degli anni Venti sabato 5 (ore 16.30 Stanza del filo, Palasport); e ancora sabato, una riflessione sulla contemporaneit\u00e0 dell\u2019artigianato (ore 10.30, Sala Gandini) che vedr\u00e0 gli interventi di Luca Corinaldesi, ceo del Ricamificio Filottranese, Diana Ilisei, collezionista di costumi rumeni e Franca Verteramo, maestra artigiana, coordinati dal sociologo Roberto Segatori.<\/p>\n\n\n\n<p class=\"wp-block-paragraph\">La Mostra del ricamo e del tessuto di Valtopina apre le porte a numerose esposizioni e progetti artistici nei tre giorni dell\u2019evento, oltre a laboratori, corsi di ricamo, workshop e concorsi:<strong> <\/strong>da \u2018Ricamare l\u2019Umbria\u2019, concorso con cui quest\u2019anno la Scuola di ricamo ha voluto porre l\u2019attenzione sui luoghi e i maestri dell\u2019arte in Umbria, invitando a cercare ispirazione negli affreschi di Giotto (i manufatti sono esposti all&#8217;interno del Palasport e la premiazione \u00e8 fissata per domenica 6 alle ore 11, quando sar\u00e0 anche assegnato il riconoscimento \u2018Messaggeri di filo\u2019, a chi si \u00e8 distinto nella diffusione della cultura tessile) a \u2018Racconto una favola con le mie mani\u2019, concorso mirato a valorizzare il talento delle ricamatrici attraverso un percorso creativo ispirato ai motivi decorativi in ferro battuto della tradizione umbra, reinterpretati in chiave contemporanea. Il progetto, ideato e coordinato da Katya Fernandez, ricamatrice per il Teatro alla Scala e collaboratrice con diverse case di alta moda italiane, sar\u00e0 presentato durante il convegno di sabato 5 settembre. Da segnalare anche \u2018LenzuoliSOSpesi\u2019, un progetto artistico corale curato da Silvia Capiluppi che dal 2018 riunisce migliaia di persone in Italia e nel mondo; in occasione dell\u2019VIII Centenario della morte di san Francesco d\u2019Assisi, due nuovi LenzuoliSOSpesi rendono cos\u00ec omaggio al santo: sono il 181\u00b0 e il 182\u00b0, che invitano a una riflessione sui sentimenti di sorellanza e fratellanza e su due elementi della Natura, acqua e vento, tanto cari a Francesco; c\u2019\u00e8 poi \u2018Trame d\u2019autore\u2019, progetto a cura della Scuola di ricamo di Valtopina, nato da un\u2019idea di Maria Mancini e Rosalba Pepi, in collaborazione con La Congrega di Ancona, che unisce diverse culture e tecniche per realizzare camicie-kimono, vere e proprie opere d\u2019arte da indossare, esposte in mostra. Valtopina ospita anche la terza Biennale internazionale di Fiber art contemporanea &#8211; Biennale off, grazie alla curatrice indipendente Barbara Pavan, con le mostre visitabili dalle 9 alle 20 nei tre giorni: \u2018Un tempo altro\u2019 (Biblioteca comunale); la gi\u00e0 citata \u2018L\u2019amor che move il sole e l\u2019altre stelle\u2019 (Museo del ricamo e del tessile, fino all\u20198 dicembre); Soperchi ornamenti (Sala consiliare del Palazzo Comunale). Ci sono poi le esposizioni \u2018Dalla regina Vittoria a Grace Kelly\u2019, a cura di Lucia Clerici (Palazzo Comunale, piano nobile), \u2018Un altro filo\u2019 (Palasport, Stanza del filo) con gli espositori Lucia Molinis, Marjatta Hietaniemi, Marianne Muller ed Ebe Ciampalini, \u2018Immaginifici giardini di filo\u2019 di Maria Bissacco e Luisa De Santi (Sala della Canonica), oltre a \u2018Urban textile art\u2019, installazioni diffuse per le vie del paese, da un\u2019idea di Maria Mancini e Giulio Piermatti.<\/p>\n\n\n\n<p class=\"wp-block-paragraph\">La Mostra del ricamo e del tessuto di Valtopina dedica ampio spazio ai pi\u00f9 piccoli con i laboratori gratuiti di \u2018Giochi di filo\u2019, per bambini dai 2 ai 10 anni (prenotazione obbligatoria, 348.1995238); per i \u2018grandi\u2019 ci sono, inoltre, il laboratorio di arteterapia \u2018Il gomitolo della vita\u2019, a cura di Tiziana Luciani, un percorso esperienziale ispirato agli affreschi francescani della Basilica di Assisi (domenica 6, sala Gandini, Palazzo delle associazioni; informazioni e iscrizioni: 338.4549132), oltre a minicorsi e workshop di ricamo e cesteria, con prenotazione tramite il sito ufficiale (www.mostravaltopina.com). Infine, per chi ha bisogno di ristorarsi, taverna aperta a pranzo e a cena nel centro Subasio, con piatti della tradizione e tipicit\u00e0 umbre (prenotazione: 338.3968049; 333.4418922).<\/p>\n\n\n\n<p class=\"wp-block-paragraph\"><strong>Dichiarazioni:<\/strong><\/p>\n\n\n\n<p class=\"wp-block-paragraph\">\u201cLa Mostra del ricamo a mano e del tessuto artigianale di Valtopina \u2013 ha dichiarato <strong>il sindaco Coccia<\/strong> \u2013 \u00e8 una manifestazione che negli anni \u00e8 cresciuta, diventando un appuntamento importante per chi ama il ricamo, il tessuto, l\u2019artigianato e, pi\u00f9 in generale, la bellezza del fatto a mano. Una mostra che ha saputo costruire una propria identit\u00e0, mettendo insieme tradizione e contemporaneit\u00e0, memoria e innovazione. Non \u00e8 un caso che il titolo scelto quest\u2019anno sia \u2018L\u2019idea \u00e8 nel filo\u2019, perch\u00e9 il filo rappresenta perfettamente ci\u00f2 che questa manifestazione riesce a fare: unire; unire persone, culture, generazioni e territori; unire il sapere delle nostre tradizioni con la creativit\u00e0 delle nuove generazioni. Ma la Mostra non guarda soltanto alla tradizione. Lo dimostrano le tante iniziative dedicate alla fiber art, alla moda, all\u2019arte contemporanea, fino ai laboratori per bambini e ragazzi, perch\u00e9 \u00e8 proprio attraverso le nuove generazioni che possiamo garantire continuit\u00e0 a questo patrimonio. Desidero quindi ringraziare la Scuola di Ricamo di Valtopina, la Pro Loco, i volontari, gli espositori, gli artisti, gli sponsor e tutte le persone che, con il loro lavoro, rendono possibile questa manifestazione\u201d.<\/p>\n\n\n\n<p class=\"wp-block-paragraph\">\u201cIn un mondo in cui tutti vanno di corsa \u2013 <strong>ha aggiunto Mancini<\/strong> \u2013 il filo ci impone la lentezza. I ricami raccontano storie antiche ma anche moderne, non a caso la mostra si apre anche a nuove espressioni artistiche. Cerchiamo di coinvolgere tutti, anche i bambini delle scuole, che quest\u2019anno per esempio hanno realizzato, insieme alle donne della Scuola del ricamo, una riproduzione di Valtopina con l\u2019uncinetto, installata su una terrazza nel Palazzo comunale. Inoltre, c\u2019\u00e8 da dire che il ricamo tout court ormai \u00e8 un po\u2019 superato dal fatto di utilizzare il filo anche come medium per lanciare messaggi, per manifestare. Il nostro obiettivo \u00e8 promuovere tutto quello che \u00e8 legato alla manualit\u00e0 e all\u2019artigianalit\u00e0. Oggi la nostra \u00e8 una mostra internazionale, perch\u00e9 abbiamo ricamatrici dalla Sicilia alla Val d\u2019Aosta ma anche ospiti stranieri\u201d.<\/p>\n\n\n\n<p class=\"wp-block-paragraph\">\u201cCrediamo che in questo delicatissimo complesso rapporto tra passato, presente e futuro \u2013 <strong>ha concluso Bistocchi<\/strong> \u2013, il ricamo costituisca un pezzo di patrimonio culturale umbro diffuso, una forma di arte, di espressione e rappresenta quella trasmissione del sapere nel quale si sedimentano le nostre radici, la nostra identit\u00e0. Questa mostra serve quindi a raccontare agli umbri ci\u00f2 che di bello c\u2019\u00e8 in questa loro terra e poi ovviamente \u00e8 anche volano di sviluppo e di attrazione per turisti che trascorrono qualche giorno nella nostra regione\u201d.<\/p>\n\n\n\n<p class=\"wp-block-paragraph\">Rossana Furfaro<\/p>\n","protected":false},"excerpt":{"rendered":"<p>Esposizioni, convegni, laboratori per grandi e piccini, concorsi e workshop &#8211; Dal 4 al 6 settembre la manifestazione si snoda per il centro storico in un \u2018Percorso del filo\u2019 (AVInews) \u2013 Perugia, 1 sett. \u2013 Un evento diffuso nel centro storico che trasforma Valtopina nella capitale della cultura tessile da venerd\u00ec 4 a domenica 6<\/p>\n","protected":false},"author":8,"featured_media":11893,"comment_status":"closed","ping_status":"closed","sticky":false,"template":"","format":"standard","meta":{"footnotes":""},"categories":[266],"tags":[],"class_list":["post-11892","post","type-post","status-publish","format-standard","has-post-thumbnail","hentry","category-eventi"],"yoast_head":"<!-- This site is optimized with the Yoast SEO plugin v28.4 - https:\/\/yoast.com\/product\/yoast-seo-wordpress\/ -->\n<title>Valtopina capitale della cultura tessile con la 22\u00aa Mostra del ricamo e del tessuto - UmbriaLeft<\/title>\n<meta name=\"robots\" content=\"index, follow, max-snippet:-1, max-image-preview:large, max-video-preview:-1\" \/>\n<link rel=\"canonical\" href=\"https:\/\/www.umbrialeft.org\/index.php\/2026\/09\/01\/valtopina-capitale-della-cultura-tessile-con-la-22a-mostra-del-ricamo-e-del-tessuto\/\" \/>\n<meta property=\"og:locale\" content=\"it_IT\" \/>\n<meta property=\"og:type\" content=\"article\" \/>\n<meta property=\"og:title\" content=\"Valtopina capitale della cultura tessile con la 22\u00aa Mostra del ricamo e del tessuto - UmbriaLeft\" \/>\n<meta property=\"og:description\" content=\"Esposizioni, convegni, laboratori per grandi e piccini, concorsi e workshop &#8211; Dal 4 al 6 settembre la manifestazione si snoda per il centro storico in un \u2018Percorso del filo\u2019 (AVInews) \u2013 Perugia, 1 sett. \u2013 Un evento diffuso nel centro storico che trasforma Valtopina nella capitale della cultura tessile da venerd\u00ec 4 a domenica 6\" \/>\n<meta property=\"og:url\" content=\"https:\/\/www.umbrialeft.org\/index.php\/2026\/09\/01\/valtopina-capitale-della-cultura-tessile-con-la-22a-mostra-del-ricamo-e-del-tessuto\/\" \/>\n<meta property=\"og:site_name\" content=\"UmbriaLeft\" \/>\n<meta property=\"article:publisher\" content=\"https:\/\/www.facebook.com\/UmbriaLeft2004\" \/>\n<meta property=\"article:published_time\" content=\"2026-09-01T11:37:45+00:00\" \/>\n<meta property=\"article:modified_time\" content=\"2026-09-01T11:44:53+00:00\" \/>\n<meta property=\"og:image\" content=\"https:\/\/www.umbrialeft.org\/wp-content\/uploads\/2026\/09\/mostra-del-ricamo-e-del-tessuto-valtopina_repertorio-4.jpg\" \/>\n\t<meta property=\"og:image:width\" content=\"1600\" \/>\n\t<meta property=\"og:image:height\" content=\"1067\" \/>\n\t<meta property=\"og:image:type\" content=\"image\/jpeg\" \/>\n<meta name=\"author\" content=\"Nicola81\" \/>\n<meta name=\"twitter:card\" content=\"summary_large_image\" \/>\n<meta name=\"twitter:label1\" content=\"Scritto da\" \/>\n\t<meta name=\"twitter:data1\" content=\"Nicola81\" \/>\n\t<meta name=\"twitter:label2\" content=\"Tempo di lettura stimato\" \/>\n\t<meta name=\"twitter:data2\" content=\"8 minuti\" \/>\n<script type=\"application\/ld+json\" class=\"yoast-schema-graph\">{\"@context\":\"https:\\\/\\\/schema.org\",\"@graph\":[{\"@type\":\"Article\",\"@id\":\"https:\\\/\\\/www.umbrialeft.org\\\/index.php\\\/2026\\\/09\\\/01\\\/valtopina-capitale-della-cultura-tessile-con-la-22a-mostra-del-ricamo-e-del-tessuto\\\/#article\",\"isPartOf\":{\"@id\":\"https:\\\/\\\/www.umbrialeft.org\\\/index.php\\\/2026\\\/09\\\/01\\\/valtopina-capitale-della-cultura-tessile-con-la-22a-mostra-del-ricamo-e-del-tessuto\\\/\"},\"author\":{\"name\":\"Nicola81\",\"@id\":\"https:\\\/\\\/www.umbrialeft.org\\\/#\\\/schema\\\/person\\\/556bd3a44a8a07e2070b7a419cdc18ac\"},\"headline\":\"Valtopina capitale della cultura tessile con la 22\u00aa Mostra del ricamo e del tessuto\",\"datePublished\":\"2026-09-01T11:37:45+00:00\",\"dateModified\":\"2026-09-01T11:44:53+00:00\",\"mainEntityOfPage\":{\"@id\":\"https:\\\/\\\/www.umbrialeft.org\\\/index.php\\\/2026\\\/09\\\/01\\\/valtopina-capitale-della-cultura-tessile-con-la-22a-mostra-del-ricamo-e-del-tessuto\\\/\"},\"wordCount\":1431,\"publisher\":{\"@id\":\"https:\\\/\\\/www.umbrialeft.org\\\/#organization\"},\"image\":{\"@id\":\"https:\\\/\\\/www.umbrialeft.org\\\/index.php\\\/2026\\\/09\\\/01\\\/valtopina-capitale-della-cultura-tessile-con-la-22a-mostra-del-ricamo-e-del-tessuto\\\/#primaryimage\"},\"thumbnailUrl\":\"https:\\\/\\\/www.umbrialeft.org\\\/wp-content\\\/uploads\\\/2026\\\/09\\\/mostra-del-ricamo-e-del-tessuto-valtopina_repertorio-4.jpg\",\"articleSection\":[\"Eventi\"],\"inLanguage\":\"it-IT\"},{\"@type\":\"WebPage\",\"@id\":\"https:\\\/\\\/www.umbrialeft.org\\\/index.php\\\/2026\\\/09\\\/01\\\/valtopina-capitale-della-cultura-tessile-con-la-22a-mostra-del-ricamo-e-del-tessuto\\\/\",\"url\":\"https:\\\/\\\/www.umbrialeft.org\\\/index.php\\\/2026\\\/09\\\/01\\\/valtopina-capitale-della-cultura-tessile-con-la-22a-mostra-del-ricamo-e-del-tessuto\\\/\",\"name\":\"Valtopina capitale della cultura tessile con la 22\u00aa Mostra del ricamo e del tessuto - UmbriaLeft\",\"isPartOf\":{\"@id\":\"https:\\\/\\\/www.umbrialeft.org\\\/#website\"},\"primaryImageOfPage\":{\"@id\":\"https:\\\/\\\/www.umbrialeft.org\\\/index.php\\\/2026\\\/09\\\/01\\\/valtopina-capitale-della-cultura-tessile-con-la-22a-mostra-del-ricamo-e-del-tessuto\\\/#primaryimage\"},\"image\":{\"@id\":\"https:\\\/\\\/www.umbrialeft.org\\\/index.php\\\/2026\\\/09\\\/01\\\/valtopina-capitale-della-cultura-tessile-con-la-22a-mostra-del-ricamo-e-del-tessuto\\\/#primaryimage\"},\"thumbnailUrl\":\"https:\\\/\\\/www.umbrialeft.org\\\/wp-content\\\/uploads\\\/2026\\\/09\\\/mostra-del-ricamo-e-del-tessuto-valtopina_repertorio-4.jpg\",\"datePublished\":\"2026-09-01T11:37:45+00:00\",\"dateModified\":\"2026-09-01T11:44:53+00:00\",\"breadcrumb\":{\"@id\":\"https:\\\/\\\/www.umbrialeft.org\\\/index.php\\\/2026\\\/09\\\/01\\\/valtopina-capitale-della-cultura-tessile-con-la-22a-mostra-del-ricamo-e-del-tessuto\\\/#breadcrumb\"},\"inLanguage\":\"it-IT\",\"potentialAction\":[{\"@type\":\"ReadAction\",\"target\":[\"https:\\\/\\\/www.umbrialeft.org\\\/index.php\\\/2026\\\/09\\\/01\\\/valtopina-capitale-della-cultura-tessile-con-la-22a-mostra-del-ricamo-e-del-tessuto\\\/\"]}]},{\"@type\":\"ImageObject\",\"inLanguage\":\"it-IT\",\"@id\":\"https:\\\/\\\/www.umbrialeft.org\\\/index.php\\\/2026\\\/09\\\/01\\\/valtopina-capitale-della-cultura-tessile-con-la-22a-mostra-del-ricamo-e-del-tessuto\\\/#primaryimage\",\"url\":\"https:\\\/\\\/www.umbrialeft.org\\\/wp-content\\\/uploads\\\/2026\\\/09\\\/mostra-del-ricamo-e-del-tessuto-valtopina_repertorio-4.jpg\",\"contentUrl\":\"https:\\\/\\\/www.umbrialeft.org\\\/wp-content\\\/uploads\\\/2026\\\/09\\\/mostra-del-ricamo-e-del-tessuto-valtopina_repertorio-4.jpg\",\"width\":1600,\"height\":1067},{\"@type\":\"BreadcrumbList\",\"@id\":\"https:\\\/\\\/www.umbrialeft.org\\\/index.php\\\/2026\\\/09\\\/01\\\/valtopina-capitale-della-cultura-tessile-con-la-22a-mostra-del-ricamo-e-del-tessuto\\\/#breadcrumb\",\"itemListElement\":[{\"@type\":\"ListItem\",\"position\":1,\"name\":\"Home\",\"item\":\"https:\\\/\\\/www.umbrialeft.org\\\/\"},{\"@type\":\"ListItem\",\"position\":2,\"name\":\"Valtopina capitale della cultura tessile con la 22\u00aa Mostra del ricamo e del tessuto\"}]},{\"@type\":\"WebSite\",\"@id\":\"https:\\\/\\\/www.umbrialeft.org\\\/#website\",\"url\":\"https:\\\/\\\/www.umbrialeft.org\\\/\",\"name\":\"UmbriaLeft\",\"description\":\"\",\"publisher\":{\"@id\":\"https:\\\/\\\/www.umbrialeft.org\\\/#organization\"},\"potentialAction\":[{\"@type\":\"SearchAction\",\"target\":{\"@type\":\"EntryPoint\",\"urlTemplate\":\"https:\\\/\\\/www.umbrialeft.org\\\/?s={search_term_string}\"},\"query-input\":{\"@type\":\"PropertyValueSpecification\",\"valueRequired\":true,\"valueName\":\"search_term_string\"}}],\"inLanguage\":\"it-IT\"},{\"@type\":\"Organization\",\"@id\":\"https:\\\/\\\/www.umbrialeft.org\\\/#organization\",\"name\":\"UmbriaLeft\",\"url\":\"https:\\\/\\\/www.umbrialeft.org\\\/\",\"logo\":{\"@type\":\"ImageObject\",\"inLanguage\":\"it-IT\",\"@id\":\"https:\\\/\\\/www.umbrialeft.org\\\/#\\\/schema\\\/logo\\\/image\\\/\",\"url\":\"https:\\\/\\\/www.umbrialeft.org\\\/wp-content\\\/uploads\\\/2025\\\/03\\\/community_logo-1.png\",\"contentUrl\":\"https:\\\/\\\/www.umbrialeft.org\\\/wp-content\\\/uploads\\\/2025\\\/03\\\/community_logo-1.png\",\"width\":517,\"height\":85,\"caption\":\"UmbriaLeft\"},\"image\":{\"@id\":\"https:\\\/\\\/www.umbrialeft.org\\\/#\\\/schema\\\/logo\\\/image\\\/\"},\"sameAs\":[\"https:\\\/\\\/www.facebook.com\\\/UmbriaLeft2004\"]},{\"@type\":\"Person\",\"@id\":\"https:\\\/\\\/www.umbrialeft.org\\\/#\\\/schema\\\/person\\\/556bd3a44a8a07e2070b7a419cdc18ac\",\"name\":\"Nicola81\",\"image\":{\"@type\":\"ImageObject\",\"inLanguage\":\"it-IT\",\"@id\":\"https:\\\/\\\/secure.gravatar.com\\\/avatar\\\/0cc11ef7d37e4c3709d5db9269d6d2d459b71fe080f18f30593534d61156d537?s=96&d=mm&r=g\",\"url\":\"https:\\\/\\\/secure.gravatar.com\\\/avatar\\\/0cc11ef7d37e4c3709d5db9269d6d2d459b71fe080f18f30593534d61156d537?s=96&d=mm&r=g\",\"contentUrl\":\"https:\\\/\\\/secure.gravatar.com\\\/avatar\\\/0cc11ef7d37e4c3709d5db9269d6d2d459b71fe080f18f30593534d61156d537?s=96&d=mm&r=g\",\"caption\":\"Nicola81\"},\"url\":\"https:\\\/\\\/www.umbrialeft.org\\\/index.php\\\/author\\\/nicola81\\\/\"}]}<\/script>\n<!-- \/ Yoast SEO plugin. -->","yoast_head_json":{"title":"Valtopina capitale della cultura tessile con la 22\u00aa Mostra del ricamo e del tessuto - UmbriaLeft","robots":{"index":"index","follow":"follow","max-snippet":"max-snippet:-1","max-image-preview":"max-image-preview:large","max-video-preview":"max-video-preview:-1"},"canonical":"https:\/\/www.umbrialeft.org\/index.php\/2026\/09\/01\/valtopina-capitale-della-cultura-tessile-con-la-22a-mostra-del-ricamo-e-del-tessuto\/","og_locale":"it_IT","og_type":"article","og_title":"Valtopina capitale della cultura tessile con la 22\u00aa Mostra del ricamo e del tessuto - UmbriaLeft","og_description":"Esposizioni, convegni, laboratori per grandi e piccini, concorsi e workshop &#8211; Dal 4 al 6 settembre la manifestazione si snoda per il centro storico in un \u2018Percorso del filo\u2019 (AVInews) \u2013 Perugia, 1 sett. \u2013 Un evento diffuso nel centro storico che trasforma Valtopina nella capitale della cultura tessile da venerd\u00ec 4 a domenica 6","og_url":"https:\/\/www.umbrialeft.org\/index.php\/2026\/09\/01\/valtopina-capitale-della-cultura-tessile-con-la-22a-mostra-del-ricamo-e-del-tessuto\/","og_site_name":"UmbriaLeft","article_publisher":"https:\/\/www.facebook.com\/UmbriaLeft2004","article_published_time":"2026-09-01T11:37:45+00:00","article_modified_time":"2026-09-01T11:44:53+00:00","og_image":[{"width":1600,"height":1067,"url":"https:\/\/www.umbrialeft.org\/wp-content\/uploads\/2026\/09\/mostra-del-ricamo-e-del-tessuto-valtopina_repertorio-4.jpg","type":"image\/jpeg"}],"author":"Nicola81","twitter_card":"summary_large_image","twitter_misc":{"Scritto da":"Nicola81","Tempo di lettura stimato":"8 minuti"},"schema":{"@context":"https:\/\/schema.org","@graph":[{"@type":"Article","@id":"https:\/\/www.umbrialeft.org\/index.php\/2026\/09\/01\/valtopina-capitale-della-cultura-tessile-con-la-22a-mostra-del-ricamo-e-del-tessuto\/#article","isPartOf":{"@id":"https:\/\/www.umbrialeft.org\/index.php\/2026\/09\/01\/valtopina-capitale-della-cultura-tessile-con-la-22a-mostra-del-ricamo-e-del-tessuto\/"},"author":{"name":"Nicola81","@id":"https:\/\/www.umbrialeft.org\/#\/schema\/person\/556bd3a44a8a07e2070b7a419cdc18ac"},"headline":"Valtopina capitale della cultura tessile con la 22\u00aa Mostra del ricamo e del tessuto","datePublished":"2026-09-01T11:37:45+00:00","dateModified":"2026-09-01T11:44:53+00:00","mainEntityOfPage":{"@id":"https:\/\/www.umbrialeft.org\/index.php\/2026\/09\/01\/valtopina-capitale-della-cultura-tessile-con-la-22a-mostra-del-ricamo-e-del-tessuto\/"},"wordCount":1431,"publisher":{"@id":"https:\/\/www.umbrialeft.org\/#organization"},"image":{"@id":"https:\/\/www.umbrialeft.org\/index.php\/2026\/09\/01\/valtopina-capitale-della-cultura-tessile-con-la-22a-mostra-del-ricamo-e-del-tessuto\/#primaryimage"},"thumbnailUrl":"https:\/\/www.umbrialeft.org\/wp-content\/uploads\/2026\/09\/mostra-del-ricamo-e-del-tessuto-valtopina_repertorio-4.jpg","articleSection":["Eventi"],"inLanguage":"it-IT"},{"@type":"WebPage","@id":"https:\/\/www.umbrialeft.org\/index.php\/2026\/09\/01\/valtopina-capitale-della-cultura-tessile-con-la-22a-mostra-del-ricamo-e-del-tessuto\/","url":"https:\/\/www.umbrialeft.org\/index.php\/2026\/09\/01\/valtopina-capitale-della-cultura-tessile-con-la-22a-mostra-del-ricamo-e-del-tessuto\/","name":"Valtopina capitale della cultura tessile con la 22\u00aa Mostra del ricamo e del tessuto - UmbriaLeft","isPartOf":{"@id":"https:\/\/www.umbrialeft.org\/#website"},"primaryImageOfPage":{"@id":"https:\/\/www.umbrialeft.org\/index.php\/2026\/09\/01\/valtopina-capitale-della-cultura-tessile-con-la-22a-mostra-del-ricamo-e-del-tessuto\/#primaryimage"},"image":{"@id":"https:\/\/www.umbrialeft.org\/index.php\/2026\/09\/01\/valtopina-capitale-della-cultura-tessile-con-la-22a-mostra-del-ricamo-e-del-tessuto\/#primaryimage"},"thumbnailUrl":"https:\/\/www.umbrialeft.org\/wp-content\/uploads\/2026\/09\/mostra-del-ricamo-e-del-tessuto-valtopina_repertorio-4.jpg","datePublished":"2026-09-01T11:37:45+00:00","dateModified":"2026-09-01T11:44:53+00:00","breadcrumb":{"@id":"https:\/\/www.umbrialeft.org\/index.php\/2026\/09\/01\/valtopina-capitale-della-cultura-tessile-con-la-22a-mostra-del-ricamo-e-del-tessuto\/#breadcrumb"},"inLanguage":"it-IT","potentialAction":[{"@type":"ReadAction","target":["https:\/\/www.umbrialeft.org\/index.php\/2026\/09\/01\/valtopina-capitale-della-cultura-tessile-con-la-22a-mostra-del-ricamo-e-del-tessuto\/"]}]},{"@type":"ImageObject","inLanguage":"it-IT","@id":"https:\/\/www.umbrialeft.org\/index.php\/2026\/09\/01\/valtopina-capitale-della-cultura-tessile-con-la-22a-mostra-del-ricamo-e-del-tessuto\/#primaryimage","url":"https:\/\/www.umbrialeft.org\/wp-content\/uploads\/2026\/09\/mostra-del-ricamo-e-del-tessuto-valtopina_repertorio-4.jpg","contentUrl":"https:\/\/www.umbrialeft.org\/wp-content\/uploads\/2026\/09\/mostra-del-ricamo-e-del-tessuto-valtopina_repertorio-4.jpg","width":1600,"height":1067},{"@type":"BreadcrumbList","@id":"https:\/\/www.umbrialeft.org\/index.php\/2026\/09\/01\/valtopina-capitale-della-cultura-tessile-con-la-22a-mostra-del-ricamo-e-del-tessuto\/#breadcrumb","itemListElement":[{"@type":"ListItem","position":1,"name":"Home","item":"https:\/\/www.umbrialeft.org\/"},{"@type":"ListItem","position":2,"name":"Valtopina capitale della cultura tessile con la 22\u00aa Mostra del ricamo e del tessuto"}]},{"@type":"WebSite","@id":"https:\/\/www.umbrialeft.org\/#website","url":"https:\/\/www.umbrialeft.org\/","name":"UmbriaLeft","description":"","publisher":{"@id":"https:\/\/www.umbrialeft.org\/#organization"},"potentialAction":[{"@type":"SearchAction","target":{"@type":"EntryPoint","urlTemplate":"https:\/\/www.umbrialeft.org\/?s={search_term_string}"},"query-input":{"@type":"PropertyValueSpecification","valueRequired":true,"valueName":"search_term_string"}}],"inLanguage":"it-IT"},{"@type":"Organization","@id":"https:\/\/www.umbrialeft.org\/#organization","name":"UmbriaLeft","url":"https:\/\/www.umbrialeft.org\/","logo":{"@type":"ImageObject","inLanguage":"it-IT","@id":"https:\/\/www.umbrialeft.org\/#\/schema\/logo\/image\/","url":"https:\/\/www.umbrialeft.org\/wp-content\/uploads\/2025\/03\/community_logo-1.png","contentUrl":"https:\/\/www.umbrialeft.org\/wp-content\/uploads\/2025\/03\/community_logo-1.png","width":517,"height":85,"caption":"UmbriaLeft"},"image":{"@id":"https:\/\/www.umbrialeft.org\/#\/schema\/logo\/image\/"},"sameAs":["https:\/\/www.facebook.com\/UmbriaLeft2004"]},{"@type":"Person","@id":"https:\/\/www.umbrialeft.org\/#\/schema\/person\/556bd3a44a8a07e2070b7a419cdc18ac","name":"Nicola81","image":{"@type":"ImageObject","inLanguage":"it-IT","@id":"https:\/\/secure.gravatar.com\/avatar\/0cc11ef7d37e4c3709d5db9269d6d2d459b71fe080f18f30593534d61156d537?s=96&d=mm&r=g","url":"https:\/\/secure.gravatar.com\/avatar\/0cc11ef7d37e4c3709d5db9269d6d2d459b71fe080f18f30593534d61156d537?s=96&d=mm&r=g","contentUrl":"https:\/\/secure.gravatar.com\/avatar\/0cc11ef7d37e4c3709d5db9269d6d2d459b71fe080f18f30593534d61156d537?s=96&d=mm&r=g","caption":"Nicola81"},"url":"https:\/\/www.umbrialeft.org\/index.php\/author\/nicola81\/"}]}},"blog_post_layout_featured_media_urls":{"thumbnail":["https:\/\/www.umbrialeft.org\/wp-content\/uploads\/2026\/09\/mostra-del-ricamo-e-del-tessuto-valtopina_repertorio-4-150x150.jpg",150,150,true],"full":["https:\/\/www.umbrialeft.org\/wp-content\/uploads\/2026\/09\/mostra-del-ricamo-e-del-tessuto-valtopina_repertorio-4.jpg",1600,1067,false]},"categories_names":{"266":{"name":"Eventi","link":"https:\/\/www.umbrialeft.org\/index.php\/category\/eventi\/"}},"tags_names":[],"comments_number":"0","wpmagazine_modules_lite_featured_media_urls":{"thumbnail":["https:\/\/www.umbrialeft.org\/wp-content\/uploads\/2026\/09\/mostra-del-ricamo-e-del-tessuto-valtopina_repertorio-4-150x150.jpg",150,150,true],"cvmm-medium":["https:\/\/www.umbrialeft.org\/wp-content\/uploads\/2026\/09\/mostra-del-ricamo-e-del-tessuto-valtopina_repertorio-4-300x300.jpg",300,300,true],"cvmm-medium-plus":["https:\/\/www.umbrialeft.org\/wp-content\/uploads\/2026\/09\/mostra-del-ricamo-e-del-tessuto-valtopina_repertorio-4-305x207.jpg",305,207,true],"cvmm-portrait":["https:\/\/www.umbrialeft.org\/wp-content\/uploads\/2026\/09\/mostra-del-ricamo-e-del-tessuto-valtopina_repertorio-4-400x600.jpg",400,600,true],"cvmm-medium-square":["https:\/\/www.umbrialeft.org\/wp-content\/uploads\/2026\/09\/mostra-del-ricamo-e-del-tessuto-valtopina_repertorio-4-600x600.jpg",600,600,true],"cvmm-large":["https:\/\/www.umbrialeft.org\/wp-content\/uploads\/2026\/09\/mostra-del-ricamo-e-del-tessuto-valtopina_repertorio-4-1024x1024.jpg",1024,1024,true],"cvmm-small":["https:\/\/www.umbrialeft.org\/wp-content\/uploads\/2026\/09\/mostra-del-ricamo-e-del-tessuto-valtopina_repertorio-4-130x95.jpg",130,95,true],"full":["https:\/\/www.umbrialeft.org\/wp-content\/uploads\/2026\/09\/mostra-del-ricamo-e-del-tessuto-valtopina_repertorio-4.jpg",1600,1067,false]},"_links":{"self":[{"href":"https:\/\/www.umbrialeft.org\/index.php\/wp-json\/wp\/v2\/posts\/11892","targetHints":{"allow":["GET"]}}],"collection":[{"href":"https:\/\/www.umbrialeft.org\/index.php\/wp-json\/wp\/v2\/posts"}],"about":[{"href":"https:\/\/www.umbrialeft.org\/index.php\/wp-json\/wp\/v2\/types\/post"}],"author":[{"embeddable":true,"href":"https:\/\/www.umbrialeft.org\/index.php\/wp-json\/wp\/v2\/users\/8"}],"replies":[{"embeddable":true,"href":"https:\/\/www.umbrialeft.org\/index.php\/wp-json\/wp\/v2\/comments?post=11892"}],"version-history":[{"count":2,"href":"https:\/\/www.umbrialeft.org\/index.php\/wp-json\/wp\/v2\/posts\/11892\/revisions"}],"predecessor-version":[{"id":11895,"href":"https:\/\/www.umbrialeft.org\/index.php\/wp-json\/wp\/v2\/posts\/11892\/revisions\/11895"}],"wp:featuredmedia":[{"embeddable":true,"href":"https:\/\/www.umbrialeft.org\/index.php\/wp-json\/wp\/v2\/media\/11893"}],"wp:attachment":[{"href":"https:\/\/www.umbrialeft.org\/index.php\/wp-json\/wp\/v2\/media?parent=11892"}],"wp:term":[{"taxonomy":"category","embeddable":true,"href":"https:\/\/www.umbrialeft.org\/index.php\/wp-json\/wp\/v2\/categories?post=11892"},{"taxonomy":"post_tag","embeddable":true,"href":"https:\/\/www.umbrialeft.org\/index.php\/wp-json\/wp\/v2\/tags?post=11892"}],"curies":[{"name":"wp","href":"https:\/\/api.w.org\/{rel}","templated":true}]}}