{"id":11903,"date":"2026-09-02T11:49:02","date_gmt":"2026-09-02T09:49:02","guid":{"rendered":"https:\/\/www.umbrialeft.org\/?p=11903"},"modified":"2026-09-02T11:49:03","modified_gmt":"2026-09-02T09:49:03","slug":"la-moda-si-fa-dolce-umbria-fashion-entra-nella-citta-del-cioccolato-di-perugia","status":"publish","type":"post","link":"https:\/\/www.umbrialeft.org\/index.php\/2026\/09\/02\/la-moda-si-fa-dolce-umbria-fashion-entra-nella-citta-del-cioccolato-di-perugia\/","title":{"rendered":"La moda si fa dolce: Umbria Fashion entra nella Citt\u00e0 del cioccolato di Perugia"},"content":{"rendered":"\n<h2 class=\"wp-block-heading\"><strong><em>Il capo realizzato dal vincitore del contest per giovani fashion designer sar\u00e0 esposto nel pi\u00f9 grande Museo esperienziale d&#8217;Italia dedicato al cacao e al cioccolato<\/em><\/strong><\/h2>\n\n\n\n<p class=\"wp-block-paragraph\">Perugia, 2 sett. \u2013 Valorizzare il talento, promuovere l\u2019eccellenza. Si muove su questo binario il viaggio nella moda, nell\u2019arte e nella solidariet\u00e0 di Umbria Fashion, in programma a Perugia sabato 17 e domenica 18 ottobre per la sua quarta edizione, che metter\u00e0 ancora una volta al centro della scena e in dialogo le eccellenze locali della moda con le scuole superiori e professionali ad indirizzo moda, accademie e universit\u00e0. Fra le novit\u00e0 che vanno a comporre il ricco programma di iniziative, tra fashion show, talk e premiazioni, spicca la collaborazione con la Citt\u00e0 del Cioccolato di Perugia, il pi\u00f9 grande Museo esperienziale al mondo dedicato al cacao e al cioccolato. Umbria Fashion, infatti, prevede tre contest che quest\u2019anno hanno come tema ispiratore altrettante eccellenze umbre: cioccolato, olio e vino. In particolare, i promettenti stilisti del contest per giovani fashion designer, sono chiamati a realizzare un capo ispirato al cioccolato, tenendo conto degli elementi che caratterizzano questa materia prima, dai toni di colore alle consistenze, cos\u00ec come le modalit\u00e0 di lavorazione e applicazione. Una giuria, poi, valuter\u00e0 la creativit\u00e0, la sartorialit\u00e0, la ricerca dei tessuti e la sostenibilit\u00e0 dei capi, decretando un vincitore, accanto a secondo e terzo classificato. Tanti i premi in palio per loro: il vincitore del contest, ad esempio, potr\u00e0 non solo aprire Umbria Fashion 2027 con un fashion show dedicato e poter esporre il capo realizzato nella Citt\u00e0 del Cioccolato, ma anche prendere parte a esperienze formative come il tirocinio di tre mesi nell\u2019azienda di moda Fabiana Filippi a Giano dell\u2019Umbria, la partecipazione al backstage del fashion show di Luisa Spagnoli, al fashion show di Vivetta e Fabiana Filippi all\u2019interno della Milano Fashion Week 2027 e a diverse attivit\u00e0 nella sede milanese di Herno. Inoltre, previste visite in aziende del fashion system umbre e toscane (The Cube Archive, Cardinalini &amp; C., Monnalisa, Fabiana Filippi).<\/p>\n\n\n\n<p class=\"wp-block-paragraph\">\u201cUmbria Fashion celebra il cioccolato \u2013 ha dichiarato Laura Cartocci, ideatrice e organizzatrice dell\u2019evento \u2013, simbolo d&#8217;eccellenza del territorio umbro, attraverso un contest dedicato ai giovani fashion designer. L\u2019iniziativa nasce con l\u2019obiettivo di valorizzare i talenti emergenti, invitandoli a reinterpretare questa preziosa materia prima in una creazione originale ispirata ai suoi colori, alle sue consistenze e alle sue lavorazioni. Il progetto unisce moda, creativit\u00e0 e identit\u00e0 territoriale: il capo vincitore sar\u00e0 esposto presso la Citt\u00e0 del Cioccolato, in un omaggio al nuovo Museo della Citt\u00e0 di Perugia e al suo fondatore e direttore artistico, architetto Eugenio Guarducci, rafforzando il legame tra cultura, eccellenze locali e nuove generazioni di stilisti\u201d. \u201cOspitare nella Citt\u00e0 del Cioccolato il capo nato da questo contest \u00e8 per noi un onore e un atto naturale di apertura \u2013 ha affermato Guarducci \u2013. Il nostro Museo nasce per raccontare il cacao come materia viva, capace di ispirare arte, moda e creativit\u00e0. Ringrazio Umbria Fashion per averci scelto per un progetto cos\u00ec ambizioso, che unisce i giovani talenti al territorio e conferma la vocazione della Citt\u00e0 del Cioccolato a essere ponte tra cultura ed eccellenza umbra\u201d.<\/p>\n\n\n\n<p class=\"wp-block-paragraph\"><\/p>\n","protected":false},"excerpt":{"rendered":"<p>Il capo realizzato dal vincitore del contest per giovani fashion designer sar\u00e0 esposto nel pi\u00f9 grande Museo esperienziale d&#8217;Italia dedicato al cacao e al cioccolato Perugia, 2 sett. \u2013 Valorizzare il talento, promuovere l\u2019eccellenza. Si muove su questo binario il viaggio nella moda, nell\u2019arte e nella solidariet\u00e0 di Umbria Fashion, in programma a Perugia sabato<\/p>\n","protected":false},"author":8,"featured_media":11904,"comment_status":"closed","ping_status":"closed","sticky":false,"template":"","format":"standard","meta":{"footnotes":""},"categories":[266],"tags":[],"class_list":["post-11903","post","type-post","status-publish","format-standard","has-post-thumbnail","hentry","category-eventi"],"yoast_head":"<!-- This site is optimized with the Yoast SEO plugin v28.4 - https:\/\/yoast.com\/product\/yoast-seo-wordpress\/ -->\n<title>La moda si fa dolce: Umbria Fashion entra nella Citt\u00e0 del cioccolato di Perugia - UmbriaLeft<\/title>\n<meta name=\"robots\" content=\"index, follow, max-snippet:-1, max-image-preview:large, max-video-preview:-1\" \/>\n<link rel=\"canonical\" href=\"https:\/\/www.umbrialeft.org\/index.php\/2026\/09\/02\/la-moda-si-fa-dolce-umbria-fashion-entra-nella-citta-del-cioccolato-di-perugia\/\" \/>\n<meta property=\"og:locale\" content=\"it_IT\" \/>\n<meta property=\"og:type\" content=\"article\" \/>\n<meta property=\"og:title\" content=\"La moda si fa dolce: Umbria Fashion entra nella Citt\u00e0 del cioccolato di Perugia - UmbriaLeft\" \/>\n<meta property=\"og:description\" content=\"Il capo realizzato dal vincitore del contest per giovani fashion designer sar\u00e0 esposto nel pi\u00f9 grande Museo esperienziale d&#8217;Italia dedicato al cacao e al cioccolato Perugia, 2 sett. \u2013 Valorizzare il talento, promuovere l\u2019eccellenza. Si muove su questo binario il viaggio nella moda, nell\u2019arte e nella solidariet\u00e0 di Umbria Fashion, in programma a Perugia sabato\" \/>\n<meta property=\"og:url\" content=\"https:\/\/www.umbrialeft.org\/index.php\/2026\/09\/02\/la-moda-si-fa-dolce-umbria-fashion-entra-nella-citta-del-cioccolato-di-perugia\/\" \/>\n<meta property=\"og:site_name\" content=\"UmbriaLeft\" \/>\n<meta property=\"article:publisher\" content=\"https:\/\/www.facebook.com\/UmbriaLeft2004\" \/>\n<meta property=\"article:published_time\" content=\"2026-09-02T09:49:02+00:00\" \/>\n<meta property=\"article:modified_time\" content=\"2026-09-02T09:49:03+00:00\" \/>\n<meta property=\"og:image\" content=\"https:\/\/www.umbrialeft.org\/wp-content\/uploads\/2026\/09\/umbria-fashion_repertorio-1.jpeg\" \/>\n\t<meta property=\"og:image:width\" content=\"1080\" \/>\n\t<meta property=\"og:image:height\" content=\"601\" \/>\n\t<meta property=\"og:image:type\" content=\"image\/jpeg\" \/>\n<meta name=\"author\" content=\"Nicola81\" \/>\n<meta name=\"twitter:card\" content=\"summary_large_image\" \/>\n<meta name=\"twitter:label1\" content=\"Scritto da\" \/>\n\t<meta name=\"twitter:data1\" content=\"Nicola81\" \/>\n\t<meta name=\"twitter:label2\" content=\"Tempo di lettura stimato\" \/>\n\t<meta name=\"twitter:data2\" content=\"3 minuti\" \/>\n<script type=\"application\/ld+json\" class=\"yoast-schema-graph\">{\"@context\":\"https:\\\/\\\/schema.org\",\"@graph\":[{\"@type\":\"Article\",\"@id\":\"https:\\\/\\\/www.umbrialeft.org\\\/index.php\\\/2026\\\/09\\\/02\\\/la-moda-si-fa-dolce-umbria-fashion-entra-nella-citta-del-cioccolato-di-perugia\\\/#article\",\"isPartOf\":{\"@id\":\"https:\\\/\\\/www.umbrialeft.org\\\/index.php\\\/2026\\\/09\\\/02\\\/la-moda-si-fa-dolce-umbria-fashion-entra-nella-citta-del-cioccolato-di-perugia\\\/\"},\"author\":{\"name\":\"Nicola81\",\"@id\":\"https:\\\/\\\/www.umbrialeft.org\\\/#\\\/schema\\\/person\\\/556bd3a44a8a07e2070b7a419cdc18ac\"},\"headline\":\"La moda si fa dolce: Umbria Fashion entra nella Citt\u00e0 del cioccolato di Perugia\",\"datePublished\":\"2026-09-02T09:49:02+00:00\",\"dateModified\":\"2026-09-02T09:49:03+00:00\",\"mainEntityOfPage\":{\"@id\":\"https:\\\/\\\/www.umbrialeft.org\\\/index.php\\\/2026\\\/09\\\/02\\\/la-moda-si-fa-dolce-umbria-fashion-entra-nella-citta-del-cioccolato-di-perugia\\\/\"},\"wordCount\":534,\"publisher\":{\"@id\":\"https:\\\/\\\/www.umbrialeft.org\\\/#organization\"},\"image\":{\"@id\":\"https:\\\/\\\/www.umbrialeft.org\\\/index.php\\\/2026\\\/09\\\/02\\\/la-moda-si-fa-dolce-umbria-fashion-entra-nella-citta-del-cioccolato-di-perugia\\\/#primaryimage\"},\"thumbnailUrl\":\"https:\\\/\\\/www.umbrialeft.org\\\/wp-content\\\/uploads\\\/2026\\\/09\\\/umbria-fashion_repertorio-1.jpeg\",\"articleSection\":[\"Eventi\"],\"inLanguage\":\"it-IT\"},{\"@type\":\"WebPage\",\"@id\":\"https:\\\/\\\/www.umbrialeft.org\\\/index.php\\\/2026\\\/09\\\/02\\\/la-moda-si-fa-dolce-umbria-fashion-entra-nella-citta-del-cioccolato-di-perugia\\\/\",\"url\":\"https:\\\/\\\/www.umbrialeft.org\\\/index.php\\\/2026\\\/09\\\/02\\\/la-moda-si-fa-dolce-umbria-fashion-entra-nella-citta-del-cioccolato-di-perugia\\\/\",\"name\":\"La moda si fa dolce: Umbria Fashion entra nella Citt\u00e0 del cioccolato di Perugia - UmbriaLeft\",\"isPartOf\":{\"@id\":\"https:\\\/\\\/www.umbrialeft.org\\\/#website\"},\"primaryImageOfPage\":{\"@id\":\"https:\\\/\\\/www.umbrialeft.org\\\/index.php\\\/2026\\\/09\\\/02\\\/la-moda-si-fa-dolce-umbria-fashion-entra-nella-citta-del-cioccolato-di-perugia\\\/#primaryimage\"},\"image\":{\"@id\":\"https:\\\/\\\/www.umbrialeft.org\\\/index.php\\\/2026\\\/09\\\/02\\\/la-moda-si-fa-dolce-umbria-fashion-entra-nella-citta-del-cioccolato-di-perugia\\\/#primaryimage\"},\"thumbnailUrl\":\"https:\\\/\\\/www.umbrialeft.org\\\/wp-content\\\/uploads\\\/2026\\\/09\\\/umbria-fashion_repertorio-1.jpeg\",\"datePublished\":\"2026-09-02T09:49:02+00:00\",\"dateModified\":\"2026-09-02T09:49:03+00:00\",\"breadcrumb\":{\"@id\":\"https:\\\/\\\/www.umbrialeft.org\\\/index.php\\\/2026\\\/09\\\/02\\\/la-moda-si-fa-dolce-umbria-fashion-entra-nella-citta-del-cioccolato-di-perugia\\\/#breadcrumb\"},\"inLanguage\":\"it-IT\",\"potentialAction\":[{\"@type\":\"ReadAction\",\"target\":[\"https:\\\/\\\/www.umbrialeft.org\\\/index.php\\\/2026\\\/09\\\/02\\\/la-moda-si-fa-dolce-umbria-fashion-entra-nella-citta-del-cioccolato-di-perugia\\\/\"]}]},{\"@type\":\"ImageObject\",\"inLanguage\":\"it-IT\",\"@id\":\"https:\\\/\\\/www.umbrialeft.org\\\/index.php\\\/2026\\\/09\\\/02\\\/la-moda-si-fa-dolce-umbria-fashion-entra-nella-citta-del-cioccolato-di-perugia\\\/#primaryimage\",\"url\":\"https:\\\/\\\/www.umbrialeft.org\\\/wp-content\\\/uploads\\\/2026\\\/09\\\/umbria-fashion_repertorio-1.jpeg\",\"contentUrl\":\"https:\\\/\\\/www.umbrialeft.org\\\/wp-content\\\/uploads\\\/2026\\\/09\\\/umbria-fashion_repertorio-1.jpeg\",\"width\":1080,\"height\":601},{\"@type\":\"BreadcrumbList\",\"@id\":\"https:\\\/\\\/www.umbrialeft.org\\\/index.php\\\/2026\\\/09\\\/02\\\/la-moda-si-fa-dolce-umbria-fashion-entra-nella-citta-del-cioccolato-di-perugia\\\/#breadcrumb\",\"itemListElement\":[{\"@type\":\"ListItem\",\"position\":1,\"name\":\"Home\",\"item\":\"https:\\\/\\\/www.umbrialeft.org\\\/\"},{\"@type\":\"ListItem\",\"position\":2,\"name\":\"La moda si fa dolce: Umbria Fashion entra nella Citt\u00e0 del cioccolato di Perugia\"}]},{\"@type\":\"WebSite\",\"@id\":\"https:\\\/\\\/www.umbrialeft.org\\\/#website\",\"url\":\"https:\\\/\\\/www.umbrialeft.org\\\/\",\"name\":\"UmbriaLeft\",\"description\":\"\",\"publisher\":{\"@id\":\"https:\\\/\\\/www.umbrialeft.org\\\/#organization\"},\"potentialAction\":[{\"@type\":\"SearchAction\",\"target\":{\"@type\":\"EntryPoint\",\"urlTemplate\":\"https:\\\/\\\/www.umbrialeft.org\\\/?s={search_term_string}\"},\"query-input\":{\"@type\":\"PropertyValueSpecification\",\"valueRequired\":true,\"valueName\":\"search_term_string\"}}],\"inLanguage\":\"it-IT\"},{\"@type\":\"Organization\",\"@id\":\"https:\\\/\\\/www.umbrialeft.org\\\/#organization\",\"name\":\"UmbriaLeft\",\"url\":\"https:\\\/\\\/www.umbrialeft.org\\\/\",\"logo\":{\"@type\":\"ImageObject\",\"inLanguage\":\"it-IT\",\"@id\":\"https:\\\/\\\/www.umbrialeft.org\\\/#\\\/schema\\\/logo\\\/image\\\/\",\"url\":\"https:\\\/\\\/www.umbrialeft.org\\\/wp-content\\\/uploads\\\/2025\\\/03\\\/community_logo-1.png\",\"contentUrl\":\"https:\\\/\\\/www.umbrialeft.org\\\/wp-content\\\/uploads\\\/2025\\\/03\\\/community_logo-1.png\",\"width\":517,\"height\":85,\"caption\":\"UmbriaLeft\"},\"image\":{\"@id\":\"https:\\\/\\\/www.umbrialeft.org\\\/#\\\/schema\\\/logo\\\/image\\\/\"},\"sameAs\":[\"https:\\\/\\\/www.facebook.com\\\/UmbriaLeft2004\"]},{\"@type\":\"Person\",\"@id\":\"https:\\\/\\\/www.umbrialeft.org\\\/#\\\/schema\\\/person\\\/556bd3a44a8a07e2070b7a419cdc18ac\",\"name\":\"Nicola81\",\"image\":{\"@type\":\"ImageObject\",\"inLanguage\":\"it-IT\",\"@id\":\"https:\\\/\\\/secure.gravatar.com\\\/avatar\\\/0cc11ef7d37e4c3709d5db9269d6d2d459b71fe080f18f30593534d61156d537?s=96&d=mm&r=g\",\"url\":\"https:\\\/\\\/secure.gravatar.com\\\/avatar\\\/0cc11ef7d37e4c3709d5db9269d6d2d459b71fe080f18f30593534d61156d537?s=96&d=mm&r=g\",\"contentUrl\":\"https:\\\/\\\/secure.gravatar.com\\\/avatar\\\/0cc11ef7d37e4c3709d5db9269d6d2d459b71fe080f18f30593534d61156d537?s=96&d=mm&r=g\",\"caption\":\"Nicola81\"},\"url\":\"https:\\\/\\\/www.umbrialeft.org\\\/index.php\\\/author\\\/nicola81\\\/\"}]}<\/script>\n<!-- \/ Yoast SEO plugin. -->","yoast_head_json":{"title":"La moda si fa dolce: Umbria Fashion entra nella Citt\u00e0 del cioccolato di Perugia - UmbriaLeft","robots":{"index":"index","follow":"follow","max-snippet":"max-snippet:-1","max-image-preview":"max-image-preview:large","max-video-preview":"max-video-preview:-1"},"canonical":"https:\/\/www.umbrialeft.org\/index.php\/2026\/09\/02\/la-moda-si-fa-dolce-umbria-fashion-entra-nella-citta-del-cioccolato-di-perugia\/","og_locale":"it_IT","og_type":"article","og_title":"La moda si fa dolce: Umbria Fashion entra nella Citt\u00e0 del cioccolato di Perugia - UmbriaLeft","og_description":"Il capo realizzato dal vincitore del contest per giovani fashion designer sar\u00e0 esposto nel pi\u00f9 grande Museo esperienziale d&#8217;Italia dedicato al cacao e al cioccolato Perugia, 2 sett. \u2013 Valorizzare il talento, promuovere l\u2019eccellenza. Si muove su questo binario il viaggio nella moda, nell\u2019arte e nella solidariet\u00e0 di Umbria Fashion, in programma a Perugia sabato","og_url":"https:\/\/www.umbrialeft.org\/index.php\/2026\/09\/02\/la-moda-si-fa-dolce-umbria-fashion-entra-nella-citta-del-cioccolato-di-perugia\/","og_site_name":"UmbriaLeft","article_publisher":"https:\/\/www.facebook.com\/UmbriaLeft2004","article_published_time":"2026-09-02T09:49:02+00:00","article_modified_time":"2026-09-02T09:49:03+00:00","og_image":[{"width":1080,"height":601,"url":"https:\/\/www.umbrialeft.org\/wp-content\/uploads\/2026\/09\/umbria-fashion_repertorio-1.jpeg","type":"image\/jpeg"}],"author":"Nicola81","twitter_card":"summary_large_image","twitter_misc":{"Scritto da":"Nicola81","Tempo di lettura stimato":"3 minuti"},"schema":{"@context":"https:\/\/schema.org","@graph":[{"@type":"Article","@id":"https:\/\/www.umbrialeft.org\/index.php\/2026\/09\/02\/la-moda-si-fa-dolce-umbria-fashion-entra-nella-citta-del-cioccolato-di-perugia\/#article","isPartOf":{"@id":"https:\/\/www.umbrialeft.org\/index.php\/2026\/09\/02\/la-moda-si-fa-dolce-umbria-fashion-entra-nella-citta-del-cioccolato-di-perugia\/"},"author":{"name":"Nicola81","@id":"https:\/\/www.umbrialeft.org\/#\/schema\/person\/556bd3a44a8a07e2070b7a419cdc18ac"},"headline":"La moda si fa dolce: Umbria Fashion entra nella Citt\u00e0 del cioccolato di Perugia","datePublished":"2026-09-02T09:49:02+00:00","dateModified":"2026-09-02T09:49:03+00:00","mainEntityOfPage":{"@id":"https:\/\/www.umbrialeft.org\/index.php\/2026\/09\/02\/la-moda-si-fa-dolce-umbria-fashion-entra-nella-citta-del-cioccolato-di-perugia\/"},"wordCount":534,"publisher":{"@id":"https:\/\/www.umbrialeft.org\/#organization"},"image":{"@id":"https:\/\/www.umbrialeft.org\/index.php\/2026\/09\/02\/la-moda-si-fa-dolce-umbria-fashion-entra-nella-citta-del-cioccolato-di-perugia\/#primaryimage"},"thumbnailUrl":"https:\/\/www.umbrialeft.org\/wp-content\/uploads\/2026\/09\/umbria-fashion_repertorio-1.jpeg","articleSection":["Eventi"],"inLanguage":"it-IT"},{"@type":"WebPage","@id":"https:\/\/www.umbrialeft.org\/index.php\/2026\/09\/02\/la-moda-si-fa-dolce-umbria-fashion-entra-nella-citta-del-cioccolato-di-perugia\/","url":"https:\/\/www.umbrialeft.org\/index.php\/2026\/09\/02\/la-moda-si-fa-dolce-umbria-fashion-entra-nella-citta-del-cioccolato-di-perugia\/","name":"La moda si fa dolce: Umbria Fashion entra nella Citt\u00e0 del cioccolato di Perugia - UmbriaLeft","isPartOf":{"@id":"https:\/\/www.umbrialeft.org\/#website"},"primaryImageOfPage":{"@id":"https:\/\/www.umbrialeft.org\/index.php\/2026\/09\/02\/la-moda-si-fa-dolce-umbria-fashion-entra-nella-citta-del-cioccolato-di-perugia\/#primaryimage"},"image":{"@id":"https:\/\/www.umbrialeft.org\/index.php\/2026\/09\/02\/la-moda-si-fa-dolce-umbria-fashion-entra-nella-citta-del-cioccolato-di-perugia\/#primaryimage"},"thumbnailUrl":"https:\/\/www.umbrialeft.org\/wp-content\/uploads\/2026\/09\/umbria-fashion_repertorio-1.jpeg","datePublished":"2026-09-02T09:49:02+00:00","dateModified":"2026-09-02T09:49:03+00:00","breadcrumb":{"@id":"https:\/\/www.umbrialeft.org\/index.php\/2026\/09\/02\/la-moda-si-fa-dolce-umbria-fashion-entra-nella-citta-del-cioccolato-di-perugia\/#breadcrumb"},"inLanguage":"it-IT","potentialAction":[{"@type":"ReadAction","target":["https:\/\/www.umbrialeft.org\/index.php\/2026\/09\/02\/la-moda-si-fa-dolce-umbria-fashion-entra-nella-citta-del-cioccolato-di-perugia\/"]}]},{"@type":"ImageObject","inLanguage":"it-IT","@id":"https:\/\/www.umbrialeft.org\/index.php\/2026\/09\/02\/la-moda-si-fa-dolce-umbria-fashion-entra-nella-citta-del-cioccolato-di-perugia\/#primaryimage","url":"https:\/\/www.umbrialeft.org\/wp-content\/uploads\/2026\/09\/umbria-fashion_repertorio-1.jpeg","contentUrl":"https:\/\/www.umbrialeft.org\/wp-content\/uploads\/2026\/09\/umbria-fashion_repertorio-1.jpeg","width":1080,"height":601},{"@type":"BreadcrumbList","@id":"https:\/\/www.umbrialeft.org\/index.php\/2026\/09\/02\/la-moda-si-fa-dolce-umbria-fashion-entra-nella-citta-del-cioccolato-di-perugia\/#breadcrumb","itemListElement":[{"@type":"ListItem","position":1,"name":"Home","item":"https:\/\/www.umbrialeft.org\/"},{"@type":"ListItem","position":2,"name":"La moda si fa dolce: Umbria Fashion entra nella Citt\u00e0 del cioccolato di Perugia"}]},{"@type":"WebSite","@id":"https:\/\/www.umbrialeft.org\/#website","url":"https:\/\/www.umbrialeft.org\/","name":"UmbriaLeft","description":"","publisher":{"@id":"https:\/\/www.umbrialeft.org\/#organization"},"potentialAction":[{"@type":"SearchAction","target":{"@type":"EntryPoint","urlTemplate":"https:\/\/www.umbrialeft.org\/?s={search_term_string}"},"query-input":{"@type":"PropertyValueSpecification","valueRequired":true,"valueName":"search_term_string"}}],"inLanguage":"it-IT"},{"@type":"Organization","@id":"https:\/\/www.umbrialeft.org\/#organization","name":"UmbriaLeft","url":"https:\/\/www.umbrialeft.org\/","logo":{"@type":"ImageObject","inLanguage":"it-IT","@id":"https:\/\/www.umbrialeft.org\/#\/schema\/logo\/image\/","url":"https:\/\/www.umbrialeft.org\/wp-content\/uploads\/2025\/03\/community_logo-1.png","contentUrl":"https:\/\/www.umbrialeft.org\/wp-content\/uploads\/2025\/03\/community_logo-1.png","width":517,"height":85,"caption":"UmbriaLeft"},"image":{"@id":"https:\/\/www.umbrialeft.org\/#\/schema\/logo\/image\/"},"sameAs":["https:\/\/www.facebook.com\/UmbriaLeft2004"]},{"@type":"Person","@id":"https:\/\/www.umbrialeft.org\/#\/schema\/person\/556bd3a44a8a07e2070b7a419cdc18ac","name":"Nicola81","image":{"@type":"ImageObject","inLanguage":"it-IT","@id":"https:\/\/secure.gravatar.com\/avatar\/0cc11ef7d37e4c3709d5db9269d6d2d459b71fe080f18f30593534d61156d537?s=96&d=mm&r=g","url":"https:\/\/secure.gravatar.com\/avatar\/0cc11ef7d37e4c3709d5db9269d6d2d459b71fe080f18f30593534d61156d537?s=96&d=mm&r=g","contentUrl":"https:\/\/secure.gravatar.com\/avatar\/0cc11ef7d37e4c3709d5db9269d6d2d459b71fe080f18f30593534d61156d537?s=96&d=mm&r=g","caption":"Nicola81"},"url":"https:\/\/www.umbrialeft.org\/index.php\/author\/nicola81\/"}]}},"blog_post_layout_featured_media_urls":{"thumbnail":["https:\/\/www.umbrialeft.org\/wp-content\/uploads\/2026\/09\/umbria-fashion_repertorio-1-150x150.jpeg",150,150,true],"full":["https:\/\/www.umbrialeft.org\/wp-content\/uploads\/2026\/09\/umbria-fashion_repertorio-1.jpeg",1080,601,false]},"categories_names":{"266":{"name":"Eventi","link":"https:\/\/www.umbrialeft.org\/index.php\/category\/eventi\/"}},"tags_names":[],"comments_number":"0","wpmagazine_modules_lite_featured_media_urls":{"thumbnail":["https:\/\/www.umbrialeft.org\/wp-content\/uploads\/2026\/09\/umbria-fashion_repertorio-1-150x150.jpeg",150,150,true],"cvmm-medium":["https:\/\/www.umbrialeft.org\/wp-content\/uploads\/2026\/09\/umbria-fashion_repertorio-1-300x300.jpeg",300,300,true],"cvmm-medium-plus":["https:\/\/www.umbrialeft.org\/wp-content\/uploads\/2026\/09\/umbria-fashion_repertorio-1-305x207.jpeg",305,207,true],"cvmm-portrait":["https:\/\/www.umbrialeft.org\/wp-content\/uploads\/2026\/09\/umbria-fashion_repertorio-1-400x600.jpeg",400,600,true],"cvmm-medium-square":["https:\/\/www.umbrialeft.org\/wp-content\/uploads\/2026\/09\/umbria-fashion_repertorio-1-600x600.jpeg",600,600,true],"cvmm-large":["https:\/\/www.umbrialeft.org\/wp-content\/uploads\/2026\/09\/umbria-fashion_repertorio-1-1024x601.jpeg",1024,601,true],"cvmm-small":["https:\/\/www.umbrialeft.org\/wp-content\/uploads\/2026\/09\/umbria-fashion_repertorio-1-130x95.jpeg",130,95,true],"full":["https:\/\/www.umbrialeft.org\/wp-content\/uploads\/2026\/09\/umbria-fashion_repertorio-1.jpeg",1080,601,false]},"_links":{"self":[{"href":"https:\/\/www.umbrialeft.org\/index.php\/wp-json\/wp\/v2\/posts\/11903","targetHints":{"allow":["GET"]}}],"collection":[{"href":"https:\/\/www.umbrialeft.org\/index.php\/wp-json\/wp\/v2\/posts"}],"about":[{"href":"https:\/\/www.umbrialeft.org\/index.php\/wp-json\/wp\/v2\/types\/post"}],"author":[{"embeddable":true,"href":"https:\/\/www.umbrialeft.org\/index.php\/wp-json\/wp\/v2\/users\/8"}],"replies":[{"embeddable":true,"href":"https:\/\/www.umbrialeft.org\/index.php\/wp-json\/wp\/v2\/comments?post=11903"}],"version-history":[{"count":1,"href":"https:\/\/www.umbrialeft.org\/index.php\/wp-json\/wp\/v2\/posts\/11903\/revisions"}],"predecessor-version":[{"id":11905,"href":"https:\/\/www.umbrialeft.org\/index.php\/wp-json\/wp\/v2\/posts\/11903\/revisions\/11905"}],"wp:featuredmedia":[{"embeddable":true,"href":"https:\/\/www.umbrialeft.org\/index.php\/wp-json\/wp\/v2\/media\/11904"}],"wp:attachment":[{"href":"https:\/\/www.umbrialeft.org\/index.php\/wp-json\/wp\/v2\/media?parent=11903"}],"wp:term":[{"taxonomy":"category","embeddable":true,"href":"https:\/\/www.umbrialeft.org\/index.php\/wp-json\/wp\/v2\/categories?post=11903"},{"taxonomy":"post_tag","embeddable":true,"href":"https:\/\/www.umbrialeft.org\/index.php\/wp-json\/wp\/v2\/tags?post=11903"}],"curies":[{"name":"wp","href":"https:\/\/api.w.org\/{rel}","templated":true}]}}