{"id":11906,"date":"2026-09-02T12:09:59","date_gmt":"2026-09-02T10:09:59","guid":{"rendered":"https:\/\/www.umbrialeft.org\/?p=11906"},"modified":"2026-09-02T12:10:00","modified_gmt":"2026-09-02T10:10:00","slug":"a-norcia-e-tempo-di-oktober-fest-tra-prodotti-bavaresi-e-musica-live","status":"publish","type":"post","link":"https:\/\/www.umbrialeft.org\/index.php\/2026\/09\/02\/a-norcia-e-tempo-di-oktober-fest-tra-prodotti-bavaresi-e-musica-live\/","title":{"rendered":"A Norcia \u00e8 tempo di Oktober Fest, tra prodotti bavaresi e musica live"},"content":{"rendered":"\n<h2 class=\"wp-block-heading\"><strong><em>Sabato 5 settembre la camminata da Norcia a Cascia in ricordo della pace del 1477. Da venerd\u00ec 4 a domenica 6 settembre l\u2019evento in piazza san Benedetto dalle 19<\/em><\/strong><\/h2>\n\n\n\n<p class=\"wp-block-paragraph\">(AVInews) \u2013 Norcia, 2 set. \u2013 A Norcia arriva l\u2019Oktober Fest, in programma nella centralissima Piazza san Benedetto da venerd\u00ec 4 a domenica 6 settembre. Nell\u2019ambito del ricco cartellone dell\u2019Estate nursina, c\u2019\u00e8 posto anche per questo evento, divenuto ormai un appuntamento fisso&nbsp; nel territorio, all\u2019insegna di musica, divertimento e dei sapori bavaresi tra cui la birra.<\/p>\n\n\n\n<p class=\"wp-block-paragraph\">Nelle tre serate, dalle 19, sar\u00e0 possibile degustare i prodotti protagonisti della festa e ascoltare la musica dal vivo. Si esibiranno infatti Dado Can Super Band venerd\u00ec 4 settembre, One More Shot -90s Live Band sabato 5 e Alex Acosta Zona Latina Show domenica 6.<\/p>\n\n\n\n<p class=\"wp-block-paragraph\">Il weekend propone anche un momento molto sentito dalla comunit\u00e0 all\u2019insegna del ricordo e della memoria, tra natura e storia. Sabato 5 settembre, con partenza alle 8 da Piazza san Benedetto, ci sar\u00e0 infatti la quinta edizione di \u2018In cammino per la pace da Norcia a Cascia\u2019, una camminata di riflessione in ricordo della storica pace tra le due citt\u00e0 che risale al 1477.<\/p>\n\n\n\n<p class=\"wp-block-paragraph\">Dopo i saluti istituzionali, prender\u00e0 avvio la camminata in direzione dalla Chiesa della Madonna di Cascia a Norcia che si concluder\u00e0 a Cascia alla Chiesa della Madonna di Norcia percorrendo sentieri antichi e attraversando bellissimi luoghi e paesaggi. La passeggiata, che dar\u00e0 importanti spunti di riflessione, avverr\u00e0 nel ricordo Di Beatrice Salvi co-promotrice dell\u2019iniziativa. Il cammino \u00e8 per persone allenate, la lunghezza \u00e8 di circa 17 chilometri e il dislivello complessivo in salita supera i 500 metri. Durante il percorso, \u00e8 previsto l\u2019ausilio del servizio auto per l\u2019assistenza ai partecipanti.<\/p>\n","protected":false},"excerpt":{"rendered":"<p>Sabato 5 settembre la camminata da Norcia a Cascia in ricordo della pace del 1477. Da venerd\u00ec 4 a domenica 6 settembre l\u2019evento in piazza san Benedetto dalle 19 (AVInews) \u2013 Norcia, 2 set. \u2013 A Norcia arriva l\u2019Oktober Fest, in programma nella centralissima Piazza san Benedetto da venerd\u00ec 4 a domenica 6 settembre. Nell\u2019ambito<\/p>\n","protected":false},"author":8,"featured_media":11907,"comment_status":"closed","ping_status":"closed","sticky":false,"template":"","format":"standard","meta":{"footnotes":""},"categories":[266],"tags":[],"class_list":["post-11906","post","type-post","status-publish","format-standard","has-post-thumbnail","hentry","category-eventi"],"yoast_head":"<!-- This site is optimized with the Yoast SEO plugin v28.4 - https:\/\/yoast.com\/product\/yoast-seo-wordpress\/ -->\n<title>A Norcia \u00e8 tempo di Oktober Fest, tra prodotti bavaresi e musica live - UmbriaLeft<\/title>\n<meta name=\"robots\" content=\"index, follow, max-snippet:-1, max-image-preview:large, max-video-preview:-1\" \/>\n<link rel=\"canonical\" href=\"https:\/\/www.umbrialeft.org\/index.php\/2026\/09\/02\/a-norcia-e-tempo-di-oktober-fest-tra-prodotti-bavaresi-e-musica-live\/\" \/>\n<meta property=\"og:locale\" content=\"it_IT\" \/>\n<meta property=\"og:type\" content=\"article\" \/>\n<meta property=\"og:title\" content=\"A Norcia \u00e8 tempo di Oktober Fest, tra prodotti bavaresi e musica live - UmbriaLeft\" \/>\n<meta property=\"og:description\" content=\"Sabato 5 settembre la camminata da Norcia a Cascia in ricordo della pace del 1477. Da venerd\u00ec 4 a domenica 6 settembre l\u2019evento in piazza san Benedetto dalle 19 (AVInews) \u2013 Norcia, 2 set. \u2013 A Norcia arriva l\u2019Oktober Fest, in programma nella centralissima Piazza san Benedetto da venerd\u00ec 4 a domenica 6 settembre. Nell\u2019ambito\" \/>\n<meta property=\"og:url\" content=\"https:\/\/www.umbrialeft.org\/index.php\/2026\/09\/02\/a-norcia-e-tempo-di-oktober-fest-tra-prodotti-bavaresi-e-musica-live\/\" \/>\n<meta property=\"og:site_name\" content=\"UmbriaLeft\" \/>\n<meta property=\"article:publisher\" content=\"https:\/\/www.facebook.com\/UmbriaLeft2004\" \/>\n<meta property=\"article:published_time\" content=\"2026-09-02T10:09:59+00:00\" \/>\n<meta property=\"article:modified_time\" content=\"2026-09-02T10:10:00+00:00\" \/>\n<meta property=\"og:image\" content=\"https:\/\/www.umbrialeft.org\/wp-content\/uploads\/2026\/09\/paesaggio-tra-Norcia-e-Cascia.jpeg\" \/>\n\t<meta property=\"og:image:width\" content=\"2048\" \/>\n\t<meta property=\"og:image:height\" content=\"1536\" \/>\n\t<meta property=\"og:image:type\" content=\"image\/jpeg\" \/>\n<meta name=\"author\" content=\"Nicola81\" \/>\n<meta name=\"twitter:card\" content=\"summary_large_image\" \/>\n<meta name=\"twitter:label1\" content=\"Scritto da\" \/>\n\t<meta name=\"twitter:data1\" content=\"Nicola81\" \/>\n\t<meta name=\"twitter:label2\" content=\"Tempo di lettura stimato\" \/>\n\t<meta name=\"twitter:data2\" content=\"2 minuti\" \/>\n<script type=\"application\/ld+json\" class=\"yoast-schema-graph\">{\"@context\":\"https:\\\/\\\/schema.org\",\"@graph\":[{\"@type\":\"Article\",\"@id\":\"https:\\\/\\\/www.umbrialeft.org\\\/index.php\\\/2026\\\/09\\\/02\\\/a-norcia-e-tempo-di-oktober-fest-tra-prodotti-bavaresi-e-musica-live\\\/#article\",\"isPartOf\":{\"@id\":\"https:\\\/\\\/www.umbrialeft.org\\\/index.php\\\/2026\\\/09\\\/02\\\/a-norcia-e-tempo-di-oktober-fest-tra-prodotti-bavaresi-e-musica-live\\\/\"},\"author\":{\"name\":\"Nicola81\",\"@id\":\"https:\\\/\\\/www.umbrialeft.org\\\/#\\\/schema\\\/person\\\/556bd3a44a8a07e2070b7a419cdc18ac\"},\"headline\":\"A Norcia \u00e8 tempo di Oktober Fest, tra prodotti bavaresi e musica live\",\"datePublished\":\"2026-09-02T10:09:59+00:00\",\"dateModified\":\"2026-09-02T10:10:00+00:00\",\"mainEntityOfPage\":{\"@id\":\"https:\\\/\\\/www.umbrialeft.org\\\/index.php\\\/2026\\\/09\\\/02\\\/a-norcia-e-tempo-di-oktober-fest-tra-prodotti-bavaresi-e-musica-live\\\/\"},\"wordCount\":285,\"publisher\":{\"@id\":\"https:\\\/\\\/www.umbrialeft.org\\\/#organization\"},\"image\":{\"@id\":\"https:\\\/\\\/www.umbrialeft.org\\\/index.php\\\/2026\\\/09\\\/02\\\/a-norcia-e-tempo-di-oktober-fest-tra-prodotti-bavaresi-e-musica-live\\\/#primaryimage\"},\"thumbnailUrl\":\"https:\\\/\\\/www.umbrialeft.org\\\/wp-content\\\/uploads\\\/2026\\\/09\\\/paesaggio-tra-Norcia-e-Cascia.jpeg\",\"articleSection\":[\"Eventi\"],\"inLanguage\":\"it-IT\"},{\"@type\":\"WebPage\",\"@id\":\"https:\\\/\\\/www.umbrialeft.org\\\/index.php\\\/2026\\\/09\\\/02\\\/a-norcia-e-tempo-di-oktober-fest-tra-prodotti-bavaresi-e-musica-live\\\/\",\"url\":\"https:\\\/\\\/www.umbrialeft.org\\\/index.php\\\/2026\\\/09\\\/02\\\/a-norcia-e-tempo-di-oktober-fest-tra-prodotti-bavaresi-e-musica-live\\\/\",\"name\":\"A Norcia \u00e8 tempo di Oktober Fest, tra prodotti bavaresi e musica live - UmbriaLeft\",\"isPartOf\":{\"@id\":\"https:\\\/\\\/www.umbrialeft.org\\\/#website\"},\"primaryImageOfPage\":{\"@id\":\"https:\\\/\\\/www.umbrialeft.org\\\/index.php\\\/2026\\\/09\\\/02\\\/a-norcia-e-tempo-di-oktober-fest-tra-prodotti-bavaresi-e-musica-live\\\/#primaryimage\"},\"image\":{\"@id\":\"https:\\\/\\\/www.umbrialeft.org\\\/index.php\\\/2026\\\/09\\\/02\\\/a-norcia-e-tempo-di-oktober-fest-tra-prodotti-bavaresi-e-musica-live\\\/#primaryimage\"},\"thumbnailUrl\":\"https:\\\/\\\/www.umbrialeft.org\\\/wp-content\\\/uploads\\\/2026\\\/09\\\/paesaggio-tra-Norcia-e-Cascia.jpeg\",\"datePublished\":\"2026-09-02T10:09:59+00:00\",\"dateModified\":\"2026-09-02T10:10:00+00:00\",\"breadcrumb\":{\"@id\":\"https:\\\/\\\/www.umbrialeft.org\\\/index.php\\\/2026\\\/09\\\/02\\\/a-norcia-e-tempo-di-oktober-fest-tra-prodotti-bavaresi-e-musica-live\\\/#breadcrumb\"},\"inLanguage\":\"it-IT\",\"potentialAction\":[{\"@type\":\"ReadAction\",\"target\":[\"https:\\\/\\\/www.umbrialeft.org\\\/index.php\\\/2026\\\/09\\\/02\\\/a-norcia-e-tempo-di-oktober-fest-tra-prodotti-bavaresi-e-musica-live\\\/\"]}]},{\"@type\":\"ImageObject\",\"inLanguage\":\"it-IT\",\"@id\":\"https:\\\/\\\/www.umbrialeft.org\\\/index.php\\\/2026\\\/09\\\/02\\\/a-norcia-e-tempo-di-oktober-fest-tra-prodotti-bavaresi-e-musica-live\\\/#primaryimage\",\"url\":\"https:\\\/\\\/www.umbrialeft.org\\\/wp-content\\\/uploads\\\/2026\\\/09\\\/paesaggio-tra-Norcia-e-Cascia.jpeg\",\"contentUrl\":\"https:\\\/\\\/www.umbrialeft.org\\\/wp-content\\\/uploads\\\/2026\\\/09\\\/paesaggio-tra-Norcia-e-Cascia.jpeg\",\"width\":2048,\"height\":1536},{\"@type\":\"BreadcrumbList\",\"@id\":\"https:\\\/\\\/www.umbrialeft.org\\\/index.php\\\/2026\\\/09\\\/02\\\/a-norcia-e-tempo-di-oktober-fest-tra-prodotti-bavaresi-e-musica-live\\\/#breadcrumb\",\"itemListElement\":[{\"@type\":\"ListItem\",\"position\":1,\"name\":\"Home\",\"item\":\"https:\\\/\\\/www.umbrialeft.org\\\/\"},{\"@type\":\"ListItem\",\"position\":2,\"name\":\"A Norcia \u00e8 tempo di Oktober Fest, tra prodotti bavaresi e musica live\"}]},{\"@type\":\"WebSite\",\"@id\":\"https:\\\/\\\/www.umbrialeft.org\\\/#website\",\"url\":\"https:\\\/\\\/www.umbrialeft.org\\\/\",\"name\":\"UmbriaLeft\",\"description\":\"\",\"publisher\":{\"@id\":\"https:\\\/\\\/www.umbrialeft.org\\\/#organization\"},\"potentialAction\":[{\"@type\":\"SearchAction\",\"target\":{\"@type\":\"EntryPoint\",\"urlTemplate\":\"https:\\\/\\\/www.umbrialeft.org\\\/?s={search_term_string}\"},\"query-input\":{\"@type\":\"PropertyValueSpecification\",\"valueRequired\":true,\"valueName\":\"search_term_string\"}}],\"inLanguage\":\"it-IT\"},{\"@type\":\"Organization\",\"@id\":\"https:\\\/\\\/www.umbrialeft.org\\\/#organization\",\"name\":\"UmbriaLeft\",\"url\":\"https:\\\/\\\/www.umbrialeft.org\\\/\",\"logo\":{\"@type\":\"ImageObject\",\"inLanguage\":\"it-IT\",\"@id\":\"https:\\\/\\\/www.umbrialeft.org\\\/#\\\/schema\\\/logo\\\/image\\\/\",\"url\":\"https:\\\/\\\/www.umbrialeft.org\\\/wp-content\\\/uploads\\\/2025\\\/03\\\/community_logo-1.png\",\"contentUrl\":\"https:\\\/\\\/www.umbrialeft.org\\\/wp-content\\\/uploads\\\/2025\\\/03\\\/community_logo-1.png\",\"width\":517,\"height\":85,\"caption\":\"UmbriaLeft\"},\"image\":{\"@id\":\"https:\\\/\\\/www.umbrialeft.org\\\/#\\\/schema\\\/logo\\\/image\\\/\"},\"sameAs\":[\"https:\\\/\\\/www.facebook.com\\\/UmbriaLeft2004\"]},{\"@type\":\"Person\",\"@id\":\"https:\\\/\\\/www.umbrialeft.org\\\/#\\\/schema\\\/person\\\/556bd3a44a8a07e2070b7a419cdc18ac\",\"name\":\"Nicola81\",\"image\":{\"@type\":\"ImageObject\",\"inLanguage\":\"it-IT\",\"@id\":\"https:\\\/\\\/secure.gravatar.com\\\/avatar\\\/0cc11ef7d37e4c3709d5db9269d6d2d459b71fe080f18f30593534d61156d537?s=96&d=mm&r=g\",\"url\":\"https:\\\/\\\/secure.gravatar.com\\\/avatar\\\/0cc11ef7d37e4c3709d5db9269d6d2d459b71fe080f18f30593534d61156d537?s=96&d=mm&r=g\",\"contentUrl\":\"https:\\\/\\\/secure.gravatar.com\\\/avatar\\\/0cc11ef7d37e4c3709d5db9269d6d2d459b71fe080f18f30593534d61156d537?s=96&d=mm&r=g\",\"caption\":\"Nicola81\"},\"url\":\"https:\\\/\\\/www.umbrialeft.org\\\/index.php\\\/author\\\/nicola81\\\/\"}]}<\/script>\n<!-- \/ Yoast SEO plugin. -->","yoast_head_json":{"title":"A Norcia \u00e8 tempo di Oktober Fest, tra prodotti bavaresi e musica live - UmbriaLeft","robots":{"index":"index","follow":"follow","max-snippet":"max-snippet:-1","max-image-preview":"max-image-preview:large","max-video-preview":"max-video-preview:-1"},"canonical":"https:\/\/www.umbrialeft.org\/index.php\/2026\/09\/02\/a-norcia-e-tempo-di-oktober-fest-tra-prodotti-bavaresi-e-musica-live\/","og_locale":"it_IT","og_type":"article","og_title":"A Norcia \u00e8 tempo di Oktober Fest, tra prodotti bavaresi e musica live - UmbriaLeft","og_description":"Sabato 5 settembre la camminata da Norcia a Cascia in ricordo della pace del 1477. Da venerd\u00ec 4 a domenica 6 settembre l\u2019evento in piazza san Benedetto dalle 19 (AVInews) \u2013 Norcia, 2 set. \u2013 A Norcia arriva l\u2019Oktober Fest, in programma nella centralissima Piazza san Benedetto da venerd\u00ec 4 a domenica 6 settembre. Nell\u2019ambito","og_url":"https:\/\/www.umbrialeft.org\/index.php\/2026\/09\/02\/a-norcia-e-tempo-di-oktober-fest-tra-prodotti-bavaresi-e-musica-live\/","og_site_name":"UmbriaLeft","article_publisher":"https:\/\/www.facebook.com\/UmbriaLeft2004","article_published_time":"2026-09-02T10:09:59+00:00","article_modified_time":"2026-09-02T10:10:00+00:00","og_image":[{"width":2048,"height":1536,"url":"https:\/\/www.umbrialeft.org\/wp-content\/uploads\/2026\/09\/paesaggio-tra-Norcia-e-Cascia.jpeg","type":"image\/jpeg"}],"author":"Nicola81","twitter_card":"summary_large_image","twitter_misc":{"Scritto da":"Nicola81","Tempo di lettura stimato":"2 minuti"},"schema":{"@context":"https:\/\/schema.org","@graph":[{"@type":"Article","@id":"https:\/\/www.umbrialeft.org\/index.php\/2026\/09\/02\/a-norcia-e-tempo-di-oktober-fest-tra-prodotti-bavaresi-e-musica-live\/#article","isPartOf":{"@id":"https:\/\/www.umbrialeft.org\/index.php\/2026\/09\/02\/a-norcia-e-tempo-di-oktober-fest-tra-prodotti-bavaresi-e-musica-live\/"},"author":{"name":"Nicola81","@id":"https:\/\/www.umbrialeft.org\/#\/schema\/person\/556bd3a44a8a07e2070b7a419cdc18ac"},"headline":"A Norcia \u00e8 tempo di Oktober Fest, tra prodotti bavaresi e musica live","datePublished":"2026-09-02T10:09:59+00:00","dateModified":"2026-09-02T10:10:00+00:00","mainEntityOfPage":{"@id":"https:\/\/www.umbrialeft.org\/index.php\/2026\/09\/02\/a-norcia-e-tempo-di-oktober-fest-tra-prodotti-bavaresi-e-musica-live\/"},"wordCount":285,"publisher":{"@id":"https:\/\/www.umbrialeft.org\/#organization"},"image":{"@id":"https:\/\/www.umbrialeft.org\/index.php\/2026\/09\/02\/a-norcia-e-tempo-di-oktober-fest-tra-prodotti-bavaresi-e-musica-live\/#primaryimage"},"thumbnailUrl":"https:\/\/www.umbrialeft.org\/wp-content\/uploads\/2026\/09\/paesaggio-tra-Norcia-e-Cascia.jpeg","articleSection":["Eventi"],"inLanguage":"it-IT"},{"@type":"WebPage","@id":"https:\/\/www.umbrialeft.org\/index.php\/2026\/09\/02\/a-norcia-e-tempo-di-oktober-fest-tra-prodotti-bavaresi-e-musica-live\/","url":"https:\/\/www.umbrialeft.org\/index.php\/2026\/09\/02\/a-norcia-e-tempo-di-oktober-fest-tra-prodotti-bavaresi-e-musica-live\/","name":"A Norcia \u00e8 tempo di Oktober Fest, tra prodotti bavaresi e musica live - UmbriaLeft","isPartOf":{"@id":"https:\/\/www.umbrialeft.org\/#website"},"primaryImageOfPage":{"@id":"https:\/\/www.umbrialeft.org\/index.php\/2026\/09\/02\/a-norcia-e-tempo-di-oktober-fest-tra-prodotti-bavaresi-e-musica-live\/#primaryimage"},"image":{"@id":"https:\/\/www.umbrialeft.org\/index.php\/2026\/09\/02\/a-norcia-e-tempo-di-oktober-fest-tra-prodotti-bavaresi-e-musica-live\/#primaryimage"},"thumbnailUrl":"https:\/\/www.umbrialeft.org\/wp-content\/uploads\/2026\/09\/paesaggio-tra-Norcia-e-Cascia.jpeg","datePublished":"2026-09-02T10:09:59+00:00","dateModified":"2026-09-02T10:10:00+00:00","breadcrumb":{"@id":"https:\/\/www.umbrialeft.org\/index.php\/2026\/09\/02\/a-norcia-e-tempo-di-oktober-fest-tra-prodotti-bavaresi-e-musica-live\/#breadcrumb"},"inLanguage":"it-IT","potentialAction":[{"@type":"ReadAction","target":["https:\/\/www.umbrialeft.org\/index.php\/2026\/09\/02\/a-norcia-e-tempo-di-oktober-fest-tra-prodotti-bavaresi-e-musica-live\/"]}]},{"@type":"ImageObject","inLanguage":"it-IT","@id":"https:\/\/www.umbrialeft.org\/index.php\/2026\/09\/02\/a-norcia-e-tempo-di-oktober-fest-tra-prodotti-bavaresi-e-musica-live\/#primaryimage","url":"https:\/\/www.umbrialeft.org\/wp-content\/uploads\/2026\/09\/paesaggio-tra-Norcia-e-Cascia.jpeg","contentUrl":"https:\/\/www.umbrialeft.org\/wp-content\/uploads\/2026\/09\/paesaggio-tra-Norcia-e-Cascia.jpeg","width":2048,"height":1536},{"@type":"BreadcrumbList","@id":"https:\/\/www.umbrialeft.org\/index.php\/2026\/09\/02\/a-norcia-e-tempo-di-oktober-fest-tra-prodotti-bavaresi-e-musica-live\/#breadcrumb","itemListElement":[{"@type":"ListItem","position":1,"name":"Home","item":"https:\/\/www.umbrialeft.org\/"},{"@type":"ListItem","position":2,"name":"A Norcia \u00e8 tempo di Oktober Fest, tra prodotti bavaresi e musica live"}]},{"@type":"WebSite","@id":"https:\/\/www.umbrialeft.org\/#website","url":"https:\/\/www.umbrialeft.org\/","name":"UmbriaLeft","description":"","publisher":{"@id":"https:\/\/www.umbrialeft.org\/#organization"},"potentialAction":[{"@type":"SearchAction","target":{"@type":"EntryPoint","urlTemplate":"https:\/\/www.umbrialeft.org\/?s={search_term_string}"},"query-input":{"@type":"PropertyValueSpecification","valueRequired":true,"valueName":"search_term_string"}}],"inLanguage":"it-IT"},{"@type":"Organization","@id":"https:\/\/www.umbrialeft.org\/#organization","name":"UmbriaLeft","url":"https:\/\/www.umbrialeft.org\/","logo":{"@type":"ImageObject","inLanguage":"it-IT","@id":"https:\/\/www.umbrialeft.org\/#\/schema\/logo\/image\/","url":"https:\/\/www.umbrialeft.org\/wp-content\/uploads\/2025\/03\/community_logo-1.png","contentUrl":"https:\/\/www.umbrialeft.org\/wp-content\/uploads\/2025\/03\/community_logo-1.png","width":517,"height":85,"caption":"UmbriaLeft"},"image":{"@id":"https:\/\/www.umbrialeft.org\/#\/schema\/logo\/image\/"},"sameAs":["https:\/\/www.facebook.com\/UmbriaLeft2004"]},{"@type":"Person","@id":"https:\/\/www.umbrialeft.org\/#\/schema\/person\/556bd3a44a8a07e2070b7a419cdc18ac","name":"Nicola81","image":{"@type":"ImageObject","inLanguage":"it-IT","@id":"https:\/\/secure.gravatar.com\/avatar\/0cc11ef7d37e4c3709d5db9269d6d2d459b71fe080f18f30593534d61156d537?s=96&d=mm&r=g","url":"https:\/\/secure.gravatar.com\/avatar\/0cc11ef7d37e4c3709d5db9269d6d2d459b71fe080f18f30593534d61156d537?s=96&d=mm&r=g","contentUrl":"https:\/\/secure.gravatar.com\/avatar\/0cc11ef7d37e4c3709d5db9269d6d2d459b71fe080f18f30593534d61156d537?s=96&d=mm&r=g","caption":"Nicola81"},"url":"https:\/\/www.umbrialeft.org\/index.php\/author\/nicola81\/"}]}},"blog_post_layout_featured_media_urls":{"thumbnail":["https:\/\/www.umbrialeft.org\/wp-content\/uploads\/2026\/09\/paesaggio-tra-Norcia-e-Cascia-150x150.jpeg",150,150,true],"full":["https:\/\/www.umbrialeft.org\/wp-content\/uploads\/2026\/09\/paesaggio-tra-Norcia-e-Cascia.jpeg",2048,1536,false]},"categories_names":{"266":{"name":"Eventi","link":"https:\/\/www.umbrialeft.org\/index.php\/category\/eventi\/"}},"tags_names":[],"comments_number":"0","wpmagazine_modules_lite_featured_media_urls":{"thumbnail":["https:\/\/www.umbrialeft.org\/wp-content\/uploads\/2026\/09\/paesaggio-tra-Norcia-e-Cascia-150x150.jpeg",150,150,true],"cvmm-medium":["https:\/\/www.umbrialeft.org\/wp-content\/uploads\/2026\/09\/paesaggio-tra-Norcia-e-Cascia-300x300.jpeg",300,300,true],"cvmm-medium-plus":["https:\/\/www.umbrialeft.org\/wp-content\/uploads\/2026\/09\/paesaggio-tra-Norcia-e-Cascia-305x207.jpeg",305,207,true],"cvmm-portrait":["https:\/\/www.umbrialeft.org\/wp-content\/uploads\/2026\/09\/paesaggio-tra-Norcia-e-Cascia-400x600.jpeg",400,600,true],"cvmm-medium-square":["https:\/\/www.umbrialeft.org\/wp-content\/uploads\/2026\/09\/paesaggio-tra-Norcia-e-Cascia-600x600.jpeg",600,600,true],"cvmm-large":["https:\/\/www.umbrialeft.org\/wp-content\/uploads\/2026\/09\/paesaggio-tra-Norcia-e-Cascia-1024x1024.jpeg",1024,1024,true],"cvmm-small":["https:\/\/www.umbrialeft.org\/wp-content\/uploads\/2026\/09\/paesaggio-tra-Norcia-e-Cascia-130x95.jpeg",130,95,true],"full":["https:\/\/www.umbrialeft.org\/wp-content\/uploads\/2026\/09\/paesaggio-tra-Norcia-e-Cascia.jpeg",2048,1536,false]},"_links":{"self":[{"href":"https:\/\/www.umbrialeft.org\/index.php\/wp-json\/wp\/v2\/posts\/11906","targetHints":{"allow":["GET"]}}],"collection":[{"href":"https:\/\/www.umbrialeft.org\/index.php\/wp-json\/wp\/v2\/posts"}],"about":[{"href":"https:\/\/www.umbrialeft.org\/index.php\/wp-json\/wp\/v2\/types\/post"}],"author":[{"embeddable":true,"href":"https:\/\/www.umbrialeft.org\/index.php\/wp-json\/wp\/v2\/users\/8"}],"replies":[{"embeddable":true,"href":"https:\/\/www.umbrialeft.org\/index.php\/wp-json\/wp\/v2\/comments?post=11906"}],"version-history":[{"count":1,"href":"https:\/\/www.umbrialeft.org\/index.php\/wp-json\/wp\/v2\/posts\/11906\/revisions"}],"predecessor-version":[{"id":11908,"href":"https:\/\/www.umbrialeft.org\/index.php\/wp-json\/wp\/v2\/posts\/11906\/revisions\/11908"}],"wp:featuredmedia":[{"embeddable":true,"href":"https:\/\/www.umbrialeft.org\/index.php\/wp-json\/wp\/v2\/media\/11907"}],"wp:attachment":[{"href":"https:\/\/www.umbrialeft.org\/index.php\/wp-json\/wp\/v2\/media?parent=11906"}],"wp:term":[{"taxonomy":"category","embeddable":true,"href":"https:\/\/www.umbrialeft.org\/index.php\/wp-json\/wp\/v2\/categories?post=11906"},{"taxonomy":"post_tag","embeddable":true,"href":"https:\/\/www.umbrialeft.org\/index.php\/wp-json\/wp\/v2\/tags?post=11906"}],"curies":[{"name":"wp","href":"https:\/\/api.w.org\/{rel}","templated":true}]}}