{"id":11909,"date":"2026-09-02T12:53:15","date_gmt":"2026-09-02T10:53:15","guid":{"rendered":"https:\/\/www.umbrialeft.org\/?p=11909"},"modified":"2026-09-02T12:53:16","modified_gmt":"2026-09-02T10:53:16","slug":"autolesionismo-programmato","status":"publish","type":"post","link":"https:\/\/www.umbrialeft.org\/index.php\/2026\/09\/02\/autolesionismo-programmato\/","title":{"rendered":"Autolesionismo programmato"},"content":{"rendered":"\n<p class=\"wp-block-paragraph\"><\/p>\n\n\n\n<p class=\"wp-block-paragraph\">Criticare Vannacci perch\u00e9 \u00e8 ignorante (nel senso di volontariamente anti-intellettualistico e grezzamente popolano), misogino, razzista, ecc. \u00e8 una sorta di pubblicit\u00e0 per lui, perch\u00e9 proprio questi sono alcuni dei motivi per i quali chi lo segue, lo vota.<\/p>\n\n\n\n<p class=\"wp-block-paragraph\">Piuttosto, per affrontare i problemi sociali che formano l&#8217;humus da cui nascono i fenomeni (effetti) che Vannacci addita come cause, bisognerebbe proporre politiche di occupazione stabile e adeguatamente retribuita, proposte razionali per gestire l&#8217;immigrazione (una risorsa fondamentale per il paese che va normalizzata con leggi efficaci), caldeggiare finanziamenti alla spesa sociale invece che a quella bellica\u2026 ma anche lotta alla criminalit\u00e0 (quella vera\u2026 i traffici e i fatturati delle mafie dove li mettiamo?), immaginare un po&#8217; il futuro economico del paese (politica industriale, commerciale, ecc.)\u2026 insomma un programma vagamente di sinistra\u2026 (in verit\u00e0, fino a pochi anni fa, addirittura democristiano).<\/p>\n\n\n\n<p class=\"wp-block-paragraph\">Dire che Vannacci \u00e8 brutto, ignorante e cattivo da una parte e continuare a praticare le politiche draghiane del &#8220;pilota automatico&#8221; dall&#8217;altra, porter\u00e0 solo acqua al mulino di Vannacci\u2026<\/p>\n\n\n\n<p class=\"wp-block-paragraph\">E, purtroppo, \u00e8 di nuovo il PD il principale motore di questo autolesionismo\u2026 Molti che lo votano per\u00f2 non sono come la sua dirigenza; \u00e8 tempo che facciano sentire la propria voce.<br><\/p>\n\n\n\n<p class=\"wp-block-paragraph\">Roberto Fineschi<\/p>\n","protected":false},"excerpt":{"rendered":"<p>Criticare Vannacci perch\u00e9 \u00e8 ignorante (nel senso di volontariamente anti-intellettualistico e grezzamente popolano), misogino, razzista, ecc. \u00e8 una sorta di pubblicit\u00e0 per lui, perch\u00e9 proprio questi sono alcuni dei motivi per i quali chi lo segue, lo vota. Piuttosto, per affrontare i problemi sociali che formano l&#8217;humus da cui nascono i fenomeni (effetti) che Vannacci<\/p>\n","protected":false},"author":8,"featured_media":11910,"comment_status":"closed","ping_status":"closed","sticky":false,"template":"","format":"standard","meta":{"footnotes":""},"categories":[31],"tags":[],"class_list":["post-11909","post","type-post","status-publish","format-standard","has-post-thumbnail","hentry","category-opinioni"],"yoast_head":"<!-- This site is optimized with the Yoast SEO plugin v28.4 - https:\/\/yoast.com\/product\/yoast-seo-wordpress\/ -->\n<title>Autolesionismo programmato - UmbriaLeft<\/title>\n<meta name=\"robots\" content=\"index, follow, max-snippet:-1, max-image-preview:large, max-video-preview:-1\" \/>\n<link rel=\"canonical\" href=\"https:\/\/www.umbrialeft.org\/index.php\/2026\/09\/02\/autolesionismo-programmato\/\" \/>\n<meta property=\"og:locale\" content=\"it_IT\" \/>\n<meta property=\"og:type\" content=\"article\" \/>\n<meta property=\"og:title\" content=\"Autolesionismo programmato - UmbriaLeft\" \/>\n<meta property=\"og:description\" content=\"Criticare Vannacci perch\u00e9 \u00e8 ignorante (nel senso di volontariamente anti-intellettualistico e grezzamente popolano), misogino, razzista, ecc. \u00e8 una sorta di pubblicit\u00e0 per lui, perch\u00e9 proprio questi sono alcuni dei motivi per i quali chi lo segue, lo vota. Piuttosto, per affrontare i problemi sociali che formano l&#8217;humus da cui nascono i fenomeni (effetti) che Vannacci\" \/>\n<meta property=\"og:url\" content=\"https:\/\/www.umbrialeft.org\/index.php\/2026\/09\/02\/autolesionismo-programmato\/\" \/>\n<meta property=\"og:site_name\" content=\"UmbriaLeft\" \/>\n<meta property=\"article:publisher\" content=\"https:\/\/www.facebook.com\/UmbriaLeft2004\" \/>\n<meta property=\"article:published_time\" content=\"2026-09-02T10:53:15+00:00\" \/>\n<meta property=\"article:modified_time\" content=\"2026-09-02T10:53:16+00:00\" \/>\n<meta property=\"og:image\" content=\"https:\/\/www.umbrialeft.org\/wp-content\/uploads\/2026\/09\/roberto-fineschi.png\" \/>\n\t<meta property=\"og:image:width\" content=\"579\" \/>\n\t<meta property=\"og:image:height\" content=\"304\" \/>\n\t<meta property=\"og:image:type\" content=\"image\/png\" \/>\n<meta name=\"author\" content=\"Nicola81\" \/>\n<meta name=\"twitter:card\" content=\"summary_large_image\" \/>\n<meta name=\"twitter:label1\" content=\"Scritto da\" \/>\n\t<meta name=\"twitter:data1\" content=\"Nicola81\" \/>\n\t<meta name=\"twitter:label2\" content=\"Tempo di lettura stimato\" \/>\n\t<meta name=\"twitter:data2\" content=\"2 minuti\" \/>\n<script type=\"application\/ld+json\" class=\"yoast-schema-graph\">{\"@context\":\"https:\\\/\\\/schema.org\",\"@graph\":[{\"@type\":\"Article\",\"@id\":\"https:\\\/\\\/www.umbrialeft.org\\\/index.php\\\/2026\\\/09\\\/02\\\/autolesionismo-programmato\\\/#article\",\"isPartOf\":{\"@id\":\"https:\\\/\\\/www.umbrialeft.org\\\/index.php\\\/2026\\\/09\\\/02\\\/autolesionismo-programmato\\\/\"},\"author\":{\"name\":\"Nicola81\",\"@id\":\"https:\\\/\\\/www.umbrialeft.org\\\/#\\\/schema\\\/person\\\/556bd3a44a8a07e2070b7a419cdc18ac\"},\"headline\":\"Autolesionismo programmato\",\"datePublished\":\"2026-09-02T10:53:15+00:00\",\"dateModified\":\"2026-09-02T10:53:16+00:00\",\"mainEntityOfPage\":{\"@id\":\"https:\\\/\\\/www.umbrialeft.org\\\/index.php\\\/2026\\\/09\\\/02\\\/autolesionismo-programmato\\\/\"},\"wordCount\":201,\"publisher\":{\"@id\":\"https:\\\/\\\/www.umbrialeft.org\\\/#organization\"},\"image\":{\"@id\":\"https:\\\/\\\/www.umbrialeft.org\\\/index.php\\\/2026\\\/09\\\/02\\\/autolesionismo-programmato\\\/#primaryimage\"},\"thumbnailUrl\":\"https:\\\/\\\/www.umbrialeft.org\\\/wp-content\\\/uploads\\\/2026\\\/09\\\/roberto-fineschi.png\",\"articleSection\":[\"Opinioni\"],\"inLanguage\":\"it-IT\"},{\"@type\":\"WebPage\",\"@id\":\"https:\\\/\\\/www.umbrialeft.org\\\/index.php\\\/2026\\\/09\\\/02\\\/autolesionismo-programmato\\\/\",\"url\":\"https:\\\/\\\/www.umbrialeft.org\\\/index.php\\\/2026\\\/09\\\/02\\\/autolesionismo-programmato\\\/\",\"name\":\"Autolesionismo programmato - UmbriaLeft\",\"isPartOf\":{\"@id\":\"https:\\\/\\\/www.umbrialeft.org\\\/#website\"},\"primaryImageOfPage\":{\"@id\":\"https:\\\/\\\/www.umbrialeft.org\\\/index.php\\\/2026\\\/09\\\/02\\\/autolesionismo-programmato\\\/#primaryimage\"},\"image\":{\"@id\":\"https:\\\/\\\/www.umbrialeft.org\\\/index.php\\\/2026\\\/09\\\/02\\\/autolesionismo-programmato\\\/#primaryimage\"},\"thumbnailUrl\":\"https:\\\/\\\/www.umbrialeft.org\\\/wp-content\\\/uploads\\\/2026\\\/09\\\/roberto-fineschi.png\",\"datePublished\":\"2026-09-02T10:53:15+00:00\",\"dateModified\":\"2026-09-02T10:53:16+00:00\",\"breadcrumb\":{\"@id\":\"https:\\\/\\\/www.umbrialeft.org\\\/index.php\\\/2026\\\/09\\\/02\\\/autolesionismo-programmato\\\/#breadcrumb\"},\"inLanguage\":\"it-IT\",\"potentialAction\":[{\"@type\":\"ReadAction\",\"target\":[\"https:\\\/\\\/www.umbrialeft.org\\\/index.php\\\/2026\\\/09\\\/02\\\/autolesionismo-programmato\\\/\"]}]},{\"@type\":\"ImageObject\",\"inLanguage\":\"it-IT\",\"@id\":\"https:\\\/\\\/www.umbrialeft.org\\\/index.php\\\/2026\\\/09\\\/02\\\/autolesionismo-programmato\\\/#primaryimage\",\"url\":\"https:\\\/\\\/www.umbrialeft.org\\\/wp-content\\\/uploads\\\/2026\\\/09\\\/roberto-fineschi.png\",\"contentUrl\":\"https:\\\/\\\/www.umbrialeft.org\\\/wp-content\\\/uploads\\\/2026\\\/09\\\/roberto-fineschi.png\",\"width\":579,\"height\":304},{\"@type\":\"BreadcrumbList\",\"@id\":\"https:\\\/\\\/www.umbrialeft.org\\\/index.php\\\/2026\\\/09\\\/02\\\/autolesionismo-programmato\\\/#breadcrumb\",\"itemListElement\":[{\"@type\":\"ListItem\",\"position\":1,\"name\":\"Home\",\"item\":\"https:\\\/\\\/www.umbrialeft.org\\\/\"},{\"@type\":\"ListItem\",\"position\":2,\"name\":\"Autolesionismo programmato\"}]},{\"@type\":\"WebSite\",\"@id\":\"https:\\\/\\\/www.umbrialeft.org\\\/#website\",\"url\":\"https:\\\/\\\/www.umbrialeft.org\\\/\",\"name\":\"UmbriaLeft\",\"description\":\"\",\"publisher\":{\"@id\":\"https:\\\/\\\/www.umbrialeft.org\\\/#organization\"},\"potentialAction\":[{\"@type\":\"SearchAction\",\"target\":{\"@type\":\"EntryPoint\",\"urlTemplate\":\"https:\\\/\\\/www.umbrialeft.org\\\/?s={search_term_string}\"},\"query-input\":{\"@type\":\"PropertyValueSpecification\",\"valueRequired\":true,\"valueName\":\"search_term_string\"}}],\"inLanguage\":\"it-IT\"},{\"@type\":\"Organization\",\"@id\":\"https:\\\/\\\/www.umbrialeft.org\\\/#organization\",\"name\":\"UmbriaLeft\",\"url\":\"https:\\\/\\\/www.umbrialeft.org\\\/\",\"logo\":{\"@type\":\"ImageObject\",\"inLanguage\":\"it-IT\",\"@id\":\"https:\\\/\\\/www.umbrialeft.org\\\/#\\\/schema\\\/logo\\\/image\\\/\",\"url\":\"https:\\\/\\\/www.umbrialeft.org\\\/wp-content\\\/uploads\\\/2025\\\/03\\\/community_logo-1.png\",\"contentUrl\":\"https:\\\/\\\/www.umbrialeft.org\\\/wp-content\\\/uploads\\\/2025\\\/03\\\/community_logo-1.png\",\"width\":517,\"height\":85,\"caption\":\"UmbriaLeft\"},\"image\":{\"@id\":\"https:\\\/\\\/www.umbrialeft.org\\\/#\\\/schema\\\/logo\\\/image\\\/\"},\"sameAs\":[\"https:\\\/\\\/www.facebook.com\\\/UmbriaLeft2004\"]},{\"@type\":\"Person\",\"@id\":\"https:\\\/\\\/www.umbrialeft.org\\\/#\\\/schema\\\/person\\\/556bd3a44a8a07e2070b7a419cdc18ac\",\"name\":\"Nicola81\",\"image\":{\"@type\":\"ImageObject\",\"inLanguage\":\"it-IT\",\"@id\":\"https:\\\/\\\/secure.gravatar.com\\\/avatar\\\/0cc11ef7d37e4c3709d5db9269d6d2d459b71fe080f18f30593534d61156d537?s=96&d=mm&r=g\",\"url\":\"https:\\\/\\\/secure.gravatar.com\\\/avatar\\\/0cc11ef7d37e4c3709d5db9269d6d2d459b71fe080f18f30593534d61156d537?s=96&d=mm&r=g\",\"contentUrl\":\"https:\\\/\\\/secure.gravatar.com\\\/avatar\\\/0cc11ef7d37e4c3709d5db9269d6d2d459b71fe080f18f30593534d61156d537?s=96&d=mm&r=g\",\"caption\":\"Nicola81\"},\"url\":\"https:\\\/\\\/www.umbrialeft.org\\\/index.php\\\/author\\\/nicola81\\\/\"}]}<\/script>\n<!-- \/ Yoast SEO plugin. -->","yoast_head_json":{"title":"Autolesionismo programmato - UmbriaLeft","robots":{"index":"index","follow":"follow","max-snippet":"max-snippet:-1","max-image-preview":"max-image-preview:large","max-video-preview":"max-video-preview:-1"},"canonical":"https:\/\/www.umbrialeft.org\/index.php\/2026\/09\/02\/autolesionismo-programmato\/","og_locale":"it_IT","og_type":"article","og_title":"Autolesionismo programmato - UmbriaLeft","og_description":"Criticare Vannacci perch\u00e9 \u00e8 ignorante (nel senso di volontariamente anti-intellettualistico e grezzamente popolano), misogino, razzista, ecc. \u00e8 una sorta di pubblicit\u00e0 per lui, perch\u00e9 proprio questi sono alcuni dei motivi per i quali chi lo segue, lo vota. Piuttosto, per affrontare i problemi sociali che formano l&#8217;humus da cui nascono i fenomeni (effetti) che Vannacci","og_url":"https:\/\/www.umbrialeft.org\/index.php\/2026\/09\/02\/autolesionismo-programmato\/","og_site_name":"UmbriaLeft","article_publisher":"https:\/\/www.facebook.com\/UmbriaLeft2004","article_published_time":"2026-09-02T10:53:15+00:00","article_modified_time":"2026-09-02T10:53:16+00:00","og_image":[{"width":579,"height":304,"url":"https:\/\/www.umbrialeft.org\/wp-content\/uploads\/2026\/09\/roberto-fineschi.png","type":"image\/png"}],"author":"Nicola81","twitter_card":"summary_large_image","twitter_misc":{"Scritto da":"Nicola81","Tempo di lettura stimato":"2 minuti"},"schema":{"@context":"https:\/\/schema.org","@graph":[{"@type":"Article","@id":"https:\/\/www.umbrialeft.org\/index.php\/2026\/09\/02\/autolesionismo-programmato\/#article","isPartOf":{"@id":"https:\/\/www.umbrialeft.org\/index.php\/2026\/09\/02\/autolesionismo-programmato\/"},"author":{"name":"Nicola81","@id":"https:\/\/www.umbrialeft.org\/#\/schema\/person\/556bd3a44a8a07e2070b7a419cdc18ac"},"headline":"Autolesionismo programmato","datePublished":"2026-09-02T10:53:15+00:00","dateModified":"2026-09-02T10:53:16+00:00","mainEntityOfPage":{"@id":"https:\/\/www.umbrialeft.org\/index.php\/2026\/09\/02\/autolesionismo-programmato\/"},"wordCount":201,"publisher":{"@id":"https:\/\/www.umbrialeft.org\/#organization"},"image":{"@id":"https:\/\/www.umbrialeft.org\/index.php\/2026\/09\/02\/autolesionismo-programmato\/#primaryimage"},"thumbnailUrl":"https:\/\/www.umbrialeft.org\/wp-content\/uploads\/2026\/09\/roberto-fineschi.png","articleSection":["Opinioni"],"inLanguage":"it-IT"},{"@type":"WebPage","@id":"https:\/\/www.umbrialeft.org\/index.php\/2026\/09\/02\/autolesionismo-programmato\/","url":"https:\/\/www.umbrialeft.org\/index.php\/2026\/09\/02\/autolesionismo-programmato\/","name":"Autolesionismo programmato - UmbriaLeft","isPartOf":{"@id":"https:\/\/www.umbrialeft.org\/#website"},"primaryImageOfPage":{"@id":"https:\/\/www.umbrialeft.org\/index.php\/2026\/09\/02\/autolesionismo-programmato\/#primaryimage"},"image":{"@id":"https:\/\/www.umbrialeft.org\/index.php\/2026\/09\/02\/autolesionismo-programmato\/#primaryimage"},"thumbnailUrl":"https:\/\/www.umbrialeft.org\/wp-content\/uploads\/2026\/09\/roberto-fineschi.png","datePublished":"2026-09-02T10:53:15+00:00","dateModified":"2026-09-02T10:53:16+00:00","breadcrumb":{"@id":"https:\/\/www.umbrialeft.org\/index.php\/2026\/09\/02\/autolesionismo-programmato\/#breadcrumb"},"inLanguage":"it-IT","potentialAction":[{"@type":"ReadAction","target":["https:\/\/www.umbrialeft.org\/index.php\/2026\/09\/02\/autolesionismo-programmato\/"]}]},{"@type":"ImageObject","inLanguage":"it-IT","@id":"https:\/\/www.umbrialeft.org\/index.php\/2026\/09\/02\/autolesionismo-programmato\/#primaryimage","url":"https:\/\/www.umbrialeft.org\/wp-content\/uploads\/2026\/09\/roberto-fineschi.png","contentUrl":"https:\/\/www.umbrialeft.org\/wp-content\/uploads\/2026\/09\/roberto-fineschi.png","width":579,"height":304},{"@type":"BreadcrumbList","@id":"https:\/\/www.umbrialeft.org\/index.php\/2026\/09\/02\/autolesionismo-programmato\/#breadcrumb","itemListElement":[{"@type":"ListItem","position":1,"name":"Home","item":"https:\/\/www.umbrialeft.org\/"},{"@type":"ListItem","position":2,"name":"Autolesionismo programmato"}]},{"@type":"WebSite","@id":"https:\/\/www.umbrialeft.org\/#website","url":"https:\/\/www.umbrialeft.org\/","name":"UmbriaLeft","description":"","publisher":{"@id":"https:\/\/www.umbrialeft.org\/#organization"},"potentialAction":[{"@type":"SearchAction","target":{"@type":"EntryPoint","urlTemplate":"https:\/\/www.umbrialeft.org\/?s={search_term_string}"},"query-input":{"@type":"PropertyValueSpecification","valueRequired":true,"valueName":"search_term_string"}}],"inLanguage":"it-IT"},{"@type":"Organization","@id":"https:\/\/www.umbrialeft.org\/#organization","name":"UmbriaLeft","url":"https:\/\/www.umbrialeft.org\/","logo":{"@type":"ImageObject","inLanguage":"it-IT","@id":"https:\/\/www.umbrialeft.org\/#\/schema\/logo\/image\/","url":"https:\/\/www.umbrialeft.org\/wp-content\/uploads\/2025\/03\/community_logo-1.png","contentUrl":"https:\/\/www.umbrialeft.org\/wp-content\/uploads\/2025\/03\/community_logo-1.png","width":517,"height":85,"caption":"UmbriaLeft"},"image":{"@id":"https:\/\/www.umbrialeft.org\/#\/schema\/logo\/image\/"},"sameAs":["https:\/\/www.facebook.com\/UmbriaLeft2004"]},{"@type":"Person","@id":"https:\/\/www.umbrialeft.org\/#\/schema\/person\/556bd3a44a8a07e2070b7a419cdc18ac","name":"Nicola81","image":{"@type":"ImageObject","inLanguage":"it-IT","@id":"https:\/\/secure.gravatar.com\/avatar\/0cc11ef7d37e4c3709d5db9269d6d2d459b71fe080f18f30593534d61156d537?s=96&d=mm&r=g","url":"https:\/\/secure.gravatar.com\/avatar\/0cc11ef7d37e4c3709d5db9269d6d2d459b71fe080f18f30593534d61156d537?s=96&d=mm&r=g","contentUrl":"https:\/\/secure.gravatar.com\/avatar\/0cc11ef7d37e4c3709d5db9269d6d2d459b71fe080f18f30593534d61156d537?s=96&d=mm&r=g","caption":"Nicola81"},"url":"https:\/\/www.umbrialeft.org\/index.php\/author\/nicola81\/"}]}},"blog_post_layout_featured_media_urls":{"thumbnail":["https:\/\/www.umbrialeft.org\/wp-content\/uploads\/2026\/09\/roberto-fineschi-150x150.png",150,150,true],"full":["https:\/\/www.umbrialeft.org\/wp-content\/uploads\/2026\/09\/roberto-fineschi.png",579,304,false]},"categories_names":{"31":{"name":"Opinioni","link":"https:\/\/www.umbrialeft.org\/index.php\/category\/opinioni\/"}},"tags_names":[],"comments_number":"0","wpmagazine_modules_lite_featured_media_urls":{"thumbnail":["https:\/\/www.umbrialeft.org\/wp-content\/uploads\/2026\/09\/roberto-fineschi-150x150.png",150,150,true],"cvmm-medium":["https:\/\/www.umbrialeft.org\/wp-content\/uploads\/2026\/09\/roberto-fineschi-300x300.png",300,300,true],"cvmm-medium-plus":["https:\/\/www.umbrialeft.org\/wp-content\/uploads\/2026\/09\/roberto-fineschi-305x207.png",305,207,true],"cvmm-portrait":["https:\/\/www.umbrialeft.org\/wp-content\/uploads\/2026\/09\/roberto-fineschi-400x304.png",400,304,true],"cvmm-medium-square":["https:\/\/www.umbrialeft.org\/wp-content\/uploads\/2026\/09\/roberto-fineschi.png",579,304,false],"cvmm-large":["https:\/\/www.umbrialeft.org\/wp-content\/uploads\/2026\/09\/roberto-fineschi.png",579,304,false],"cvmm-small":["https:\/\/www.umbrialeft.org\/wp-content\/uploads\/2026\/09\/roberto-fineschi-130x95.png",130,95,true],"full":["https:\/\/www.umbrialeft.org\/wp-content\/uploads\/2026\/09\/roberto-fineschi.png",579,304,false]},"_links":{"self":[{"href":"https:\/\/www.umbrialeft.org\/index.php\/wp-json\/wp\/v2\/posts\/11909","targetHints":{"allow":["GET"]}}],"collection":[{"href":"https:\/\/www.umbrialeft.org\/index.php\/wp-json\/wp\/v2\/posts"}],"about":[{"href":"https:\/\/www.umbrialeft.org\/index.php\/wp-json\/wp\/v2\/types\/post"}],"author":[{"embeddable":true,"href":"https:\/\/www.umbrialeft.org\/index.php\/wp-json\/wp\/v2\/users\/8"}],"replies":[{"embeddable":true,"href":"https:\/\/www.umbrialeft.org\/index.php\/wp-json\/wp\/v2\/comments?post=11909"}],"version-history":[{"count":1,"href":"https:\/\/www.umbrialeft.org\/index.php\/wp-json\/wp\/v2\/posts\/11909\/revisions"}],"predecessor-version":[{"id":11911,"href":"https:\/\/www.umbrialeft.org\/index.php\/wp-json\/wp\/v2\/posts\/11909\/revisions\/11911"}],"wp:featuredmedia":[{"embeddable":true,"href":"https:\/\/www.umbrialeft.org\/index.php\/wp-json\/wp\/v2\/media\/11910"}],"wp:attachment":[{"href":"https:\/\/www.umbrialeft.org\/index.php\/wp-json\/wp\/v2\/media?parent=11909"}],"wp:term":[{"taxonomy":"category","embeddable":true,"href":"https:\/\/www.umbrialeft.org\/index.php\/wp-json\/wp\/v2\/categories?post=11909"},{"taxonomy":"post_tag","embeddable":true,"href":"https:\/\/www.umbrialeft.org\/index.php\/wp-json\/wp\/v2\/tags?post=11909"}],"curies":[{"name":"wp","href":"https:\/\/api.w.org\/{rel}","templated":true}]}}