{"id":11913,"date":"2026-09-02T14:57:26","date_gmt":"2026-09-02T12:57:26","guid":{"rendered":"https:\/\/www.umbrialeft.org\/?p=11913"},"modified":"2026-09-02T14:57:27","modified_gmt":"2026-09-02T12:57:27","slug":"aperta-la-festa-della-cipolla-a-cannara-dieci-giorni-allinsegna-del-gusto","status":"publish","type":"post","link":"https:\/\/www.umbrialeft.org\/index.php\/2026\/09\/02\/aperta-la-festa-della-cipolla-a-cannara-dieci-giorni-allinsegna-del-gusto\/","title":{"rendered":"Aperta la Festa della cipolla a Cannara: dieci giorni all\u2019insegna del gusto"},"content":{"rendered":"\n<h2 class=\"wp-block-heading\"><strong><em>Fino a domenica 13 settembre aperti i sei stand gastronomici. Tanti gli\u00a0 eventi collaterali. Novit\u00e0 di quest\u2019anno gli show cooking in piazza e il mercato di Campagna Amica<\/em><\/strong><\/h2>\n\n\n\n<p class=\"wp-block-paragraph\">Cannara, 2 set. \u2013 Si \u00e8 aperta con un dato che conferma l\u2019apprezzamento da parte dei visitatori e dei buongustai: la prima serata della Festa della cipolla a Cannara ha fatto registrare un pi\u00f9 20 per cento di presenze rispetto alla stessa serata dell\u2019anno precedente. La manifestazione, giunta alla 44esima edizione, organizzata dall\u2019Ente Festa della cipolla con il patrocino di Comune di Cannara e Regione Umbria e finanziata dal Gal Valle umbra e Sibillini (AS 2.1, nell\u2019ambito del CSR per l\u2019Umbria 2023-2027 \u2013 Intervento SRG 06), \u00e8 stata inaugurata marted\u00ec primo settembre e proseguir\u00e0, con una pausa luned\u00ec 7, fino a domenica 13. Al taglio del nastro, tra gli altri, erano presenti Roberto Damaschi, presidente dell\u2019Ente Festa della cipolla, Fabrizio Gareggia, sindaco di Cannara, e Simona Meloni, assessora alle politiche agricole e al turismo della Regione Umbria. \u00a0\u201cUna bellissima manifestazione \u2013 ha dichiarato l\u2019assessora Meloni \u2013, un\u2019esperienza che rientra a pieno titolo nella nostra visione di Umbria. La Regione \u00e8 vicina a questo tipo di iniziative che ci identificano e connotano, mettendo al centro borghi, enogastronomia, musica e cultura, quindi quel turismo esperienziale che stiamo promuovendo a 360 gradi\u201d. \u201cTutta Cannara si sta dando da fare per questa festa \u2013 ha commentato il sindaco Gareggia \u2013 e i risultati sicuramente non si faranno attendere. Ho visto crescere questa festa e ogni anno abbiamo saputo aggiungere senza modificare troppo il format. Questo \u00e8 un valore aggiunto perch\u00e9 le persone che vengono a Cannara sanno quello che trovano: un livello molto alto nella preparazione dei piatti, un ambiente accogliente e allestimenti che rendono il nostro paese bello da vivere\u201d. \u201c\u00c8 una manifestazione \u2013 ha aggiunto il presidente Damaschi \u2013 che ha ormai raggiunto il livello e il carattere di rassegna culturale e gastronomica dei prodotti della terra. Abbiamo tantissime iniziative e alcune novit\u00e0 come gli show cooking e il mercato di \u2018Campagna Amica\u2019 organizzati grazie alla collaborazione con Coldiretti Perugia. Cerchiamo di dare spazio, accanto alla cipolla che resta la regina al centro dell\u2019attenzione, agli altri prodotti tipici della nostra terra\u201d. Nella serata di apertura infatti \u00e8 andato in scena il primo dei sette show cooking in programma nel corso della festa, durante il quale Pietro De Vivo, pizzaiolo e anima del locale Don Pietro a Torricella di Magione, ha proposto la pizza \u2018Tonno e Cipolla al quadrato\u2019, in cui la cipolla non \u00e8 stata usata solo come condimento, ma come parte dell\u2019impasto. In tanti hanno potuto assaggiare questa gustosa pizza prima di raggiungere i sei stand gastronomici della festa (Al cortile antico, El cipollaro, Il giardino fiorito, Il rifugio del cacciatore, La locanda del curato e La taverna del castello) per degustare i men\u00f9 con circa 120 specialit\u00e0, la maggior parte delle quali a base di cipolla. Accanto alla proposta enogastronomica, la Festa come sempre prevede un ricco programma di iniziative. In particolare gioved\u00ec 3 settembre (ore21.30) il concerto omaggio a Lucio Dalla in piazza San Matteo, con amici e collaboratori del grande cantautore: Stefano Fucili (voce e chitarra), Stefano Scartocci (pianoforte) e Giovanni Imparato (percussioni). Nella stessa serata in piazza del Terz\u2019Ordine Francescano, invece, spettacolo di giocoleria insieme a Flambetta, fire e hulahoop artist. Venerd\u00ec 4 poi, novit\u00e0 di questa edizione, per la prima volta a Cannara, ci sar\u00e0 il mercato di Coldiretti \u2018Campagna Amica\u2019, presente per tutto il weekend e aperto venerd\u00ec e sabato dalle 18 e domenica dalle 10.30. Sempre venerd\u00ec in piazza San Matteo (ore 21.30) il campione di Tali e Quali Show Daniele Quartapelle si esibir\u00e0 con tutti i pi\u00f9 grandi successi di Renato Zero. Infine, spettacolo di giocoleria con I giullari di Davide Rossi in piazza del Terz\u2019Ordine Francescano, dove sabato pomeriggio ci sar\u00e0 un laboratorio per bambini dedicato ai colori. Spazio poi di nuovo agli show cooking, sabato, per\u00a0\u2018La cipolla d\u2019autore\u2019\u00a0con\u00a0Alessio Pierini\u00a0chef de\u00a0La Locanda del Cardinale di Assisi. La serata prosegue alle 21.30 con la gara canora Canta Cipolla in piazza san Matteo e l\u2019esibizione di Brian Riccardi in piazza del Terz\u2019Ordine Francescano. Ancora musica dalle 22 all\u2019Onion disco pub con Logico2.0 &#8211; Tribute Show.<\/p>\n","protected":false},"excerpt":{"rendered":"<p>Fino a domenica 13 settembre aperti i sei stand gastronomici. Tanti gli\u00a0 eventi collaterali. Novit\u00e0 di quest\u2019anno gli show cooking in piazza e il mercato di Campagna Amica Cannara, 2 set. \u2013 Si \u00e8 aperta con un dato che conferma l\u2019apprezzamento da parte dei visitatori e dei buongustai: la prima serata della Festa della cipolla<\/p>\n","protected":false},"author":8,"featured_media":11914,"comment_status":"closed","ping_status":"closed","sticky":false,"template":"","format":"standard","meta":{"footnotes":""},"categories":[266],"tags":[],"class_list":["post-11913","post","type-post","status-publish","format-standard","has-post-thumbnail","hentry","category-eventi"],"yoast_head":"<!-- This site is optimized with the Yoast SEO plugin v28.4 - https:\/\/yoast.com\/product\/yoast-seo-wordpress\/ -->\n<title>Aperta la Festa della cipolla a Cannara: dieci giorni all\u2019insegna del gusto - UmbriaLeft<\/title>\n<meta name=\"robots\" content=\"index, follow, max-snippet:-1, max-image-preview:large, max-video-preview:-1\" \/>\n<link rel=\"canonical\" href=\"https:\/\/www.umbrialeft.org\/index.php\/2026\/09\/02\/aperta-la-festa-della-cipolla-a-cannara-dieci-giorni-allinsegna-del-gusto\/\" \/>\n<meta property=\"og:locale\" content=\"it_IT\" \/>\n<meta property=\"og:type\" content=\"article\" \/>\n<meta property=\"og:title\" content=\"Aperta la Festa della cipolla a Cannara: dieci giorni all\u2019insegna del gusto - UmbriaLeft\" \/>\n<meta property=\"og:description\" content=\"Fino a domenica 13 settembre aperti i sei stand gastronomici. Tanti gli\u00a0 eventi collaterali. Novit\u00e0 di quest\u2019anno gli show cooking in piazza e il mercato di Campagna Amica Cannara, 2 set. \u2013 Si \u00e8 aperta con un dato che conferma l\u2019apprezzamento da parte dei visitatori e dei buongustai: la prima serata della Festa della cipolla\" \/>\n<meta property=\"og:url\" content=\"https:\/\/www.umbrialeft.org\/index.php\/2026\/09\/02\/aperta-la-festa-della-cipolla-a-cannara-dieci-giorni-allinsegna-del-gusto\/\" \/>\n<meta property=\"og:site_name\" content=\"UmbriaLeft\" \/>\n<meta property=\"article:publisher\" content=\"https:\/\/www.facebook.com\/UmbriaLeft2004\" \/>\n<meta property=\"article:published_time\" content=\"2026-09-02T12:57:26+00:00\" \/>\n<meta property=\"article:modified_time\" content=\"2026-09-02T12:57:27+00:00\" \/>\n<meta property=\"og:image\" content=\"https:\/\/www.umbrialeft.org\/wp-content\/uploads\/2026\/09\/Festa-della-cipolla-a-Cannara-2.jpeg\" \/>\n\t<meta property=\"og:image:width\" content=\"1600\" \/>\n\t<meta property=\"og:image:height\" content=\"900\" \/>\n\t<meta property=\"og:image:type\" content=\"image\/jpeg\" \/>\n<meta name=\"author\" content=\"Nicola81\" \/>\n<meta name=\"twitter:card\" content=\"summary_large_image\" \/>\n<meta name=\"twitter:label1\" content=\"Scritto da\" \/>\n\t<meta name=\"twitter:data1\" content=\"Nicola81\" \/>\n\t<meta name=\"twitter:label2\" content=\"Tempo di lettura stimato\" \/>\n\t<meta name=\"twitter:data2\" content=\"4 minuti\" \/>\n<script type=\"application\/ld+json\" class=\"yoast-schema-graph\">{\"@context\":\"https:\\\/\\\/schema.org\",\"@graph\":[{\"@type\":\"Article\",\"@id\":\"https:\\\/\\\/www.umbrialeft.org\\\/index.php\\\/2026\\\/09\\\/02\\\/aperta-la-festa-della-cipolla-a-cannara-dieci-giorni-allinsegna-del-gusto\\\/#article\",\"isPartOf\":{\"@id\":\"https:\\\/\\\/www.umbrialeft.org\\\/index.php\\\/2026\\\/09\\\/02\\\/aperta-la-festa-della-cipolla-a-cannara-dieci-giorni-allinsegna-del-gusto\\\/\"},\"author\":{\"name\":\"Nicola81\",\"@id\":\"https:\\\/\\\/www.umbrialeft.org\\\/#\\\/schema\\\/person\\\/556bd3a44a8a07e2070b7a419cdc18ac\"},\"headline\":\"Aperta la Festa della cipolla a Cannara: dieci giorni all\u2019insegna del gusto\",\"datePublished\":\"2026-09-02T12:57:26+00:00\",\"dateModified\":\"2026-09-02T12:57:27+00:00\",\"mainEntityOfPage\":{\"@id\":\"https:\\\/\\\/www.umbrialeft.org\\\/index.php\\\/2026\\\/09\\\/02\\\/aperta-la-festa-della-cipolla-a-cannara-dieci-giorni-allinsegna-del-gusto\\\/\"},\"wordCount\":703,\"publisher\":{\"@id\":\"https:\\\/\\\/www.umbrialeft.org\\\/#organization\"},\"image\":{\"@id\":\"https:\\\/\\\/www.umbrialeft.org\\\/index.php\\\/2026\\\/09\\\/02\\\/aperta-la-festa-della-cipolla-a-cannara-dieci-giorni-allinsegna-del-gusto\\\/#primaryimage\"},\"thumbnailUrl\":\"https:\\\/\\\/www.umbrialeft.org\\\/wp-content\\\/uploads\\\/2026\\\/09\\\/Festa-della-cipolla-a-Cannara-2.jpeg\",\"articleSection\":[\"Eventi\"],\"inLanguage\":\"it-IT\"},{\"@type\":\"WebPage\",\"@id\":\"https:\\\/\\\/www.umbrialeft.org\\\/index.php\\\/2026\\\/09\\\/02\\\/aperta-la-festa-della-cipolla-a-cannara-dieci-giorni-allinsegna-del-gusto\\\/\",\"url\":\"https:\\\/\\\/www.umbrialeft.org\\\/index.php\\\/2026\\\/09\\\/02\\\/aperta-la-festa-della-cipolla-a-cannara-dieci-giorni-allinsegna-del-gusto\\\/\",\"name\":\"Aperta la Festa della cipolla a Cannara: dieci giorni all\u2019insegna del gusto - UmbriaLeft\",\"isPartOf\":{\"@id\":\"https:\\\/\\\/www.umbrialeft.org\\\/#website\"},\"primaryImageOfPage\":{\"@id\":\"https:\\\/\\\/www.umbrialeft.org\\\/index.php\\\/2026\\\/09\\\/02\\\/aperta-la-festa-della-cipolla-a-cannara-dieci-giorni-allinsegna-del-gusto\\\/#primaryimage\"},\"image\":{\"@id\":\"https:\\\/\\\/www.umbrialeft.org\\\/index.php\\\/2026\\\/09\\\/02\\\/aperta-la-festa-della-cipolla-a-cannara-dieci-giorni-allinsegna-del-gusto\\\/#primaryimage\"},\"thumbnailUrl\":\"https:\\\/\\\/www.umbrialeft.org\\\/wp-content\\\/uploads\\\/2026\\\/09\\\/Festa-della-cipolla-a-Cannara-2.jpeg\",\"datePublished\":\"2026-09-02T12:57:26+00:00\",\"dateModified\":\"2026-09-02T12:57:27+00:00\",\"breadcrumb\":{\"@id\":\"https:\\\/\\\/www.umbrialeft.org\\\/index.php\\\/2026\\\/09\\\/02\\\/aperta-la-festa-della-cipolla-a-cannara-dieci-giorni-allinsegna-del-gusto\\\/#breadcrumb\"},\"inLanguage\":\"it-IT\",\"potentialAction\":[{\"@type\":\"ReadAction\",\"target\":[\"https:\\\/\\\/www.umbrialeft.org\\\/index.php\\\/2026\\\/09\\\/02\\\/aperta-la-festa-della-cipolla-a-cannara-dieci-giorni-allinsegna-del-gusto\\\/\"]}]},{\"@type\":\"ImageObject\",\"inLanguage\":\"it-IT\",\"@id\":\"https:\\\/\\\/www.umbrialeft.org\\\/index.php\\\/2026\\\/09\\\/02\\\/aperta-la-festa-della-cipolla-a-cannara-dieci-giorni-allinsegna-del-gusto\\\/#primaryimage\",\"url\":\"https:\\\/\\\/www.umbrialeft.org\\\/wp-content\\\/uploads\\\/2026\\\/09\\\/Festa-della-cipolla-a-Cannara-2.jpeg\",\"contentUrl\":\"https:\\\/\\\/www.umbrialeft.org\\\/wp-content\\\/uploads\\\/2026\\\/09\\\/Festa-della-cipolla-a-Cannara-2.jpeg\",\"width\":1600,\"height\":900},{\"@type\":\"BreadcrumbList\",\"@id\":\"https:\\\/\\\/www.umbrialeft.org\\\/index.php\\\/2026\\\/09\\\/02\\\/aperta-la-festa-della-cipolla-a-cannara-dieci-giorni-allinsegna-del-gusto\\\/#breadcrumb\",\"itemListElement\":[{\"@type\":\"ListItem\",\"position\":1,\"name\":\"Home\",\"item\":\"https:\\\/\\\/www.umbrialeft.org\\\/\"},{\"@type\":\"ListItem\",\"position\":2,\"name\":\"Aperta la Festa della cipolla a Cannara: dieci giorni all\u2019insegna del gusto\"}]},{\"@type\":\"WebSite\",\"@id\":\"https:\\\/\\\/www.umbrialeft.org\\\/#website\",\"url\":\"https:\\\/\\\/www.umbrialeft.org\\\/\",\"name\":\"UmbriaLeft\",\"description\":\"\",\"publisher\":{\"@id\":\"https:\\\/\\\/www.umbrialeft.org\\\/#organization\"},\"potentialAction\":[{\"@type\":\"SearchAction\",\"target\":{\"@type\":\"EntryPoint\",\"urlTemplate\":\"https:\\\/\\\/www.umbrialeft.org\\\/?s={search_term_string}\"},\"query-input\":{\"@type\":\"PropertyValueSpecification\",\"valueRequired\":true,\"valueName\":\"search_term_string\"}}],\"inLanguage\":\"it-IT\"},{\"@type\":\"Organization\",\"@id\":\"https:\\\/\\\/www.umbrialeft.org\\\/#organization\",\"name\":\"UmbriaLeft\",\"url\":\"https:\\\/\\\/www.umbrialeft.org\\\/\",\"logo\":{\"@type\":\"ImageObject\",\"inLanguage\":\"it-IT\",\"@id\":\"https:\\\/\\\/www.umbrialeft.org\\\/#\\\/schema\\\/logo\\\/image\\\/\",\"url\":\"https:\\\/\\\/www.umbrialeft.org\\\/wp-content\\\/uploads\\\/2025\\\/03\\\/community_logo-1.png\",\"contentUrl\":\"https:\\\/\\\/www.umbrialeft.org\\\/wp-content\\\/uploads\\\/2025\\\/03\\\/community_logo-1.png\",\"width\":517,\"height\":85,\"caption\":\"UmbriaLeft\"},\"image\":{\"@id\":\"https:\\\/\\\/www.umbrialeft.org\\\/#\\\/schema\\\/logo\\\/image\\\/\"},\"sameAs\":[\"https:\\\/\\\/www.facebook.com\\\/UmbriaLeft2004\"]},{\"@type\":\"Person\",\"@id\":\"https:\\\/\\\/www.umbrialeft.org\\\/#\\\/schema\\\/person\\\/556bd3a44a8a07e2070b7a419cdc18ac\",\"name\":\"Nicola81\",\"image\":{\"@type\":\"ImageObject\",\"inLanguage\":\"it-IT\",\"@id\":\"https:\\\/\\\/secure.gravatar.com\\\/avatar\\\/0cc11ef7d37e4c3709d5db9269d6d2d459b71fe080f18f30593534d61156d537?s=96&d=mm&r=g\",\"url\":\"https:\\\/\\\/secure.gravatar.com\\\/avatar\\\/0cc11ef7d37e4c3709d5db9269d6d2d459b71fe080f18f30593534d61156d537?s=96&d=mm&r=g\",\"contentUrl\":\"https:\\\/\\\/secure.gravatar.com\\\/avatar\\\/0cc11ef7d37e4c3709d5db9269d6d2d459b71fe080f18f30593534d61156d537?s=96&d=mm&r=g\",\"caption\":\"Nicola81\"},\"url\":\"https:\\\/\\\/www.umbrialeft.org\\\/index.php\\\/author\\\/nicola81\\\/\"}]}<\/script>\n<!-- \/ Yoast SEO plugin. -->","yoast_head_json":{"title":"Aperta la Festa della cipolla a Cannara: dieci giorni all\u2019insegna del gusto - UmbriaLeft","robots":{"index":"index","follow":"follow","max-snippet":"max-snippet:-1","max-image-preview":"max-image-preview:large","max-video-preview":"max-video-preview:-1"},"canonical":"https:\/\/www.umbrialeft.org\/index.php\/2026\/09\/02\/aperta-la-festa-della-cipolla-a-cannara-dieci-giorni-allinsegna-del-gusto\/","og_locale":"it_IT","og_type":"article","og_title":"Aperta la Festa della cipolla a Cannara: dieci giorni all\u2019insegna del gusto - UmbriaLeft","og_description":"Fino a domenica 13 settembre aperti i sei stand gastronomici. Tanti gli\u00a0 eventi collaterali. Novit\u00e0 di quest\u2019anno gli show cooking in piazza e il mercato di Campagna Amica Cannara, 2 set. \u2013 Si \u00e8 aperta con un dato che conferma l\u2019apprezzamento da parte dei visitatori e dei buongustai: la prima serata della Festa della cipolla","og_url":"https:\/\/www.umbrialeft.org\/index.php\/2026\/09\/02\/aperta-la-festa-della-cipolla-a-cannara-dieci-giorni-allinsegna-del-gusto\/","og_site_name":"UmbriaLeft","article_publisher":"https:\/\/www.facebook.com\/UmbriaLeft2004","article_published_time":"2026-09-02T12:57:26+00:00","article_modified_time":"2026-09-02T12:57:27+00:00","og_image":[{"width":1600,"height":900,"url":"https:\/\/www.umbrialeft.org\/wp-content\/uploads\/2026\/09\/Festa-della-cipolla-a-Cannara-2.jpeg","type":"image\/jpeg"}],"author":"Nicola81","twitter_card":"summary_large_image","twitter_misc":{"Scritto da":"Nicola81","Tempo di lettura stimato":"4 minuti"},"schema":{"@context":"https:\/\/schema.org","@graph":[{"@type":"Article","@id":"https:\/\/www.umbrialeft.org\/index.php\/2026\/09\/02\/aperta-la-festa-della-cipolla-a-cannara-dieci-giorni-allinsegna-del-gusto\/#article","isPartOf":{"@id":"https:\/\/www.umbrialeft.org\/index.php\/2026\/09\/02\/aperta-la-festa-della-cipolla-a-cannara-dieci-giorni-allinsegna-del-gusto\/"},"author":{"name":"Nicola81","@id":"https:\/\/www.umbrialeft.org\/#\/schema\/person\/556bd3a44a8a07e2070b7a419cdc18ac"},"headline":"Aperta la Festa della cipolla a Cannara: dieci giorni all\u2019insegna del gusto","datePublished":"2026-09-02T12:57:26+00:00","dateModified":"2026-09-02T12:57:27+00:00","mainEntityOfPage":{"@id":"https:\/\/www.umbrialeft.org\/index.php\/2026\/09\/02\/aperta-la-festa-della-cipolla-a-cannara-dieci-giorni-allinsegna-del-gusto\/"},"wordCount":703,"publisher":{"@id":"https:\/\/www.umbrialeft.org\/#organization"},"image":{"@id":"https:\/\/www.umbrialeft.org\/index.php\/2026\/09\/02\/aperta-la-festa-della-cipolla-a-cannara-dieci-giorni-allinsegna-del-gusto\/#primaryimage"},"thumbnailUrl":"https:\/\/www.umbrialeft.org\/wp-content\/uploads\/2026\/09\/Festa-della-cipolla-a-Cannara-2.jpeg","articleSection":["Eventi"],"inLanguage":"it-IT"},{"@type":"WebPage","@id":"https:\/\/www.umbrialeft.org\/index.php\/2026\/09\/02\/aperta-la-festa-della-cipolla-a-cannara-dieci-giorni-allinsegna-del-gusto\/","url":"https:\/\/www.umbrialeft.org\/index.php\/2026\/09\/02\/aperta-la-festa-della-cipolla-a-cannara-dieci-giorni-allinsegna-del-gusto\/","name":"Aperta la Festa della cipolla a Cannara: dieci giorni all\u2019insegna del gusto - UmbriaLeft","isPartOf":{"@id":"https:\/\/www.umbrialeft.org\/#website"},"primaryImageOfPage":{"@id":"https:\/\/www.umbrialeft.org\/index.php\/2026\/09\/02\/aperta-la-festa-della-cipolla-a-cannara-dieci-giorni-allinsegna-del-gusto\/#primaryimage"},"image":{"@id":"https:\/\/www.umbrialeft.org\/index.php\/2026\/09\/02\/aperta-la-festa-della-cipolla-a-cannara-dieci-giorni-allinsegna-del-gusto\/#primaryimage"},"thumbnailUrl":"https:\/\/www.umbrialeft.org\/wp-content\/uploads\/2026\/09\/Festa-della-cipolla-a-Cannara-2.jpeg","datePublished":"2026-09-02T12:57:26+00:00","dateModified":"2026-09-02T12:57:27+00:00","breadcrumb":{"@id":"https:\/\/www.umbrialeft.org\/index.php\/2026\/09\/02\/aperta-la-festa-della-cipolla-a-cannara-dieci-giorni-allinsegna-del-gusto\/#breadcrumb"},"inLanguage":"it-IT","potentialAction":[{"@type":"ReadAction","target":["https:\/\/www.umbrialeft.org\/index.php\/2026\/09\/02\/aperta-la-festa-della-cipolla-a-cannara-dieci-giorni-allinsegna-del-gusto\/"]}]},{"@type":"ImageObject","inLanguage":"it-IT","@id":"https:\/\/www.umbrialeft.org\/index.php\/2026\/09\/02\/aperta-la-festa-della-cipolla-a-cannara-dieci-giorni-allinsegna-del-gusto\/#primaryimage","url":"https:\/\/www.umbrialeft.org\/wp-content\/uploads\/2026\/09\/Festa-della-cipolla-a-Cannara-2.jpeg","contentUrl":"https:\/\/www.umbrialeft.org\/wp-content\/uploads\/2026\/09\/Festa-della-cipolla-a-Cannara-2.jpeg","width":1600,"height":900},{"@type":"BreadcrumbList","@id":"https:\/\/www.umbrialeft.org\/index.php\/2026\/09\/02\/aperta-la-festa-della-cipolla-a-cannara-dieci-giorni-allinsegna-del-gusto\/#breadcrumb","itemListElement":[{"@type":"ListItem","position":1,"name":"Home","item":"https:\/\/www.umbrialeft.org\/"},{"@type":"ListItem","position":2,"name":"Aperta la Festa della cipolla a Cannara: dieci giorni all\u2019insegna del gusto"}]},{"@type":"WebSite","@id":"https:\/\/www.umbrialeft.org\/#website","url":"https:\/\/www.umbrialeft.org\/","name":"UmbriaLeft","description":"","publisher":{"@id":"https:\/\/www.umbrialeft.org\/#organization"},"potentialAction":[{"@type":"SearchAction","target":{"@type":"EntryPoint","urlTemplate":"https:\/\/www.umbrialeft.org\/?s={search_term_string}"},"query-input":{"@type":"PropertyValueSpecification","valueRequired":true,"valueName":"search_term_string"}}],"inLanguage":"it-IT"},{"@type":"Organization","@id":"https:\/\/www.umbrialeft.org\/#organization","name":"UmbriaLeft","url":"https:\/\/www.umbrialeft.org\/","logo":{"@type":"ImageObject","inLanguage":"it-IT","@id":"https:\/\/www.umbrialeft.org\/#\/schema\/logo\/image\/","url":"https:\/\/www.umbrialeft.org\/wp-content\/uploads\/2025\/03\/community_logo-1.png","contentUrl":"https:\/\/www.umbrialeft.org\/wp-content\/uploads\/2025\/03\/community_logo-1.png","width":517,"height":85,"caption":"UmbriaLeft"},"image":{"@id":"https:\/\/www.umbrialeft.org\/#\/schema\/logo\/image\/"},"sameAs":["https:\/\/www.facebook.com\/UmbriaLeft2004"]},{"@type":"Person","@id":"https:\/\/www.umbrialeft.org\/#\/schema\/person\/556bd3a44a8a07e2070b7a419cdc18ac","name":"Nicola81","image":{"@type":"ImageObject","inLanguage":"it-IT","@id":"https:\/\/secure.gravatar.com\/avatar\/0cc11ef7d37e4c3709d5db9269d6d2d459b71fe080f18f30593534d61156d537?s=96&d=mm&r=g","url":"https:\/\/secure.gravatar.com\/avatar\/0cc11ef7d37e4c3709d5db9269d6d2d459b71fe080f18f30593534d61156d537?s=96&d=mm&r=g","contentUrl":"https:\/\/secure.gravatar.com\/avatar\/0cc11ef7d37e4c3709d5db9269d6d2d459b71fe080f18f30593534d61156d537?s=96&d=mm&r=g","caption":"Nicola81"},"url":"https:\/\/www.umbrialeft.org\/index.php\/author\/nicola81\/"}]}},"blog_post_layout_featured_media_urls":{"thumbnail":["https:\/\/www.umbrialeft.org\/wp-content\/uploads\/2026\/09\/Festa-della-cipolla-a-Cannara-2-150x150.jpeg",150,150,true],"full":["https:\/\/www.umbrialeft.org\/wp-content\/uploads\/2026\/09\/Festa-della-cipolla-a-Cannara-2.jpeg",1600,900,false]},"categories_names":{"266":{"name":"Eventi","link":"https:\/\/www.umbrialeft.org\/index.php\/category\/eventi\/"}},"tags_names":[],"comments_number":"0","wpmagazine_modules_lite_featured_media_urls":{"thumbnail":["https:\/\/www.umbrialeft.org\/wp-content\/uploads\/2026\/09\/Festa-della-cipolla-a-Cannara-2-150x150.jpeg",150,150,true],"cvmm-medium":["https:\/\/www.umbrialeft.org\/wp-content\/uploads\/2026\/09\/Festa-della-cipolla-a-Cannara-2-300x300.jpeg",300,300,true],"cvmm-medium-plus":["https:\/\/www.umbrialeft.org\/wp-content\/uploads\/2026\/09\/Festa-della-cipolla-a-Cannara-2-305x207.jpeg",305,207,true],"cvmm-portrait":["https:\/\/www.umbrialeft.org\/wp-content\/uploads\/2026\/09\/Festa-della-cipolla-a-Cannara-2-400x600.jpeg",400,600,true],"cvmm-medium-square":["https:\/\/www.umbrialeft.org\/wp-content\/uploads\/2026\/09\/Festa-della-cipolla-a-Cannara-2-600x600.jpeg",600,600,true],"cvmm-large":["https:\/\/www.umbrialeft.org\/wp-content\/uploads\/2026\/09\/Festa-della-cipolla-a-Cannara-2-1024x900.jpeg",1024,900,true],"cvmm-small":["https:\/\/www.umbrialeft.org\/wp-content\/uploads\/2026\/09\/Festa-della-cipolla-a-Cannara-2-130x95.jpeg",130,95,true],"full":["https:\/\/www.umbrialeft.org\/wp-content\/uploads\/2026\/09\/Festa-della-cipolla-a-Cannara-2.jpeg",1600,900,false]},"_links":{"self":[{"href":"https:\/\/www.umbrialeft.org\/index.php\/wp-json\/wp\/v2\/posts\/11913","targetHints":{"allow":["GET"]}}],"collection":[{"href":"https:\/\/www.umbrialeft.org\/index.php\/wp-json\/wp\/v2\/posts"}],"about":[{"href":"https:\/\/www.umbrialeft.org\/index.php\/wp-json\/wp\/v2\/types\/post"}],"author":[{"embeddable":true,"href":"https:\/\/www.umbrialeft.org\/index.php\/wp-json\/wp\/v2\/users\/8"}],"replies":[{"embeddable":true,"href":"https:\/\/www.umbrialeft.org\/index.php\/wp-json\/wp\/v2\/comments?post=11913"}],"version-history":[{"count":1,"href":"https:\/\/www.umbrialeft.org\/index.php\/wp-json\/wp\/v2\/posts\/11913\/revisions"}],"predecessor-version":[{"id":11915,"href":"https:\/\/www.umbrialeft.org\/index.php\/wp-json\/wp\/v2\/posts\/11913\/revisions\/11915"}],"wp:featuredmedia":[{"embeddable":true,"href":"https:\/\/www.umbrialeft.org\/index.php\/wp-json\/wp\/v2\/media\/11914"}],"wp:attachment":[{"href":"https:\/\/www.umbrialeft.org\/index.php\/wp-json\/wp\/v2\/media?parent=11913"}],"wp:term":[{"taxonomy":"category","embeddable":true,"href":"https:\/\/www.umbrialeft.org\/index.php\/wp-json\/wp\/v2\/categories?post=11913"},{"taxonomy":"post_tag","embeddable":true,"href":"https:\/\/www.umbrialeft.org\/index.php\/wp-json\/wp\/v2\/tags?post=11913"}],"curies":[{"name":"wp","href":"https:\/\/api.w.org\/{rel}","templated":true}]}}