{"id":11916,"date":"2026-09-02T16:57:55","date_gmt":"2026-09-02T14:57:55","guid":{"rendered":"https:\/\/www.umbrialeft.org\/?p=11916"},"modified":"2026-09-03T11:09:24","modified_gmt":"2026-09-03T09:09:24","slug":"bene-il-1-umbria-ballon-festival-che-lancia-nuovi-progetti-mongolfiere-a-terni-e-orvieto","status":"publish","type":"post","link":"https:\/\/www.umbrialeft.org\/index.php\/2026\/09\/02\/bene-il-1-umbria-ballon-festival-che-lancia-nuovi-progetti-mongolfiere-a-terni-e-orvieto\/","title":{"rendered":"Bene il 1\u00b0 Umbria Ballon Festival che lancia nuovi progetti: mongolfiere a Terni e Orvieto"},"content":{"rendered":"\n<h2 class=\"wp-block-heading\">All\u2019aviosuperficie Alvaro Leonardi lo spettacolo in notturna Night Glow sabato 5 settembre &#8211;&nbsp;Da settembre a novembre ogni weekend voli liberi a Castiglione del Lago, Todi e Orvieto. Previsti eventi e iniziative collaterali nelle varie tappe: enogastronomia, escursioni, laboratori<\/h2>\n\n\n\n<p class=\"wp-block-paragraph\">(AVInews) \u2013 Perugia, 2 sett. \u2013 \u201cI dati relativi al pubblico nelle tappe finora svolte sono gi\u00e0 molto lusinghieri e incoraggiati, cos\u00ec come il numero di mongolfiere che vi hanno preso parte, con oltre venti equipaggi presenti complessivamente durante la manifestazione, provenienti da varie localit\u00e0 europee. Un numero rilevante se si pensa che l\u2019evento \u00e8 stato ideato soltanto nel mese di marzo. Ci sono, insomma, tutti i presupposti per una crescita dell\u2019Umbria Balloon Festival come volano di sviluppo turistico ed economico dell\u2019intera regione. Per questo annunciamo oggi altre importanti appuntamenti e progetti\u201d. A fare il punto sulla prima positiva edizione dell\u2019Umbria Ballon Festival, il progetto dedicato alla valorizzazione turistica dell\u2019Umbria attraverso il volo in mongolfiera, e sulle novit\u00e0 previste, sono stati i suoi organizzatori, Luca Briziarelli di Bil Benefit, ideatore dell\u2019evento, e Antonello Burchielli, presidente dell\u2019Aero Club Trasimeno, nel corso della conferenza stampa che si \u00e8 tenuta a Palazzo Donini, a Perugia, mercoled\u00ec 2 settembre. Con loro anche Simona Meloni, assessore al turismo della Regione Umbria, e gli amministratori di quattro tra le citt\u00e0 coinvolte, i sindaci di Castiglione del Lago, Matteo Burico, e Todi, Antonino Ruggiano, reduci dalle due principali tappe fin qui svolte, il sindaco di Orvieto, Roberta Tardani, e il vicesindaco di Terni, Paolo Tagliavento, citt\u00e0 che ospiteranno i prossimi progetti del festival.<\/p>\n\n\n\n<figure class=\"wp-block-image size-large\"><img loading=\"lazy\" decoding=\"async\" width=\"1024\" height=\"684\" src=\"https:\/\/www.umbrialeft.org\/wp-content\/uploads\/2026\/09\/Umbria-Balloon-Festival-a-Todi-Repertorio-1-1024x684.jpeg\" alt=\"\" class=\"wp-image-11921\" srcset=\"https:\/\/www.umbrialeft.org\/wp-content\/uploads\/2026\/09\/Umbria-Balloon-Festival-a-Todi-Repertorio-1-1024x684.jpeg 1024w, https:\/\/www.umbrialeft.org\/wp-content\/uploads\/2026\/09\/Umbria-Balloon-Festival-a-Todi-Repertorio-1-300x200.jpeg 300w, https:\/\/www.umbrialeft.org\/wp-content\/uploads\/2026\/09\/Umbria-Balloon-Festival-a-Todi-Repertorio-1-768x513.jpeg 768w, https:\/\/www.umbrialeft.org\/wp-content\/uploads\/2026\/09\/Umbria-Balloon-Festival-a-Todi-Repertorio-1-1536x1026.jpeg 1536w, https:\/\/www.umbrialeft.org\/wp-content\/uploads\/2026\/09\/Umbria-Balloon-Festival-a-Todi-Repertorio-1-150x100.jpeg 150w, https:\/\/www.umbrialeft.org\/wp-content\/uploads\/2026\/09\/Umbria-Balloon-Festival-a-Todi-Repertorio-1-330x220.jpeg 330w, https:\/\/www.umbrialeft.org\/wp-content\/uploads\/2026\/09\/Umbria-Balloon-Festival-a-Todi-Repertorio-1-420x280.jpeg 420w, https:\/\/www.umbrialeft.org\/wp-content\/uploads\/2026\/09\/Umbria-Balloon-Festival-a-Todi-Repertorio-1-510x340.jpeg 510w, https:\/\/www.umbrialeft.org\/wp-content\/uploads\/2026\/09\/Umbria-Balloon-Festival-a-Todi-Repertorio-1.jpeg 1920w\" sizes=\"auto, (max-width: 1024px) 100vw, 1024px\" \/><\/figure>\n\n\n\n<p class=\"wp-block-paragraph\">In particolare, tra le prossime novit\u00e0 della manifestazione c\u2019\u00e8 il Terni Night Glow che si svolger\u00e0 sabato 5 settembre all\u2019aviosuperficie Alvaro Leonardi, nell\u2019ambito del Festival del cielo: come gi\u00e0 a Castiglione del Lago, le mongolfiere ancorate a terra offriranno uno spettacolo luminoso a ritmo di musica, realizzato grazie ai bruciatori degli aerostati e alle mille fantasie dei colorati palloni e permetteranno ai curiosi anche di provare il volo vincolato. \u201cQuesta partecipazione \u2013 ha commentato il vicesindaco Tagliavento \u2013 si inserisce in un pi\u00f9 ampio programma di valorizzazione e promozione dell\u2019aviosuperficie di Terni, struttura che pu\u00f2 essere un volano importante per ampliare l\u2019offerta turistica ternana\u201d. Altra novit\u00e0 riguarda la possibilit\u00e0 per turisti e residenti, gi\u00e0 dai weekend di settembre, ottobre e novembre, di effettuare voli commerciali in mongolfiera nelle citt\u00e0 di Castiglione del Lago, Todi e, new entry, Orvieto. Ogni fine settimana le mongolfiere si alzeranno in volo da una delle localit\u00e0 con la possibilit\u00e0 di voli liberi a pagamento, organizzati in collaborazione con le principali aziende del settore a livello nazionale, cos\u00ec da avere un\u2019inedita visuale dell\u2019paesaggio umbro dall\u2019alto. \u201cSiamo molto soddisfatti \u2013 ha affermato il sindaco Tardani \u2013 di essere riusciti ad entrare a far parte di questo circuito. Stiamo pensando di abbinare i voli a iniziative dedicate ai prodotti enogastronomici locali, anche collocando le mongolfiere nei luoghi pi\u00f9 suggestivi di Orvieto\u201d. \u201cTodi \u2013 ha ricordato il sindaco Ruggiano \u2013 ribadisce la sua vocazione di citt\u00e0 delle mongolfiere, con progetti di promozione turistica e altre iniziative che il prossimo anno festeggeranno i quaranta anni dalla prima manifestazione mongolfieristica svoltasi nella nostra citt\u00e0\u201d. \u201cIl nostro aeroporto \u2013 ha sottolineato il sindaco Burico \u2013 \u00e8 sempre pi\u00f9 fulcro di iniziative dedicate al volo, non pi\u00f9 solo aquiloni e aerei, ma anche il ritorno delle mongolfiere che gi\u00e0 in passato avevano arricchito per anni la nostra offerta turistica\u201d<\/p>\n\n\n\n<p class=\"wp-block-paragraph\">\u201cMa non ci fermiamo qui \u2013 hanno proseguito quindi Briziarelli e Burchielli \u2013. Per il prossimo anno abbiamo chiesto all\u2019amministrazione comunale di Gualdo Cattaneo di poter svolgere il festival anche al Parco Acquarossa, storico luogo di manifestazioni mongolfieristiche, nei quattro giorni compresi tra i due fine settimana di Castiglione del Lago e Todi, cos\u00ec da raggiungere i dieci giorni complessivi dal 23 luglio al 1\u00b0 agosto. Stiamo inoltre lavorando a nuove iniziative collaterali, come le degustazioni \u2018Il gusto di volare\u2019, per far conoscere le eccellenze enogastronomiche locali\u201d. Tra i progetti gi\u00e0 previsti o in elaborazione per le giornate del festival ci sono anche laboratori per bambini, artistici e scientifici dedicati al mondo del volo e iniziative per far scoprire le bellezze paesaggistiche, come trekking urbani e cicloturismo.\u201d<\/p>\n\n\n\n<p class=\"wp-block-paragraph\">\u201cLa Regione Umbria \u2013 ha commentato l\u2019assessore Meloni \u2013 ha sostenuto sin da subito questa manifestazione il cui punto di forza \u00e8 la collaborazione tra pi\u00f9 territori e la sua durata nel tempo, che contribuisce ad attrarre nuovi target specifici contribuisce alla destagionalizzazione dell\u2019offerta turistica. Il Format si \u00e8 rivelato vincente anche a giudicare dal grande interesse e ritorno mediatico suscitato dalla manifestazione\u201d.<\/p>\n\n\n\n<p class=\"wp-block-paragraph\">Nicola Torrini<\/p>\n\n\n\n<p class=\"wp-block-paragraph\"><\/p>\n","protected":false},"excerpt":{"rendered":"<p>All\u2019aviosuperficie Alvaro Leonardi lo spettacolo in notturna Night Glow sabato 5 settembre &#8211;&nbsp;Da settembre a novembre ogni weekend voli liberi a Castiglione del Lago, Todi e Orvieto. Previsti eventi e iniziative collaterali nelle varie tappe: enogastronomia, escursioni, laboratori (AVInews) \u2013 Perugia, 2 sett. \u2013 \u201cI dati relativi al pubblico nelle tappe finora svolte sono gi\u00e0<\/p>\n","protected":false},"author":8,"featured_media":11917,"comment_status":"closed","ping_status":"closed","sticky":false,"template":"","format":"standard","meta":{"footnotes":""},"categories":[25],"tags":[],"class_list":["post-11916","post","type-post","status-publish","format-standard","has-post-thumbnail","hentry","category-politica"],"yoast_head":"<!-- This site is optimized with the Yoast SEO plugin v28.4 - https:\/\/yoast.com\/product\/yoast-seo-wordpress\/ -->\n<title>Bene il 1\u00b0 Umbria Ballon Festival che lancia nuovi progetti: mongolfiere a Terni e Orvieto - UmbriaLeft<\/title>\n<meta name=\"robots\" content=\"index, follow, max-snippet:-1, max-image-preview:large, max-video-preview:-1\" \/>\n<link rel=\"canonical\" href=\"https:\/\/www.umbrialeft.org\/index.php\/2026\/09\/02\/bene-il-1-umbria-ballon-festival-che-lancia-nuovi-progetti-mongolfiere-a-terni-e-orvieto\/\" \/>\n<meta property=\"og:locale\" content=\"it_IT\" \/>\n<meta property=\"og:type\" content=\"article\" \/>\n<meta property=\"og:title\" content=\"Bene il 1\u00b0 Umbria Ballon Festival che lancia nuovi progetti: mongolfiere a Terni e Orvieto - UmbriaLeft\" \/>\n<meta property=\"og:description\" content=\"All\u2019aviosuperficie Alvaro Leonardi lo spettacolo in notturna Night Glow sabato 5 settembre &#8211;&nbsp;Da settembre a novembre ogni weekend voli liberi a Castiglione del Lago, Todi e Orvieto. Previsti eventi e iniziative collaterali nelle varie tappe: enogastronomia, escursioni, laboratori (AVInews) \u2013 Perugia, 2 sett. \u2013 \u201cI dati relativi al pubblico nelle tappe finora svolte sono gi\u00e0\" \/>\n<meta property=\"og:url\" content=\"https:\/\/www.umbrialeft.org\/index.php\/2026\/09\/02\/bene-il-1-umbria-ballon-festival-che-lancia-nuovi-progetti-mongolfiere-a-terni-e-orvieto\/\" \/>\n<meta property=\"og:site_name\" content=\"UmbriaLeft\" \/>\n<meta property=\"article:publisher\" content=\"https:\/\/www.facebook.com\/UmbriaLeft2004\" \/>\n<meta property=\"article:published_time\" content=\"2026-09-02T14:57:55+00:00\" \/>\n<meta property=\"article:modified_time\" content=\"2026-09-03T09:09:24+00:00\" \/>\n<meta property=\"og:image\" content=\"https:\/\/www.umbrialeft.org\/wp-content\/uploads\/2026\/09\/Conferenza-Umbria-Ballon-Festival-1.jpeg\" \/>\n\t<meta property=\"og:image:width\" content=\"1600\" \/>\n\t<meta property=\"og:image:height\" content=\"900\" \/>\n\t<meta property=\"og:image:type\" content=\"image\/jpeg\" \/>\n<meta name=\"author\" content=\"Nicola81\" \/>\n<meta name=\"twitter:card\" content=\"summary_large_image\" \/>\n<meta name=\"twitter:label1\" content=\"Scritto da\" \/>\n\t<meta name=\"twitter:data1\" content=\"Nicola81\" \/>\n\t<meta name=\"twitter:label2\" content=\"Tempo di lettura stimato\" \/>\n\t<meta name=\"twitter:data2\" content=\"5 minuti\" \/>\n<script type=\"application\/ld+json\" class=\"yoast-schema-graph\">{\"@context\":\"https:\\\/\\\/schema.org\",\"@graph\":[{\"@type\":\"Article\",\"@id\":\"https:\\\/\\\/www.umbrialeft.org\\\/index.php\\\/2026\\\/09\\\/02\\\/bene-il-1-umbria-ballon-festival-che-lancia-nuovi-progetti-mongolfiere-a-terni-e-orvieto\\\/#article\",\"isPartOf\":{\"@id\":\"https:\\\/\\\/www.umbrialeft.org\\\/index.php\\\/2026\\\/09\\\/02\\\/bene-il-1-umbria-ballon-festival-che-lancia-nuovi-progetti-mongolfiere-a-terni-e-orvieto\\\/\"},\"author\":{\"name\":\"Nicola81\",\"@id\":\"https:\\\/\\\/www.umbrialeft.org\\\/#\\\/schema\\\/person\\\/556bd3a44a8a07e2070b7a419cdc18ac\"},\"headline\":\"Bene il 1\u00b0 Umbria Ballon Festival che lancia nuovi progetti: mongolfiere a Terni e Orvieto\",\"datePublished\":\"2026-09-02T14:57:55+00:00\",\"dateModified\":\"2026-09-03T09:09:24+00:00\",\"mainEntityOfPage\":{\"@id\":\"https:\\\/\\\/www.umbrialeft.org\\\/index.php\\\/2026\\\/09\\\/02\\\/bene-il-1-umbria-ballon-festival-che-lancia-nuovi-progetti-mongolfiere-a-terni-e-orvieto\\\/\"},\"wordCount\":761,\"publisher\":{\"@id\":\"https:\\\/\\\/www.umbrialeft.org\\\/#organization\"},\"image\":{\"@id\":\"https:\\\/\\\/www.umbrialeft.org\\\/index.php\\\/2026\\\/09\\\/02\\\/bene-il-1-umbria-ballon-festival-che-lancia-nuovi-progetti-mongolfiere-a-terni-e-orvieto\\\/#primaryimage\"},\"thumbnailUrl\":\"https:\\\/\\\/www.umbrialeft.org\\\/wp-content\\\/uploads\\\/2026\\\/09\\\/Conferenza-Umbria-Ballon-Festival-1.jpeg\",\"articleSection\":[\"Politica\"],\"inLanguage\":\"it-IT\"},{\"@type\":\"WebPage\",\"@id\":\"https:\\\/\\\/www.umbrialeft.org\\\/index.php\\\/2026\\\/09\\\/02\\\/bene-il-1-umbria-ballon-festival-che-lancia-nuovi-progetti-mongolfiere-a-terni-e-orvieto\\\/\",\"url\":\"https:\\\/\\\/www.umbrialeft.org\\\/index.php\\\/2026\\\/09\\\/02\\\/bene-il-1-umbria-ballon-festival-che-lancia-nuovi-progetti-mongolfiere-a-terni-e-orvieto\\\/\",\"name\":\"Bene il 1\u00b0 Umbria Ballon Festival che lancia nuovi progetti: mongolfiere a Terni e Orvieto - UmbriaLeft\",\"isPartOf\":{\"@id\":\"https:\\\/\\\/www.umbrialeft.org\\\/#website\"},\"primaryImageOfPage\":{\"@id\":\"https:\\\/\\\/www.umbrialeft.org\\\/index.php\\\/2026\\\/09\\\/02\\\/bene-il-1-umbria-ballon-festival-che-lancia-nuovi-progetti-mongolfiere-a-terni-e-orvieto\\\/#primaryimage\"},\"image\":{\"@id\":\"https:\\\/\\\/www.umbrialeft.org\\\/index.php\\\/2026\\\/09\\\/02\\\/bene-il-1-umbria-ballon-festival-che-lancia-nuovi-progetti-mongolfiere-a-terni-e-orvieto\\\/#primaryimage\"},\"thumbnailUrl\":\"https:\\\/\\\/www.umbrialeft.org\\\/wp-content\\\/uploads\\\/2026\\\/09\\\/Conferenza-Umbria-Ballon-Festival-1.jpeg\",\"datePublished\":\"2026-09-02T14:57:55+00:00\",\"dateModified\":\"2026-09-03T09:09:24+00:00\",\"breadcrumb\":{\"@id\":\"https:\\\/\\\/www.umbrialeft.org\\\/index.php\\\/2026\\\/09\\\/02\\\/bene-il-1-umbria-ballon-festival-che-lancia-nuovi-progetti-mongolfiere-a-terni-e-orvieto\\\/#breadcrumb\"},\"inLanguage\":\"it-IT\",\"potentialAction\":[{\"@type\":\"ReadAction\",\"target\":[\"https:\\\/\\\/www.umbrialeft.org\\\/index.php\\\/2026\\\/09\\\/02\\\/bene-il-1-umbria-ballon-festival-che-lancia-nuovi-progetti-mongolfiere-a-terni-e-orvieto\\\/\"]}]},{\"@type\":\"ImageObject\",\"inLanguage\":\"it-IT\",\"@id\":\"https:\\\/\\\/www.umbrialeft.org\\\/index.php\\\/2026\\\/09\\\/02\\\/bene-il-1-umbria-ballon-festival-che-lancia-nuovi-progetti-mongolfiere-a-terni-e-orvieto\\\/#primaryimage\",\"url\":\"https:\\\/\\\/www.umbrialeft.org\\\/wp-content\\\/uploads\\\/2026\\\/09\\\/Conferenza-Umbria-Ballon-Festival-1.jpeg\",\"contentUrl\":\"https:\\\/\\\/www.umbrialeft.org\\\/wp-content\\\/uploads\\\/2026\\\/09\\\/Conferenza-Umbria-Ballon-Festival-1.jpeg\",\"width\":1600,\"height\":900},{\"@type\":\"BreadcrumbList\",\"@id\":\"https:\\\/\\\/www.umbrialeft.org\\\/index.php\\\/2026\\\/09\\\/02\\\/bene-il-1-umbria-ballon-festival-che-lancia-nuovi-progetti-mongolfiere-a-terni-e-orvieto\\\/#breadcrumb\",\"itemListElement\":[{\"@type\":\"ListItem\",\"position\":1,\"name\":\"Home\",\"item\":\"https:\\\/\\\/www.umbrialeft.org\\\/\"},{\"@type\":\"ListItem\",\"position\":2,\"name\":\"Bene il 1\u00b0 Umbria Ballon Festival che lancia nuovi progetti: mongolfiere a Terni e Orvieto\"}]},{\"@type\":\"WebSite\",\"@id\":\"https:\\\/\\\/www.umbrialeft.org\\\/#website\",\"url\":\"https:\\\/\\\/www.umbrialeft.org\\\/\",\"name\":\"UmbriaLeft\",\"description\":\"\",\"publisher\":{\"@id\":\"https:\\\/\\\/www.umbrialeft.org\\\/#organization\"},\"potentialAction\":[{\"@type\":\"SearchAction\",\"target\":{\"@type\":\"EntryPoint\",\"urlTemplate\":\"https:\\\/\\\/www.umbrialeft.org\\\/?s={search_term_string}\"},\"query-input\":{\"@type\":\"PropertyValueSpecification\",\"valueRequired\":true,\"valueName\":\"search_term_string\"}}],\"inLanguage\":\"it-IT\"},{\"@type\":\"Organization\",\"@id\":\"https:\\\/\\\/www.umbrialeft.org\\\/#organization\",\"name\":\"UmbriaLeft\",\"url\":\"https:\\\/\\\/www.umbrialeft.org\\\/\",\"logo\":{\"@type\":\"ImageObject\",\"inLanguage\":\"it-IT\",\"@id\":\"https:\\\/\\\/www.umbrialeft.org\\\/#\\\/schema\\\/logo\\\/image\\\/\",\"url\":\"https:\\\/\\\/www.umbrialeft.org\\\/wp-content\\\/uploads\\\/2025\\\/03\\\/community_logo-1.png\",\"contentUrl\":\"https:\\\/\\\/www.umbrialeft.org\\\/wp-content\\\/uploads\\\/2025\\\/03\\\/community_logo-1.png\",\"width\":517,\"height\":85,\"caption\":\"UmbriaLeft\"},\"image\":{\"@id\":\"https:\\\/\\\/www.umbrialeft.org\\\/#\\\/schema\\\/logo\\\/image\\\/\"},\"sameAs\":[\"https:\\\/\\\/www.facebook.com\\\/UmbriaLeft2004\"]},{\"@type\":\"Person\",\"@id\":\"https:\\\/\\\/www.umbrialeft.org\\\/#\\\/schema\\\/person\\\/556bd3a44a8a07e2070b7a419cdc18ac\",\"name\":\"Nicola81\",\"image\":{\"@type\":\"ImageObject\",\"inLanguage\":\"it-IT\",\"@id\":\"https:\\\/\\\/secure.gravatar.com\\\/avatar\\\/0cc11ef7d37e4c3709d5db9269d6d2d459b71fe080f18f30593534d61156d537?s=96&d=mm&r=g\",\"url\":\"https:\\\/\\\/secure.gravatar.com\\\/avatar\\\/0cc11ef7d37e4c3709d5db9269d6d2d459b71fe080f18f30593534d61156d537?s=96&d=mm&r=g\",\"contentUrl\":\"https:\\\/\\\/secure.gravatar.com\\\/avatar\\\/0cc11ef7d37e4c3709d5db9269d6d2d459b71fe080f18f30593534d61156d537?s=96&d=mm&r=g\",\"caption\":\"Nicola81\"},\"url\":\"https:\\\/\\\/www.umbrialeft.org\\\/index.php\\\/author\\\/nicola81\\\/\"}]}<\/script>\n<!-- \/ Yoast SEO plugin. -->","yoast_head_json":{"title":"Bene il 1\u00b0 Umbria Ballon Festival che lancia nuovi progetti: mongolfiere a Terni e Orvieto - UmbriaLeft","robots":{"index":"index","follow":"follow","max-snippet":"max-snippet:-1","max-image-preview":"max-image-preview:large","max-video-preview":"max-video-preview:-1"},"canonical":"https:\/\/www.umbrialeft.org\/index.php\/2026\/09\/02\/bene-il-1-umbria-ballon-festival-che-lancia-nuovi-progetti-mongolfiere-a-terni-e-orvieto\/","og_locale":"it_IT","og_type":"article","og_title":"Bene il 1\u00b0 Umbria Ballon Festival che lancia nuovi progetti: mongolfiere a Terni e Orvieto - UmbriaLeft","og_description":"All\u2019aviosuperficie Alvaro Leonardi lo spettacolo in notturna Night Glow sabato 5 settembre &#8211;&nbsp;Da settembre a novembre ogni weekend voli liberi a Castiglione del Lago, Todi e Orvieto. Previsti eventi e iniziative collaterali nelle varie tappe: enogastronomia, escursioni, laboratori (AVInews) \u2013 Perugia, 2 sett. \u2013 \u201cI dati relativi al pubblico nelle tappe finora svolte sono gi\u00e0","og_url":"https:\/\/www.umbrialeft.org\/index.php\/2026\/09\/02\/bene-il-1-umbria-ballon-festival-che-lancia-nuovi-progetti-mongolfiere-a-terni-e-orvieto\/","og_site_name":"UmbriaLeft","article_publisher":"https:\/\/www.facebook.com\/UmbriaLeft2004","article_published_time":"2026-09-02T14:57:55+00:00","article_modified_time":"2026-09-03T09:09:24+00:00","og_image":[{"width":1600,"height":900,"url":"https:\/\/www.umbrialeft.org\/wp-content\/uploads\/2026\/09\/Conferenza-Umbria-Ballon-Festival-1.jpeg","type":"image\/jpeg"}],"author":"Nicola81","twitter_card":"summary_large_image","twitter_misc":{"Scritto da":"Nicola81","Tempo di lettura stimato":"5 minuti"},"schema":{"@context":"https:\/\/schema.org","@graph":[{"@type":"Article","@id":"https:\/\/www.umbrialeft.org\/index.php\/2026\/09\/02\/bene-il-1-umbria-ballon-festival-che-lancia-nuovi-progetti-mongolfiere-a-terni-e-orvieto\/#article","isPartOf":{"@id":"https:\/\/www.umbrialeft.org\/index.php\/2026\/09\/02\/bene-il-1-umbria-ballon-festival-che-lancia-nuovi-progetti-mongolfiere-a-terni-e-orvieto\/"},"author":{"name":"Nicola81","@id":"https:\/\/www.umbrialeft.org\/#\/schema\/person\/556bd3a44a8a07e2070b7a419cdc18ac"},"headline":"Bene il 1\u00b0 Umbria Ballon Festival che lancia nuovi progetti: mongolfiere a Terni e Orvieto","datePublished":"2026-09-02T14:57:55+00:00","dateModified":"2026-09-03T09:09:24+00:00","mainEntityOfPage":{"@id":"https:\/\/www.umbrialeft.org\/index.php\/2026\/09\/02\/bene-il-1-umbria-ballon-festival-che-lancia-nuovi-progetti-mongolfiere-a-terni-e-orvieto\/"},"wordCount":761,"publisher":{"@id":"https:\/\/www.umbrialeft.org\/#organization"},"image":{"@id":"https:\/\/www.umbrialeft.org\/index.php\/2026\/09\/02\/bene-il-1-umbria-ballon-festival-che-lancia-nuovi-progetti-mongolfiere-a-terni-e-orvieto\/#primaryimage"},"thumbnailUrl":"https:\/\/www.umbrialeft.org\/wp-content\/uploads\/2026\/09\/Conferenza-Umbria-Ballon-Festival-1.jpeg","articleSection":["Politica"],"inLanguage":"it-IT"},{"@type":"WebPage","@id":"https:\/\/www.umbrialeft.org\/index.php\/2026\/09\/02\/bene-il-1-umbria-ballon-festival-che-lancia-nuovi-progetti-mongolfiere-a-terni-e-orvieto\/","url":"https:\/\/www.umbrialeft.org\/index.php\/2026\/09\/02\/bene-il-1-umbria-ballon-festival-che-lancia-nuovi-progetti-mongolfiere-a-terni-e-orvieto\/","name":"Bene il 1\u00b0 Umbria Ballon Festival che lancia nuovi progetti: mongolfiere a Terni e Orvieto - UmbriaLeft","isPartOf":{"@id":"https:\/\/www.umbrialeft.org\/#website"},"primaryImageOfPage":{"@id":"https:\/\/www.umbrialeft.org\/index.php\/2026\/09\/02\/bene-il-1-umbria-ballon-festival-che-lancia-nuovi-progetti-mongolfiere-a-terni-e-orvieto\/#primaryimage"},"image":{"@id":"https:\/\/www.umbrialeft.org\/index.php\/2026\/09\/02\/bene-il-1-umbria-ballon-festival-che-lancia-nuovi-progetti-mongolfiere-a-terni-e-orvieto\/#primaryimage"},"thumbnailUrl":"https:\/\/www.umbrialeft.org\/wp-content\/uploads\/2026\/09\/Conferenza-Umbria-Ballon-Festival-1.jpeg","datePublished":"2026-09-02T14:57:55+00:00","dateModified":"2026-09-03T09:09:24+00:00","breadcrumb":{"@id":"https:\/\/www.umbrialeft.org\/index.php\/2026\/09\/02\/bene-il-1-umbria-ballon-festival-che-lancia-nuovi-progetti-mongolfiere-a-terni-e-orvieto\/#breadcrumb"},"inLanguage":"it-IT","potentialAction":[{"@type":"ReadAction","target":["https:\/\/www.umbrialeft.org\/index.php\/2026\/09\/02\/bene-il-1-umbria-ballon-festival-che-lancia-nuovi-progetti-mongolfiere-a-terni-e-orvieto\/"]}]},{"@type":"ImageObject","inLanguage":"it-IT","@id":"https:\/\/www.umbrialeft.org\/index.php\/2026\/09\/02\/bene-il-1-umbria-ballon-festival-che-lancia-nuovi-progetti-mongolfiere-a-terni-e-orvieto\/#primaryimage","url":"https:\/\/www.umbrialeft.org\/wp-content\/uploads\/2026\/09\/Conferenza-Umbria-Ballon-Festival-1.jpeg","contentUrl":"https:\/\/www.umbrialeft.org\/wp-content\/uploads\/2026\/09\/Conferenza-Umbria-Ballon-Festival-1.jpeg","width":1600,"height":900},{"@type":"BreadcrumbList","@id":"https:\/\/www.umbrialeft.org\/index.php\/2026\/09\/02\/bene-il-1-umbria-ballon-festival-che-lancia-nuovi-progetti-mongolfiere-a-terni-e-orvieto\/#breadcrumb","itemListElement":[{"@type":"ListItem","position":1,"name":"Home","item":"https:\/\/www.umbrialeft.org\/"},{"@type":"ListItem","position":2,"name":"Bene il 1\u00b0 Umbria Ballon Festival che lancia nuovi progetti: mongolfiere a Terni e Orvieto"}]},{"@type":"WebSite","@id":"https:\/\/www.umbrialeft.org\/#website","url":"https:\/\/www.umbrialeft.org\/","name":"UmbriaLeft","description":"","publisher":{"@id":"https:\/\/www.umbrialeft.org\/#organization"},"potentialAction":[{"@type":"SearchAction","target":{"@type":"EntryPoint","urlTemplate":"https:\/\/www.umbrialeft.org\/?s={search_term_string}"},"query-input":{"@type":"PropertyValueSpecification","valueRequired":true,"valueName":"search_term_string"}}],"inLanguage":"it-IT"},{"@type":"Organization","@id":"https:\/\/www.umbrialeft.org\/#organization","name":"UmbriaLeft","url":"https:\/\/www.umbrialeft.org\/","logo":{"@type":"ImageObject","inLanguage":"it-IT","@id":"https:\/\/www.umbrialeft.org\/#\/schema\/logo\/image\/","url":"https:\/\/www.umbrialeft.org\/wp-content\/uploads\/2025\/03\/community_logo-1.png","contentUrl":"https:\/\/www.umbrialeft.org\/wp-content\/uploads\/2025\/03\/community_logo-1.png","width":517,"height":85,"caption":"UmbriaLeft"},"image":{"@id":"https:\/\/www.umbrialeft.org\/#\/schema\/logo\/image\/"},"sameAs":["https:\/\/www.facebook.com\/UmbriaLeft2004"]},{"@type":"Person","@id":"https:\/\/www.umbrialeft.org\/#\/schema\/person\/556bd3a44a8a07e2070b7a419cdc18ac","name":"Nicola81","image":{"@type":"ImageObject","inLanguage":"it-IT","@id":"https:\/\/secure.gravatar.com\/avatar\/0cc11ef7d37e4c3709d5db9269d6d2d459b71fe080f18f30593534d61156d537?s=96&d=mm&r=g","url":"https:\/\/secure.gravatar.com\/avatar\/0cc11ef7d37e4c3709d5db9269d6d2d459b71fe080f18f30593534d61156d537?s=96&d=mm&r=g","contentUrl":"https:\/\/secure.gravatar.com\/avatar\/0cc11ef7d37e4c3709d5db9269d6d2d459b71fe080f18f30593534d61156d537?s=96&d=mm&r=g","caption":"Nicola81"},"url":"https:\/\/www.umbrialeft.org\/index.php\/author\/nicola81\/"}]}},"blog_post_layout_featured_media_urls":{"thumbnail":["https:\/\/www.umbrialeft.org\/wp-content\/uploads\/2026\/09\/Conferenza-Umbria-Ballon-Festival-1-150x150.jpeg",150,150,true],"full":["https:\/\/www.umbrialeft.org\/wp-content\/uploads\/2026\/09\/Conferenza-Umbria-Ballon-Festival-1.jpeg",1600,900,false]},"categories_names":{"25":{"name":"Politica","link":"https:\/\/www.umbrialeft.org\/index.php\/category\/politica\/"}},"tags_names":[],"comments_number":"0","wpmagazine_modules_lite_featured_media_urls":{"thumbnail":["https:\/\/www.umbrialeft.org\/wp-content\/uploads\/2026\/09\/Conferenza-Umbria-Ballon-Festival-1-150x150.jpeg",150,150,true],"cvmm-medium":["https:\/\/www.umbrialeft.org\/wp-content\/uploads\/2026\/09\/Conferenza-Umbria-Ballon-Festival-1-300x300.jpeg",300,300,true],"cvmm-medium-plus":["https:\/\/www.umbrialeft.org\/wp-content\/uploads\/2026\/09\/Conferenza-Umbria-Ballon-Festival-1-305x207.jpeg",305,207,true],"cvmm-portrait":["https:\/\/www.umbrialeft.org\/wp-content\/uploads\/2026\/09\/Conferenza-Umbria-Ballon-Festival-1-400x600.jpeg",400,600,true],"cvmm-medium-square":["https:\/\/www.umbrialeft.org\/wp-content\/uploads\/2026\/09\/Conferenza-Umbria-Ballon-Festival-1-600x600.jpeg",600,600,true],"cvmm-large":["https:\/\/www.umbrialeft.org\/wp-content\/uploads\/2026\/09\/Conferenza-Umbria-Ballon-Festival-1-1024x900.jpeg",1024,900,true],"cvmm-small":["https:\/\/www.umbrialeft.org\/wp-content\/uploads\/2026\/09\/Conferenza-Umbria-Ballon-Festival-1-130x95.jpeg",130,95,true],"full":["https:\/\/www.umbrialeft.org\/wp-content\/uploads\/2026\/09\/Conferenza-Umbria-Ballon-Festival-1.jpeg",1600,900,false]},"_links":{"self":[{"href":"https:\/\/www.umbrialeft.org\/index.php\/wp-json\/wp\/v2\/posts\/11916","targetHints":{"allow":["GET"]}}],"collection":[{"href":"https:\/\/www.umbrialeft.org\/index.php\/wp-json\/wp\/v2\/posts"}],"about":[{"href":"https:\/\/www.umbrialeft.org\/index.php\/wp-json\/wp\/v2\/types\/post"}],"author":[{"embeddable":true,"href":"https:\/\/www.umbrialeft.org\/index.php\/wp-json\/wp\/v2\/users\/8"}],"replies":[{"embeddable":true,"href":"https:\/\/www.umbrialeft.org\/index.php\/wp-json\/wp\/v2\/comments?post=11916"}],"version-history":[{"count":2,"href":"https:\/\/www.umbrialeft.org\/index.php\/wp-json\/wp\/v2\/posts\/11916\/revisions"}],"predecessor-version":[{"id":11934,"href":"https:\/\/www.umbrialeft.org\/index.php\/wp-json\/wp\/v2\/posts\/11916\/revisions\/11934"}],"wp:featuredmedia":[{"embeddable":true,"href":"https:\/\/www.umbrialeft.org\/index.php\/wp-json\/wp\/v2\/media\/11917"}],"wp:attachment":[{"href":"https:\/\/www.umbrialeft.org\/index.php\/wp-json\/wp\/v2\/media?parent=11916"}],"wp:term":[{"taxonomy":"category","embeddable":true,"href":"https:\/\/www.umbrialeft.org\/index.php\/wp-json\/wp\/v2\/categories?post=11916"},{"taxonomy":"post_tag","embeddable":true,"href":"https:\/\/www.umbrialeft.org\/index.php\/wp-json\/wp\/v2\/tags?post=11916"}],"curies":[{"name":"wp","href":"https:\/\/api.w.org\/{rel}","templated":true}]}}