{"id":11928,"date":"2026-09-02T23:21:51","date_gmt":"2026-09-02T21:21:51","guid":{"rendered":"https:\/\/www.umbrialeft.org\/?p=11928"},"modified":"2026-09-02T23:23:02","modified_gmt":"2026-09-02T21:23:02","slug":"il-progetto-fi-vannacci-entra-a-palazzo-spada-adesso-qualcuno-deve-rispondere","status":"publish","type":"post","link":"https:\/\/www.umbrialeft.org\/index.php\/2026\/09\/02\/il-progetto-fi-vannacci-entra-a-palazzo-spada-adesso-qualcuno-deve-rispondere\/","title":{"rendered":"Il progetto di Vannacci entra a Palazzo Spada. Adesso qualcuno deve rispondere"},"content":{"rendered":"<p>Venerd\u00ec 4 settembre sar\u00e0 presentata a Palazzo Spada la nuova organizzazione ternana di Futuro Nazionale.<\/p>\n<p>Non \u00e8 un semplice cambio di simbolo.<\/p>\n<p>Dentro il Consiglio comunale entra il progetto politico di Roberto Vannacci: \u201cpatriarcato mediterraneo\u201d, abolizione della fattispecie autonoma del delitto di femminicidio, abrogazione delle unioni civili, stretta sull\u2019interruzione volontaria di gravidanza ed educazione alla difesa nelle scuole.<\/p>\n<p>Orlando Masselli ha dichiarato che le idee di Vannacci sono \u00abper la maggior parte\u00bb le idee che condivide.<\/p>\n<p>Bene. Quali?<\/p>\n<p>Condivide l\u2019abrogazione delle unioni civili?<\/p>\n<p>Condivide le misure che costringerebbero l\u2019accesso all\u2019interruzione volontaria di gravidanza?<\/p>\n<p>Condivide l\u2019abolizione della fattispecie autonoma del delitto di femminicidio?<\/p>\n<p>Che cosa significa per lui tutelare il \u201cpatriarcato mediterraneo\u201d?<\/p>\n<p>E soprattutto: Queste idee entreranno nell&#8217;attivit\u00e0 del nuovo gruppo consiliare?<\/p>\n<p>Ma non deve rispondere soltanto Masselli.<\/p>\n<p>Nel 2023 lui fu il candidato sindaco di tutto il centrodestra ternano: Fratelli d\u2019Italia, Lega, Forza Italia e liste civiche, liberali e riformiste.<\/p>\n<p>Fu presentato alla citt\u00e0 come il punto di sintesi tra tutte queste componenti, comprese quelle che si definivano moderate.<\/p>\n<p>Forza Italia contribu\u00ec direttamente a costruire quella candidatura.<br \/>\nRaffaele Nevi, oggi portavoce nazionale del partito, si disse \u00abstra-convinto\u00bb e orgoglioso dell\u2019unit\u00e0 raggiunta intorno a Masselli.<\/p>\n<p>E oggi?<\/p>\n<p>Forza Italia si riconosce ancora nella scelta del candidato che sostenne per governare Terni?<\/p>\n<p>Raffaele Nevi considera il \u201cpatriarcato mediterraneo\u201d, la stretta sull\u2019aborto e l\u2019abrogazione delle unioni civili compatibili con una forza che si definisce liberale, europeista e moderata?<\/p>\n<p>E che cosa pensano la Lega, Fratelli d\u2019Italia e gli esponenti civici eletti dentro quella coalizione?<\/p>\n<p>Noi abbiamo scelto di parlare e di farlo con chiarezza.<\/p>\n<p>Continueremo a contrastare l\u2019amministrazione Bandecchi, ma stare entrambi all\u2019opposizione non significa avere la stessa idea di societ\u00e0.<\/p>\n<p>Parlano di famiglia, mentre troppe famiglie non arrivano alla fine del mese.<\/p>\n<p>Scelgono di concentrare il dibattito sull\u2019aborto e il \u201cpatriarcato mediterraneo\u201d<\/p>\n<p>Noi scegliamo un\u2019altra strada: difendere le libert\u00e0 conquistate e affrontare salari insufficienti, precariet\u00e0, sanit\u00e0, servizi pubblici e disuguaglianze.<\/p>\n<p>Il 4 settembre non baster\u00e0 presentare nomi, simboli e incarichi.<\/p>\n<p>Masselli dica quali idee di Vannacci condivide.<\/p>\n<p>Il centrodestra che lo sostenne dica se intende seguirlo o prenderne le distanze.<\/p>\n<p>Terni ha diritto di sapere quale progetto politico sta entrando a Palazzo Spada.<\/p>\n<p>Rifondazione Comunista non rester\u00e0 in silenzio.<br \/>\nFabio Laurucci<br \/>\nSegretario provinciale PRC Terni<\/p>\n","protected":false},"excerpt":{"rendered":"<p>Venerd\u00ec 4 settembre sar\u00e0 presentata a Palazzo Spada la nuova organizzazione ternana di Futuro Nazionale. Non \u00e8 un semplice cambio di simbolo. Dentro il Consiglio comunale entra il progetto politico di Roberto Vannacci: \u201cpatriarcato mediterraneo\u201d, abolizione della fattispecie autonoma del delitto di femminicidio, abrogazione delle unioni civili, stretta sull\u2019interruzione volontaria di gravidanza ed educazione alla<\/p>\n","protected":false},"author":9,"featured_media":11549,"comment_status":"closed","ping_status":"closed","sticky":false,"template":"","format":"standard","meta":{"footnotes":""},"categories":[25],"tags":[],"class_list":["post-11928","post","type-post","status-publish","format-standard","has-post-thumbnail","hentry","category-politica"],"yoast_head":"<!-- This site is optimized with the Yoast SEO plugin v28.4 - https:\/\/yoast.com\/product\/yoast-seo-wordpress\/ -->\n<title>Il progetto di Vannacci entra a Palazzo Spada. Adesso qualcuno deve rispondere - UmbriaLeft<\/title>\n<meta name=\"robots\" content=\"index, follow, max-snippet:-1, max-image-preview:large, max-video-preview:-1\" \/>\n<link rel=\"canonical\" href=\"https:\/\/www.umbrialeft.org\/index.php\/2026\/09\/02\/il-progetto-fi-vannacci-entra-a-palazzo-spada-adesso-qualcuno-deve-rispondere\/\" \/>\n<meta property=\"og:locale\" content=\"it_IT\" \/>\n<meta property=\"og:type\" content=\"article\" \/>\n<meta property=\"og:title\" content=\"Il progetto di Vannacci entra a Palazzo Spada. Adesso qualcuno deve rispondere - UmbriaLeft\" \/>\n<meta property=\"og:description\" content=\"Venerd\u00ec 4 settembre sar\u00e0 presentata a Palazzo Spada la nuova organizzazione ternana di Futuro Nazionale. Non \u00e8 un semplice cambio di simbolo. Dentro il Consiglio comunale entra il progetto politico di Roberto Vannacci: \u201cpatriarcato mediterraneo\u201d, abolizione della fattispecie autonoma del delitto di femminicidio, abrogazione delle unioni civili, stretta sull\u2019interruzione volontaria di gravidanza ed educazione alla\" \/>\n<meta property=\"og:url\" content=\"https:\/\/www.umbrialeft.org\/index.php\/2026\/09\/02\/il-progetto-fi-vannacci-entra-a-palazzo-spada-adesso-qualcuno-deve-rispondere\/\" \/>\n<meta property=\"og:site_name\" content=\"UmbriaLeft\" \/>\n<meta property=\"article:publisher\" content=\"https:\/\/www.facebook.com\/UmbriaLeft2004\" \/>\n<meta property=\"article:published_time\" content=\"2026-09-02T21:21:51+00:00\" \/>\n<meta property=\"article:modified_time\" content=\"2026-09-02T21:23:02+00:00\" \/>\n<meta property=\"og:image\" content=\"https:\/\/www.umbrialeft.org\/wp-content\/uploads\/2026\/08\/20260809_091527.jpg\" \/>\n\t<meta property=\"og:image:width\" content=\"874\" \/>\n\t<meta property=\"og:image:height\" content=\"472\" \/>\n\t<meta property=\"og:image:type\" content=\"image\/jpeg\" \/>\n<meta name=\"author\" content=\"Redazione Sport\" \/>\n<meta name=\"twitter:card\" content=\"summary_large_image\" \/>\n<meta name=\"twitter:label1\" content=\"Scritto da\" \/>\n\t<meta name=\"twitter:data1\" content=\"Redazione Sport\" \/>\n\t<meta name=\"twitter:label2\" content=\"Tempo di lettura stimato\" \/>\n\t<meta name=\"twitter:data2\" content=\"3 minuti\" \/>\n<script type=\"application\/ld+json\" class=\"yoast-schema-graph\">{\"@context\":\"https:\\\/\\\/schema.org\",\"@graph\":[{\"@type\":\"Article\",\"@id\":\"https:\\\/\\\/www.umbrialeft.org\\\/index.php\\\/2026\\\/09\\\/02\\\/il-progetto-fi-vannacci-entra-a-palazzo-spada-adesso-qualcuno-deve-rispondere\\\/#article\",\"isPartOf\":{\"@id\":\"https:\\\/\\\/www.umbrialeft.org\\\/index.php\\\/2026\\\/09\\\/02\\\/il-progetto-fi-vannacci-entra-a-palazzo-spada-adesso-qualcuno-deve-rispondere\\\/\"},\"author\":{\"name\":\"Redazione Sport\",\"@id\":\"https:\\\/\\\/www.umbrialeft.org\\\/#\\\/schema\\\/person\\\/3cd347327738635457ae3350802496c8\"},\"headline\":\"Il progetto di Vannacci entra a Palazzo Spada. Adesso qualcuno deve rispondere\",\"datePublished\":\"2026-09-02T21:21:51+00:00\",\"dateModified\":\"2026-09-02T21:23:02+00:00\",\"mainEntityOfPage\":{\"@id\":\"https:\\\/\\\/www.umbrialeft.org\\\/index.php\\\/2026\\\/09\\\/02\\\/il-progetto-fi-vannacci-entra-a-palazzo-spada-adesso-qualcuno-deve-rispondere\\\/\"},\"wordCount\":396,\"publisher\":{\"@id\":\"https:\\\/\\\/www.umbrialeft.org\\\/#organization\"},\"image\":{\"@id\":\"https:\\\/\\\/www.umbrialeft.org\\\/index.php\\\/2026\\\/09\\\/02\\\/il-progetto-fi-vannacci-entra-a-palazzo-spada-adesso-qualcuno-deve-rispondere\\\/#primaryimage\"},\"thumbnailUrl\":\"https:\\\/\\\/www.umbrialeft.org\\\/wp-content\\\/uploads\\\/2026\\\/08\\\/20260809_091527.jpg\",\"articleSection\":[\"Politica\"],\"inLanguage\":\"it-IT\"},{\"@type\":\"WebPage\",\"@id\":\"https:\\\/\\\/www.umbrialeft.org\\\/index.php\\\/2026\\\/09\\\/02\\\/il-progetto-fi-vannacci-entra-a-palazzo-spada-adesso-qualcuno-deve-rispondere\\\/\",\"url\":\"https:\\\/\\\/www.umbrialeft.org\\\/index.php\\\/2026\\\/09\\\/02\\\/il-progetto-fi-vannacci-entra-a-palazzo-spada-adesso-qualcuno-deve-rispondere\\\/\",\"name\":\"Il progetto di Vannacci entra a Palazzo Spada. Adesso qualcuno deve rispondere - UmbriaLeft\",\"isPartOf\":{\"@id\":\"https:\\\/\\\/www.umbrialeft.org\\\/#website\"},\"primaryImageOfPage\":{\"@id\":\"https:\\\/\\\/www.umbrialeft.org\\\/index.php\\\/2026\\\/09\\\/02\\\/il-progetto-fi-vannacci-entra-a-palazzo-spada-adesso-qualcuno-deve-rispondere\\\/#primaryimage\"},\"image\":{\"@id\":\"https:\\\/\\\/www.umbrialeft.org\\\/index.php\\\/2026\\\/09\\\/02\\\/il-progetto-fi-vannacci-entra-a-palazzo-spada-adesso-qualcuno-deve-rispondere\\\/#primaryimage\"},\"thumbnailUrl\":\"https:\\\/\\\/www.umbrialeft.org\\\/wp-content\\\/uploads\\\/2026\\\/08\\\/20260809_091527.jpg\",\"datePublished\":\"2026-09-02T21:21:51+00:00\",\"dateModified\":\"2026-09-02T21:23:02+00:00\",\"breadcrumb\":{\"@id\":\"https:\\\/\\\/www.umbrialeft.org\\\/index.php\\\/2026\\\/09\\\/02\\\/il-progetto-fi-vannacci-entra-a-palazzo-spada-adesso-qualcuno-deve-rispondere\\\/#breadcrumb\"},\"inLanguage\":\"it-IT\",\"potentialAction\":[{\"@type\":\"ReadAction\",\"target\":[\"https:\\\/\\\/www.umbrialeft.org\\\/index.php\\\/2026\\\/09\\\/02\\\/il-progetto-fi-vannacci-entra-a-palazzo-spada-adesso-qualcuno-deve-rispondere\\\/\"]}]},{\"@type\":\"ImageObject\",\"inLanguage\":\"it-IT\",\"@id\":\"https:\\\/\\\/www.umbrialeft.org\\\/index.php\\\/2026\\\/09\\\/02\\\/il-progetto-fi-vannacci-entra-a-palazzo-spada-adesso-qualcuno-deve-rispondere\\\/#primaryimage\",\"url\":\"https:\\\/\\\/www.umbrialeft.org\\\/wp-content\\\/uploads\\\/2026\\\/08\\\/20260809_091527.jpg\",\"contentUrl\":\"https:\\\/\\\/www.umbrialeft.org\\\/wp-content\\\/uploads\\\/2026\\\/08\\\/20260809_091527.jpg\",\"width\":874,\"height\":472},{\"@type\":\"BreadcrumbList\",\"@id\":\"https:\\\/\\\/www.umbrialeft.org\\\/index.php\\\/2026\\\/09\\\/02\\\/il-progetto-fi-vannacci-entra-a-palazzo-spada-adesso-qualcuno-deve-rispondere\\\/#breadcrumb\",\"itemListElement\":[{\"@type\":\"ListItem\",\"position\":1,\"name\":\"Home\",\"item\":\"https:\\\/\\\/www.umbrialeft.org\\\/\"},{\"@type\":\"ListItem\",\"position\":2,\"name\":\"Il progetto di Vannacci entra a Palazzo Spada. Adesso qualcuno deve rispondere\"}]},{\"@type\":\"WebSite\",\"@id\":\"https:\\\/\\\/www.umbrialeft.org\\\/#website\",\"url\":\"https:\\\/\\\/www.umbrialeft.org\\\/\",\"name\":\"UmbriaLeft\",\"description\":\"\",\"publisher\":{\"@id\":\"https:\\\/\\\/www.umbrialeft.org\\\/#organization\"},\"potentialAction\":[{\"@type\":\"SearchAction\",\"target\":{\"@type\":\"EntryPoint\",\"urlTemplate\":\"https:\\\/\\\/www.umbrialeft.org\\\/?s={search_term_string}\"},\"query-input\":{\"@type\":\"PropertyValueSpecification\",\"valueRequired\":true,\"valueName\":\"search_term_string\"}}],\"inLanguage\":\"it-IT\"},{\"@type\":\"Organization\",\"@id\":\"https:\\\/\\\/www.umbrialeft.org\\\/#organization\",\"name\":\"UmbriaLeft\",\"url\":\"https:\\\/\\\/www.umbrialeft.org\\\/\",\"logo\":{\"@type\":\"ImageObject\",\"inLanguage\":\"it-IT\",\"@id\":\"https:\\\/\\\/www.umbrialeft.org\\\/#\\\/schema\\\/logo\\\/image\\\/\",\"url\":\"https:\\\/\\\/www.umbrialeft.org\\\/wp-content\\\/uploads\\\/2025\\\/03\\\/community_logo-1.png\",\"contentUrl\":\"https:\\\/\\\/www.umbrialeft.org\\\/wp-content\\\/uploads\\\/2025\\\/03\\\/community_logo-1.png\",\"width\":517,\"height\":85,\"caption\":\"UmbriaLeft\"},\"image\":{\"@id\":\"https:\\\/\\\/www.umbrialeft.org\\\/#\\\/schema\\\/logo\\\/image\\\/\"},\"sameAs\":[\"https:\\\/\\\/www.facebook.com\\\/UmbriaLeft2004\"]},{\"@type\":\"Person\",\"@id\":\"https:\\\/\\\/www.umbrialeft.org\\\/#\\\/schema\\\/person\\\/3cd347327738635457ae3350802496c8\",\"name\":\"Redazione Sport\",\"image\":{\"@type\":\"ImageObject\",\"inLanguage\":\"it-IT\",\"@id\":\"https:\\\/\\\/secure.gravatar.com\\\/avatar\\\/74b0f182249a356dae511092001821a25a5103081374d6e26bb9f84233943602?s=96&d=mm&r=g\",\"url\":\"https:\\\/\\\/secure.gravatar.com\\\/avatar\\\/74b0f182249a356dae511092001821a25a5103081374d6e26bb9f84233943602?s=96&d=mm&r=g\",\"contentUrl\":\"https:\\\/\\\/secure.gravatar.com\\\/avatar\\\/74b0f182249a356dae511092001821a25a5103081374d6e26bb9f84233943602?s=96&d=mm&r=g\",\"caption\":\"Redazione Sport\"},\"url\":\"https:\\\/\\\/www.umbrialeft.org\\\/index.php\\\/author\\\/elio-clero-bertoldi\\\/\"}]}<\/script>\n<!-- \/ Yoast SEO plugin. -->","yoast_head_json":{"title":"Il progetto di Vannacci entra a Palazzo Spada. Adesso qualcuno deve rispondere - UmbriaLeft","robots":{"index":"index","follow":"follow","max-snippet":"max-snippet:-1","max-image-preview":"max-image-preview:large","max-video-preview":"max-video-preview:-1"},"canonical":"https:\/\/www.umbrialeft.org\/index.php\/2026\/09\/02\/il-progetto-fi-vannacci-entra-a-palazzo-spada-adesso-qualcuno-deve-rispondere\/","og_locale":"it_IT","og_type":"article","og_title":"Il progetto di Vannacci entra a Palazzo Spada. Adesso qualcuno deve rispondere - UmbriaLeft","og_description":"Venerd\u00ec 4 settembre sar\u00e0 presentata a Palazzo Spada la nuova organizzazione ternana di Futuro Nazionale. Non \u00e8 un semplice cambio di simbolo. Dentro il Consiglio comunale entra il progetto politico di Roberto Vannacci: \u201cpatriarcato mediterraneo\u201d, abolizione della fattispecie autonoma del delitto di femminicidio, abrogazione delle unioni civili, stretta sull\u2019interruzione volontaria di gravidanza ed educazione alla","og_url":"https:\/\/www.umbrialeft.org\/index.php\/2026\/09\/02\/il-progetto-fi-vannacci-entra-a-palazzo-spada-adesso-qualcuno-deve-rispondere\/","og_site_name":"UmbriaLeft","article_publisher":"https:\/\/www.facebook.com\/UmbriaLeft2004","article_published_time":"2026-09-02T21:21:51+00:00","article_modified_time":"2026-09-02T21:23:02+00:00","og_image":[{"width":874,"height":472,"url":"https:\/\/www.umbrialeft.org\/wp-content\/uploads\/2026\/08\/20260809_091527.jpg","type":"image\/jpeg"}],"author":"Redazione Sport","twitter_card":"summary_large_image","twitter_misc":{"Scritto da":"Redazione Sport","Tempo di lettura stimato":"3 minuti"},"schema":{"@context":"https:\/\/schema.org","@graph":[{"@type":"Article","@id":"https:\/\/www.umbrialeft.org\/index.php\/2026\/09\/02\/il-progetto-fi-vannacci-entra-a-palazzo-spada-adesso-qualcuno-deve-rispondere\/#article","isPartOf":{"@id":"https:\/\/www.umbrialeft.org\/index.php\/2026\/09\/02\/il-progetto-fi-vannacci-entra-a-palazzo-spada-adesso-qualcuno-deve-rispondere\/"},"author":{"name":"Redazione Sport","@id":"https:\/\/www.umbrialeft.org\/#\/schema\/person\/3cd347327738635457ae3350802496c8"},"headline":"Il progetto di Vannacci entra a Palazzo Spada. Adesso qualcuno deve rispondere","datePublished":"2026-09-02T21:21:51+00:00","dateModified":"2026-09-02T21:23:02+00:00","mainEntityOfPage":{"@id":"https:\/\/www.umbrialeft.org\/index.php\/2026\/09\/02\/il-progetto-fi-vannacci-entra-a-palazzo-spada-adesso-qualcuno-deve-rispondere\/"},"wordCount":396,"publisher":{"@id":"https:\/\/www.umbrialeft.org\/#organization"},"image":{"@id":"https:\/\/www.umbrialeft.org\/index.php\/2026\/09\/02\/il-progetto-fi-vannacci-entra-a-palazzo-spada-adesso-qualcuno-deve-rispondere\/#primaryimage"},"thumbnailUrl":"https:\/\/www.umbrialeft.org\/wp-content\/uploads\/2026\/08\/20260809_091527.jpg","articleSection":["Politica"],"inLanguage":"it-IT"},{"@type":"WebPage","@id":"https:\/\/www.umbrialeft.org\/index.php\/2026\/09\/02\/il-progetto-fi-vannacci-entra-a-palazzo-spada-adesso-qualcuno-deve-rispondere\/","url":"https:\/\/www.umbrialeft.org\/index.php\/2026\/09\/02\/il-progetto-fi-vannacci-entra-a-palazzo-spada-adesso-qualcuno-deve-rispondere\/","name":"Il progetto di Vannacci entra a Palazzo Spada. Adesso qualcuno deve rispondere - UmbriaLeft","isPartOf":{"@id":"https:\/\/www.umbrialeft.org\/#website"},"primaryImageOfPage":{"@id":"https:\/\/www.umbrialeft.org\/index.php\/2026\/09\/02\/il-progetto-fi-vannacci-entra-a-palazzo-spada-adesso-qualcuno-deve-rispondere\/#primaryimage"},"image":{"@id":"https:\/\/www.umbrialeft.org\/index.php\/2026\/09\/02\/il-progetto-fi-vannacci-entra-a-palazzo-spada-adesso-qualcuno-deve-rispondere\/#primaryimage"},"thumbnailUrl":"https:\/\/www.umbrialeft.org\/wp-content\/uploads\/2026\/08\/20260809_091527.jpg","datePublished":"2026-09-02T21:21:51+00:00","dateModified":"2026-09-02T21:23:02+00:00","breadcrumb":{"@id":"https:\/\/www.umbrialeft.org\/index.php\/2026\/09\/02\/il-progetto-fi-vannacci-entra-a-palazzo-spada-adesso-qualcuno-deve-rispondere\/#breadcrumb"},"inLanguage":"it-IT","potentialAction":[{"@type":"ReadAction","target":["https:\/\/www.umbrialeft.org\/index.php\/2026\/09\/02\/il-progetto-fi-vannacci-entra-a-palazzo-spada-adesso-qualcuno-deve-rispondere\/"]}]},{"@type":"ImageObject","inLanguage":"it-IT","@id":"https:\/\/www.umbrialeft.org\/index.php\/2026\/09\/02\/il-progetto-fi-vannacci-entra-a-palazzo-spada-adesso-qualcuno-deve-rispondere\/#primaryimage","url":"https:\/\/www.umbrialeft.org\/wp-content\/uploads\/2026\/08\/20260809_091527.jpg","contentUrl":"https:\/\/www.umbrialeft.org\/wp-content\/uploads\/2026\/08\/20260809_091527.jpg","width":874,"height":472},{"@type":"BreadcrumbList","@id":"https:\/\/www.umbrialeft.org\/index.php\/2026\/09\/02\/il-progetto-fi-vannacci-entra-a-palazzo-spada-adesso-qualcuno-deve-rispondere\/#breadcrumb","itemListElement":[{"@type":"ListItem","position":1,"name":"Home","item":"https:\/\/www.umbrialeft.org\/"},{"@type":"ListItem","position":2,"name":"Il progetto di Vannacci entra a Palazzo Spada. Adesso qualcuno deve rispondere"}]},{"@type":"WebSite","@id":"https:\/\/www.umbrialeft.org\/#website","url":"https:\/\/www.umbrialeft.org\/","name":"UmbriaLeft","description":"","publisher":{"@id":"https:\/\/www.umbrialeft.org\/#organization"},"potentialAction":[{"@type":"SearchAction","target":{"@type":"EntryPoint","urlTemplate":"https:\/\/www.umbrialeft.org\/?s={search_term_string}"},"query-input":{"@type":"PropertyValueSpecification","valueRequired":true,"valueName":"search_term_string"}}],"inLanguage":"it-IT"},{"@type":"Organization","@id":"https:\/\/www.umbrialeft.org\/#organization","name":"UmbriaLeft","url":"https:\/\/www.umbrialeft.org\/","logo":{"@type":"ImageObject","inLanguage":"it-IT","@id":"https:\/\/www.umbrialeft.org\/#\/schema\/logo\/image\/","url":"https:\/\/www.umbrialeft.org\/wp-content\/uploads\/2025\/03\/community_logo-1.png","contentUrl":"https:\/\/www.umbrialeft.org\/wp-content\/uploads\/2025\/03\/community_logo-1.png","width":517,"height":85,"caption":"UmbriaLeft"},"image":{"@id":"https:\/\/www.umbrialeft.org\/#\/schema\/logo\/image\/"},"sameAs":["https:\/\/www.facebook.com\/UmbriaLeft2004"]},{"@type":"Person","@id":"https:\/\/www.umbrialeft.org\/#\/schema\/person\/3cd347327738635457ae3350802496c8","name":"Redazione Sport","image":{"@type":"ImageObject","inLanguage":"it-IT","@id":"https:\/\/secure.gravatar.com\/avatar\/74b0f182249a356dae511092001821a25a5103081374d6e26bb9f84233943602?s=96&d=mm&r=g","url":"https:\/\/secure.gravatar.com\/avatar\/74b0f182249a356dae511092001821a25a5103081374d6e26bb9f84233943602?s=96&d=mm&r=g","contentUrl":"https:\/\/secure.gravatar.com\/avatar\/74b0f182249a356dae511092001821a25a5103081374d6e26bb9f84233943602?s=96&d=mm&r=g","caption":"Redazione Sport"},"url":"https:\/\/www.umbrialeft.org\/index.php\/author\/elio-clero-bertoldi\/"}]}},"blog_post_layout_featured_media_urls":{"thumbnail":["https:\/\/www.umbrialeft.org\/wp-content\/uploads\/2026\/08\/20260809_091527-150x150.jpg",150,150,true],"full":["https:\/\/www.umbrialeft.org\/wp-content\/uploads\/2026\/08\/20260809_091527.jpg",874,472,false]},"categories_names":{"25":{"name":"Politica","link":"https:\/\/www.umbrialeft.org\/index.php\/category\/politica\/"}},"tags_names":[],"comments_number":"0","wpmagazine_modules_lite_featured_media_urls":{"thumbnail":["https:\/\/www.umbrialeft.org\/wp-content\/uploads\/2026\/08\/20260809_091527-150x150.jpg",150,150,true],"cvmm-medium":["https:\/\/www.umbrialeft.org\/wp-content\/uploads\/2026\/08\/20260809_091527-300x300.jpg",300,300,true],"cvmm-medium-plus":["https:\/\/www.umbrialeft.org\/wp-content\/uploads\/2026\/08\/20260809_091527-305x207.jpg",305,207,true],"cvmm-portrait":["https:\/\/www.umbrialeft.org\/wp-content\/uploads\/2026\/08\/20260809_091527-400x472.jpg",400,472,true],"cvmm-medium-square":["https:\/\/www.umbrialeft.org\/wp-content\/uploads\/2026\/08\/20260809_091527-600x472.jpg",600,472,true],"cvmm-large":["https:\/\/www.umbrialeft.org\/wp-content\/uploads\/2026\/08\/20260809_091527.jpg",874,472,false],"cvmm-small":["https:\/\/www.umbrialeft.org\/wp-content\/uploads\/2026\/08\/20260809_091527-130x95.jpg",130,95,true],"full":["https:\/\/www.umbrialeft.org\/wp-content\/uploads\/2026\/08\/20260809_091527.jpg",874,472,false]},"_links":{"self":[{"href":"https:\/\/www.umbrialeft.org\/index.php\/wp-json\/wp\/v2\/posts\/11928","targetHints":{"allow":["GET"]}}],"collection":[{"href":"https:\/\/www.umbrialeft.org\/index.php\/wp-json\/wp\/v2\/posts"}],"about":[{"href":"https:\/\/www.umbrialeft.org\/index.php\/wp-json\/wp\/v2\/types\/post"}],"author":[{"embeddable":true,"href":"https:\/\/www.umbrialeft.org\/index.php\/wp-json\/wp\/v2\/users\/9"}],"replies":[{"embeddable":true,"href":"https:\/\/www.umbrialeft.org\/index.php\/wp-json\/wp\/v2\/comments?post=11928"}],"version-history":[{"count":2,"href":"https:\/\/www.umbrialeft.org\/index.php\/wp-json\/wp\/v2\/posts\/11928\/revisions"}],"predecessor-version":[{"id":11930,"href":"https:\/\/www.umbrialeft.org\/index.php\/wp-json\/wp\/v2\/posts\/11928\/revisions\/11930"}],"wp:featuredmedia":[{"embeddable":true,"href":"https:\/\/www.umbrialeft.org\/index.php\/wp-json\/wp\/v2\/media\/11549"}],"wp:attachment":[{"href":"https:\/\/www.umbrialeft.org\/index.php\/wp-json\/wp\/v2\/media?parent=11928"}],"wp:term":[{"taxonomy":"category","embeddable":true,"href":"https:\/\/www.umbrialeft.org\/index.php\/wp-json\/wp\/v2\/categories?post=11928"},{"taxonomy":"post_tag","embeddable":true,"href":"https:\/\/www.umbrialeft.org\/index.php\/wp-json\/wp\/v2\/tags?post=11928"}],"curies":[{"name":"wp","href":"https:\/\/api.w.org\/{rel}","templated":true}]}}