{"id":11936,"date":"2026-09-03T14:09:10","date_gmt":"2026-09-03T12:09:10","guid":{"rendered":"https:\/\/www.umbrialeft.org\/?p=11936"},"modified":"2026-09-03T14:09:11","modified_gmt":"2026-09-03T12:09:11","slug":"il-vice-ambasciatore-di-germania-benjamin-hanna-in-umbria-visita-istituzionale-il-9-settembre","status":"publish","type":"post","link":"https:\/\/www.umbrialeft.org\/index.php\/2026\/09\/03\/il-vice-ambasciatore-di-germania-benjamin-hanna-in-umbria-visita-istituzionale-il-9-settembre\/","title":{"rendered":"Il vice ambasciatore di Germania, Benjamin Hanna, in Umbria: visita istituzionale il 9 settembre"},"content":{"rendered":"\n<h2 class=\"wp-block-heading\"><strong><em>Ospite del Festival delle Nazioni a Citt\u00e0 di Castello. Incontri a Perugia con la sindaca Ferdinandi e la presidente della Regione Umbria Proietti e a Citt\u00e0 di Castello con il sindaco Secondi<\/em><\/strong><\/h2>\n\n\n\n<p class=\"wp-block-paragraph\"><strong><em>e la presidente della Regione Umbria Proietti e a Citt\u00e0 di Castello con il sindaco Secondi<\/em><\/strong><\/p>\n\n\n\n<p class=\"wp-block-paragraph\">(AVInews) \u2013 Perugia, 3 sett. \u2013 \u00c8 prevista per mercoled\u00ec 9 settembre a Perugia e a Citt\u00e0 di Castello la visita istituzionale di Benjamin Hanna, vice ambasciatore della Repubblica Federale di Germania in Italia. Nell\u2019ambito della sua partecipazione come ospite della 59\u00aa edizione del Festival delle Nazioni di Citt\u00e0 di Castello, che quest\u2019anno dedicher\u00e0 la propria programmazione alla Repubblica Federale di Germania, il vice ambasciatore coglier\u00e0 l\u2019occasione del suo viaggio in Umbria per svolgere diversi incontri istituzionali con importanti cariche della Regione, tra cui la presidente della Regione Umbria Stefania Proietti, la sindaca di Perugia Vittoria Ferdinandi e il magnifico rettore dell\u2019Universit\u00e0 degli Studi di Perugia Massimiliano Marianelli. A Citt\u00e0 di Castello il vice ambasciatore Hanna avr\u00e0 l\u2019onore di incontrare il sindaco Luca Secondi insieme alla presidente del Festival delle Nazioni Silvia Polidori.<\/p>\n","protected":false},"excerpt":{"rendered":"<p>Ospite del Festival delle Nazioni a Citt\u00e0 di Castello. Incontri a Perugia con la sindaca Ferdinandi e la presidente della Regione Umbria Proietti e a Citt\u00e0 di Castello con il sindaco Secondi e la presidente della Regione Umbria Proietti e a Citt\u00e0 di Castello con il sindaco Secondi (AVInews) \u2013 Perugia, 3 sett. \u2013 \u00c8<\/p>\n","protected":false},"author":8,"featured_media":11937,"comment_status":"closed","ping_status":"closed","sticky":false,"template":"","format":"standard","meta":{"footnotes":""},"categories":[342],"tags":[],"class_list":["post-11936","post","type-post","status-publish","format-standard","has-post-thumbnail","hentry","category-attualita"],"yoast_head":"<!-- This site is optimized with the Yoast SEO plugin v28.4 - https:\/\/yoast.com\/product\/yoast-seo-wordpress\/ -->\n<title>Il vice ambasciatore di Germania, Benjamin Hanna, in Umbria: visita istituzionale il 9 settembre - UmbriaLeft<\/title>\n<meta name=\"robots\" content=\"index, follow, max-snippet:-1, max-image-preview:large, max-video-preview:-1\" \/>\n<link rel=\"canonical\" href=\"https:\/\/www.umbrialeft.org\/index.php\/2026\/09\/03\/il-vice-ambasciatore-di-germania-benjamin-hanna-in-umbria-visita-istituzionale-il-9-settembre\/\" \/>\n<meta property=\"og:locale\" content=\"it_IT\" \/>\n<meta property=\"og:type\" content=\"article\" \/>\n<meta property=\"og:title\" content=\"Il vice ambasciatore di Germania, Benjamin Hanna, in Umbria: visita istituzionale il 9 settembre - UmbriaLeft\" \/>\n<meta property=\"og:description\" content=\"Ospite del Festival delle Nazioni a Citt\u00e0 di Castello. Incontri a Perugia con la sindaca Ferdinandi e la presidente della Regione Umbria Proietti e a Citt\u00e0 di Castello con il sindaco Secondi e la presidente della Regione Umbria Proietti e a Citt\u00e0 di Castello con il sindaco Secondi (AVInews) \u2013 Perugia, 3 sett. \u2013 \u00c8\" \/>\n<meta property=\"og:url\" content=\"https:\/\/www.umbrialeft.org\/index.php\/2026\/09\/03\/il-vice-ambasciatore-di-germania-benjamin-hanna-in-umbria-visita-istituzionale-il-9-settembre\/\" \/>\n<meta property=\"og:site_name\" content=\"UmbriaLeft\" \/>\n<meta property=\"article:publisher\" content=\"https:\/\/www.facebook.com\/UmbriaLeft2004\" \/>\n<meta property=\"article:published_time\" content=\"2026-09-03T12:09:10+00:00\" \/>\n<meta property=\"article:modified_time\" content=\"2026-09-03T12:09:11+00:00\" \/>\n<meta property=\"og:image\" content=\"https:\/\/www.umbrialeft.org\/wp-content\/uploads\/2026\/09\/Perugia.jpg\" \/>\n\t<meta property=\"og:image:width\" content=\"1920\" \/>\n\t<meta property=\"og:image:height\" content=\"1080\" \/>\n\t<meta property=\"og:image:type\" content=\"image\/jpeg\" \/>\n<meta name=\"author\" content=\"Nicola81\" \/>\n<meta name=\"twitter:card\" content=\"summary_large_image\" \/>\n<meta name=\"twitter:label1\" content=\"Scritto da\" \/>\n\t<meta name=\"twitter:data1\" content=\"Nicola81\" \/>\n\t<meta name=\"twitter:label2\" content=\"Tempo di lettura stimato\" \/>\n\t<meta name=\"twitter:data2\" content=\"2 minuti\" \/>\n<script type=\"application\/ld+json\" class=\"yoast-schema-graph\">{\"@context\":\"https:\\\/\\\/schema.org\",\"@graph\":[{\"@type\":\"Article\",\"@id\":\"https:\\\/\\\/www.umbrialeft.org\\\/index.php\\\/2026\\\/09\\\/03\\\/il-vice-ambasciatore-di-germania-benjamin-hanna-in-umbria-visita-istituzionale-il-9-settembre\\\/#article\",\"isPartOf\":{\"@id\":\"https:\\\/\\\/www.umbrialeft.org\\\/index.php\\\/2026\\\/09\\\/03\\\/il-vice-ambasciatore-di-germania-benjamin-hanna-in-umbria-visita-istituzionale-il-9-settembre\\\/\"},\"author\":{\"name\":\"Nicola81\",\"@id\":\"https:\\\/\\\/www.umbrialeft.org\\\/#\\\/schema\\\/person\\\/556bd3a44a8a07e2070b7a419cdc18ac\"},\"headline\":\"Il vice ambasciatore di Germania, Benjamin Hanna, in Umbria: visita istituzionale il 9 settembre\",\"datePublished\":\"2026-09-03T12:09:10+00:00\",\"dateModified\":\"2026-09-03T12:09:11+00:00\",\"mainEntityOfPage\":{\"@id\":\"https:\\\/\\\/www.umbrialeft.org\\\/index.php\\\/2026\\\/09\\\/03\\\/il-vice-ambasciatore-di-germania-benjamin-hanna-in-umbria-visita-istituzionale-il-9-settembre\\\/\"},\"wordCount\":193,\"publisher\":{\"@id\":\"https:\\\/\\\/www.umbrialeft.org\\\/#organization\"},\"image\":{\"@id\":\"https:\\\/\\\/www.umbrialeft.org\\\/index.php\\\/2026\\\/09\\\/03\\\/il-vice-ambasciatore-di-germania-benjamin-hanna-in-umbria-visita-istituzionale-il-9-settembre\\\/#primaryimage\"},\"thumbnailUrl\":\"https:\\\/\\\/www.umbrialeft.org\\\/wp-content\\\/uploads\\\/2026\\\/09\\\/Perugia.jpg\",\"articleSection\":[\"Attualit\u00e0\"],\"inLanguage\":\"it-IT\"},{\"@type\":\"WebPage\",\"@id\":\"https:\\\/\\\/www.umbrialeft.org\\\/index.php\\\/2026\\\/09\\\/03\\\/il-vice-ambasciatore-di-germania-benjamin-hanna-in-umbria-visita-istituzionale-il-9-settembre\\\/\",\"url\":\"https:\\\/\\\/www.umbrialeft.org\\\/index.php\\\/2026\\\/09\\\/03\\\/il-vice-ambasciatore-di-germania-benjamin-hanna-in-umbria-visita-istituzionale-il-9-settembre\\\/\",\"name\":\"Il vice ambasciatore di Germania, Benjamin Hanna, in Umbria: visita istituzionale il 9 settembre - UmbriaLeft\",\"isPartOf\":{\"@id\":\"https:\\\/\\\/www.umbrialeft.org\\\/#website\"},\"primaryImageOfPage\":{\"@id\":\"https:\\\/\\\/www.umbrialeft.org\\\/index.php\\\/2026\\\/09\\\/03\\\/il-vice-ambasciatore-di-germania-benjamin-hanna-in-umbria-visita-istituzionale-il-9-settembre\\\/#primaryimage\"},\"image\":{\"@id\":\"https:\\\/\\\/www.umbrialeft.org\\\/index.php\\\/2026\\\/09\\\/03\\\/il-vice-ambasciatore-di-germania-benjamin-hanna-in-umbria-visita-istituzionale-il-9-settembre\\\/#primaryimage\"},\"thumbnailUrl\":\"https:\\\/\\\/www.umbrialeft.org\\\/wp-content\\\/uploads\\\/2026\\\/09\\\/Perugia.jpg\",\"datePublished\":\"2026-09-03T12:09:10+00:00\",\"dateModified\":\"2026-09-03T12:09:11+00:00\",\"breadcrumb\":{\"@id\":\"https:\\\/\\\/www.umbrialeft.org\\\/index.php\\\/2026\\\/09\\\/03\\\/il-vice-ambasciatore-di-germania-benjamin-hanna-in-umbria-visita-istituzionale-il-9-settembre\\\/#breadcrumb\"},\"inLanguage\":\"it-IT\",\"potentialAction\":[{\"@type\":\"ReadAction\",\"target\":[\"https:\\\/\\\/www.umbrialeft.org\\\/index.php\\\/2026\\\/09\\\/03\\\/il-vice-ambasciatore-di-germania-benjamin-hanna-in-umbria-visita-istituzionale-il-9-settembre\\\/\"]}]},{\"@type\":\"ImageObject\",\"inLanguage\":\"it-IT\",\"@id\":\"https:\\\/\\\/www.umbrialeft.org\\\/index.php\\\/2026\\\/09\\\/03\\\/il-vice-ambasciatore-di-germania-benjamin-hanna-in-umbria-visita-istituzionale-il-9-settembre\\\/#primaryimage\",\"url\":\"https:\\\/\\\/www.umbrialeft.org\\\/wp-content\\\/uploads\\\/2026\\\/09\\\/Perugia.jpg\",\"contentUrl\":\"https:\\\/\\\/www.umbrialeft.org\\\/wp-content\\\/uploads\\\/2026\\\/09\\\/Perugia.jpg\",\"width\":1920,\"height\":1080},{\"@type\":\"BreadcrumbList\",\"@id\":\"https:\\\/\\\/www.umbrialeft.org\\\/index.php\\\/2026\\\/09\\\/03\\\/il-vice-ambasciatore-di-germania-benjamin-hanna-in-umbria-visita-istituzionale-il-9-settembre\\\/#breadcrumb\",\"itemListElement\":[{\"@type\":\"ListItem\",\"position\":1,\"name\":\"Home\",\"item\":\"https:\\\/\\\/www.umbrialeft.org\\\/\"},{\"@type\":\"ListItem\",\"position\":2,\"name\":\"Il vice ambasciatore di Germania, Benjamin Hanna, in Umbria: visita istituzionale il 9 settembre\"}]},{\"@type\":\"WebSite\",\"@id\":\"https:\\\/\\\/www.umbrialeft.org\\\/#website\",\"url\":\"https:\\\/\\\/www.umbrialeft.org\\\/\",\"name\":\"UmbriaLeft\",\"description\":\"\",\"publisher\":{\"@id\":\"https:\\\/\\\/www.umbrialeft.org\\\/#organization\"},\"potentialAction\":[{\"@type\":\"SearchAction\",\"target\":{\"@type\":\"EntryPoint\",\"urlTemplate\":\"https:\\\/\\\/www.umbrialeft.org\\\/?s={search_term_string}\"},\"query-input\":{\"@type\":\"PropertyValueSpecification\",\"valueRequired\":true,\"valueName\":\"search_term_string\"}}],\"inLanguage\":\"it-IT\"},{\"@type\":\"Organization\",\"@id\":\"https:\\\/\\\/www.umbrialeft.org\\\/#organization\",\"name\":\"UmbriaLeft\",\"url\":\"https:\\\/\\\/www.umbrialeft.org\\\/\",\"logo\":{\"@type\":\"ImageObject\",\"inLanguage\":\"it-IT\",\"@id\":\"https:\\\/\\\/www.umbrialeft.org\\\/#\\\/schema\\\/logo\\\/image\\\/\",\"url\":\"https:\\\/\\\/www.umbrialeft.org\\\/wp-content\\\/uploads\\\/2025\\\/03\\\/community_logo-1.png\",\"contentUrl\":\"https:\\\/\\\/www.umbrialeft.org\\\/wp-content\\\/uploads\\\/2025\\\/03\\\/community_logo-1.png\",\"width\":517,\"height\":85,\"caption\":\"UmbriaLeft\"},\"image\":{\"@id\":\"https:\\\/\\\/www.umbrialeft.org\\\/#\\\/schema\\\/logo\\\/image\\\/\"},\"sameAs\":[\"https:\\\/\\\/www.facebook.com\\\/UmbriaLeft2004\"]},{\"@type\":\"Person\",\"@id\":\"https:\\\/\\\/www.umbrialeft.org\\\/#\\\/schema\\\/person\\\/556bd3a44a8a07e2070b7a419cdc18ac\",\"name\":\"Nicola81\",\"image\":{\"@type\":\"ImageObject\",\"inLanguage\":\"it-IT\",\"@id\":\"https:\\\/\\\/secure.gravatar.com\\\/avatar\\\/0cc11ef7d37e4c3709d5db9269d6d2d459b71fe080f18f30593534d61156d537?s=96&d=mm&r=g\",\"url\":\"https:\\\/\\\/secure.gravatar.com\\\/avatar\\\/0cc11ef7d37e4c3709d5db9269d6d2d459b71fe080f18f30593534d61156d537?s=96&d=mm&r=g\",\"contentUrl\":\"https:\\\/\\\/secure.gravatar.com\\\/avatar\\\/0cc11ef7d37e4c3709d5db9269d6d2d459b71fe080f18f30593534d61156d537?s=96&d=mm&r=g\",\"caption\":\"Nicola81\"},\"url\":\"https:\\\/\\\/www.umbrialeft.org\\\/index.php\\\/author\\\/nicola81\\\/\"}]}<\/script>\n<!-- \/ Yoast SEO plugin. -->","yoast_head_json":{"title":"Il vice ambasciatore di Germania, Benjamin Hanna, in Umbria: visita istituzionale il 9 settembre - UmbriaLeft","robots":{"index":"index","follow":"follow","max-snippet":"max-snippet:-1","max-image-preview":"max-image-preview:large","max-video-preview":"max-video-preview:-1"},"canonical":"https:\/\/www.umbrialeft.org\/index.php\/2026\/09\/03\/il-vice-ambasciatore-di-germania-benjamin-hanna-in-umbria-visita-istituzionale-il-9-settembre\/","og_locale":"it_IT","og_type":"article","og_title":"Il vice ambasciatore di Germania, Benjamin Hanna, in Umbria: visita istituzionale il 9 settembre - UmbriaLeft","og_description":"Ospite del Festival delle Nazioni a Citt\u00e0 di Castello. Incontri a Perugia con la sindaca Ferdinandi e la presidente della Regione Umbria Proietti e a Citt\u00e0 di Castello con il sindaco Secondi e la presidente della Regione Umbria Proietti e a Citt\u00e0 di Castello con il sindaco Secondi (AVInews) \u2013 Perugia, 3 sett. \u2013 \u00c8","og_url":"https:\/\/www.umbrialeft.org\/index.php\/2026\/09\/03\/il-vice-ambasciatore-di-germania-benjamin-hanna-in-umbria-visita-istituzionale-il-9-settembre\/","og_site_name":"UmbriaLeft","article_publisher":"https:\/\/www.facebook.com\/UmbriaLeft2004","article_published_time":"2026-09-03T12:09:10+00:00","article_modified_time":"2026-09-03T12:09:11+00:00","og_image":[{"width":1920,"height":1080,"url":"https:\/\/www.umbrialeft.org\/wp-content\/uploads\/2026\/09\/Perugia.jpg","type":"image\/jpeg"}],"author":"Nicola81","twitter_card":"summary_large_image","twitter_misc":{"Scritto da":"Nicola81","Tempo di lettura stimato":"2 minuti"},"schema":{"@context":"https:\/\/schema.org","@graph":[{"@type":"Article","@id":"https:\/\/www.umbrialeft.org\/index.php\/2026\/09\/03\/il-vice-ambasciatore-di-germania-benjamin-hanna-in-umbria-visita-istituzionale-il-9-settembre\/#article","isPartOf":{"@id":"https:\/\/www.umbrialeft.org\/index.php\/2026\/09\/03\/il-vice-ambasciatore-di-germania-benjamin-hanna-in-umbria-visita-istituzionale-il-9-settembre\/"},"author":{"name":"Nicola81","@id":"https:\/\/www.umbrialeft.org\/#\/schema\/person\/556bd3a44a8a07e2070b7a419cdc18ac"},"headline":"Il vice ambasciatore di Germania, Benjamin Hanna, in Umbria: visita istituzionale il 9 settembre","datePublished":"2026-09-03T12:09:10+00:00","dateModified":"2026-09-03T12:09:11+00:00","mainEntityOfPage":{"@id":"https:\/\/www.umbrialeft.org\/index.php\/2026\/09\/03\/il-vice-ambasciatore-di-germania-benjamin-hanna-in-umbria-visita-istituzionale-il-9-settembre\/"},"wordCount":193,"publisher":{"@id":"https:\/\/www.umbrialeft.org\/#organization"},"image":{"@id":"https:\/\/www.umbrialeft.org\/index.php\/2026\/09\/03\/il-vice-ambasciatore-di-germania-benjamin-hanna-in-umbria-visita-istituzionale-il-9-settembre\/#primaryimage"},"thumbnailUrl":"https:\/\/www.umbrialeft.org\/wp-content\/uploads\/2026\/09\/Perugia.jpg","articleSection":["Attualit\u00e0"],"inLanguage":"it-IT"},{"@type":"WebPage","@id":"https:\/\/www.umbrialeft.org\/index.php\/2026\/09\/03\/il-vice-ambasciatore-di-germania-benjamin-hanna-in-umbria-visita-istituzionale-il-9-settembre\/","url":"https:\/\/www.umbrialeft.org\/index.php\/2026\/09\/03\/il-vice-ambasciatore-di-germania-benjamin-hanna-in-umbria-visita-istituzionale-il-9-settembre\/","name":"Il vice ambasciatore di Germania, Benjamin Hanna, in Umbria: visita istituzionale il 9 settembre - UmbriaLeft","isPartOf":{"@id":"https:\/\/www.umbrialeft.org\/#website"},"primaryImageOfPage":{"@id":"https:\/\/www.umbrialeft.org\/index.php\/2026\/09\/03\/il-vice-ambasciatore-di-germania-benjamin-hanna-in-umbria-visita-istituzionale-il-9-settembre\/#primaryimage"},"image":{"@id":"https:\/\/www.umbrialeft.org\/index.php\/2026\/09\/03\/il-vice-ambasciatore-di-germania-benjamin-hanna-in-umbria-visita-istituzionale-il-9-settembre\/#primaryimage"},"thumbnailUrl":"https:\/\/www.umbrialeft.org\/wp-content\/uploads\/2026\/09\/Perugia.jpg","datePublished":"2026-09-03T12:09:10+00:00","dateModified":"2026-09-03T12:09:11+00:00","breadcrumb":{"@id":"https:\/\/www.umbrialeft.org\/index.php\/2026\/09\/03\/il-vice-ambasciatore-di-germania-benjamin-hanna-in-umbria-visita-istituzionale-il-9-settembre\/#breadcrumb"},"inLanguage":"it-IT","potentialAction":[{"@type":"ReadAction","target":["https:\/\/www.umbrialeft.org\/index.php\/2026\/09\/03\/il-vice-ambasciatore-di-germania-benjamin-hanna-in-umbria-visita-istituzionale-il-9-settembre\/"]}]},{"@type":"ImageObject","inLanguage":"it-IT","@id":"https:\/\/www.umbrialeft.org\/index.php\/2026\/09\/03\/il-vice-ambasciatore-di-germania-benjamin-hanna-in-umbria-visita-istituzionale-il-9-settembre\/#primaryimage","url":"https:\/\/www.umbrialeft.org\/wp-content\/uploads\/2026\/09\/Perugia.jpg","contentUrl":"https:\/\/www.umbrialeft.org\/wp-content\/uploads\/2026\/09\/Perugia.jpg","width":1920,"height":1080},{"@type":"BreadcrumbList","@id":"https:\/\/www.umbrialeft.org\/index.php\/2026\/09\/03\/il-vice-ambasciatore-di-germania-benjamin-hanna-in-umbria-visita-istituzionale-il-9-settembre\/#breadcrumb","itemListElement":[{"@type":"ListItem","position":1,"name":"Home","item":"https:\/\/www.umbrialeft.org\/"},{"@type":"ListItem","position":2,"name":"Il vice ambasciatore di Germania, Benjamin Hanna, in Umbria: visita istituzionale il 9 settembre"}]},{"@type":"WebSite","@id":"https:\/\/www.umbrialeft.org\/#website","url":"https:\/\/www.umbrialeft.org\/","name":"UmbriaLeft","description":"","publisher":{"@id":"https:\/\/www.umbrialeft.org\/#organization"},"potentialAction":[{"@type":"SearchAction","target":{"@type":"EntryPoint","urlTemplate":"https:\/\/www.umbrialeft.org\/?s={search_term_string}"},"query-input":{"@type":"PropertyValueSpecification","valueRequired":true,"valueName":"search_term_string"}}],"inLanguage":"it-IT"},{"@type":"Organization","@id":"https:\/\/www.umbrialeft.org\/#organization","name":"UmbriaLeft","url":"https:\/\/www.umbrialeft.org\/","logo":{"@type":"ImageObject","inLanguage":"it-IT","@id":"https:\/\/www.umbrialeft.org\/#\/schema\/logo\/image\/","url":"https:\/\/www.umbrialeft.org\/wp-content\/uploads\/2025\/03\/community_logo-1.png","contentUrl":"https:\/\/www.umbrialeft.org\/wp-content\/uploads\/2025\/03\/community_logo-1.png","width":517,"height":85,"caption":"UmbriaLeft"},"image":{"@id":"https:\/\/www.umbrialeft.org\/#\/schema\/logo\/image\/"},"sameAs":["https:\/\/www.facebook.com\/UmbriaLeft2004"]},{"@type":"Person","@id":"https:\/\/www.umbrialeft.org\/#\/schema\/person\/556bd3a44a8a07e2070b7a419cdc18ac","name":"Nicola81","image":{"@type":"ImageObject","inLanguage":"it-IT","@id":"https:\/\/secure.gravatar.com\/avatar\/0cc11ef7d37e4c3709d5db9269d6d2d459b71fe080f18f30593534d61156d537?s=96&d=mm&r=g","url":"https:\/\/secure.gravatar.com\/avatar\/0cc11ef7d37e4c3709d5db9269d6d2d459b71fe080f18f30593534d61156d537?s=96&d=mm&r=g","contentUrl":"https:\/\/secure.gravatar.com\/avatar\/0cc11ef7d37e4c3709d5db9269d6d2d459b71fe080f18f30593534d61156d537?s=96&d=mm&r=g","caption":"Nicola81"},"url":"https:\/\/www.umbrialeft.org\/index.php\/author\/nicola81\/"}]}},"blog_post_layout_featured_media_urls":{"thumbnail":["https:\/\/www.umbrialeft.org\/wp-content\/uploads\/2026\/09\/Perugia-150x150.jpg",150,150,true],"full":["https:\/\/www.umbrialeft.org\/wp-content\/uploads\/2026\/09\/Perugia.jpg",1920,1080,false]},"categories_names":{"342":{"name":"Attualit\u00e0","link":"https:\/\/www.umbrialeft.org\/index.php\/category\/attualita\/"}},"tags_names":[],"comments_number":"0","wpmagazine_modules_lite_featured_media_urls":{"thumbnail":["https:\/\/www.umbrialeft.org\/wp-content\/uploads\/2026\/09\/Perugia-150x150.jpg",150,150,true],"cvmm-medium":["https:\/\/www.umbrialeft.org\/wp-content\/uploads\/2026\/09\/Perugia-300x300.jpg",300,300,true],"cvmm-medium-plus":["https:\/\/www.umbrialeft.org\/wp-content\/uploads\/2026\/09\/Perugia-305x207.jpg",305,207,true],"cvmm-portrait":["https:\/\/www.umbrialeft.org\/wp-content\/uploads\/2026\/09\/Perugia-400x600.jpg",400,600,true],"cvmm-medium-square":["https:\/\/www.umbrialeft.org\/wp-content\/uploads\/2026\/09\/Perugia-600x600.jpg",600,600,true],"cvmm-large":["https:\/\/www.umbrialeft.org\/wp-content\/uploads\/2026\/09\/Perugia-1024x1024.jpg",1024,1024,true],"cvmm-small":["https:\/\/www.umbrialeft.org\/wp-content\/uploads\/2026\/09\/Perugia-130x95.jpg",130,95,true],"full":["https:\/\/www.umbrialeft.org\/wp-content\/uploads\/2026\/09\/Perugia.jpg",1920,1080,false]},"_links":{"self":[{"href":"https:\/\/www.umbrialeft.org\/index.php\/wp-json\/wp\/v2\/posts\/11936","targetHints":{"allow":["GET"]}}],"collection":[{"href":"https:\/\/www.umbrialeft.org\/index.php\/wp-json\/wp\/v2\/posts"}],"about":[{"href":"https:\/\/www.umbrialeft.org\/index.php\/wp-json\/wp\/v2\/types\/post"}],"author":[{"embeddable":true,"href":"https:\/\/www.umbrialeft.org\/index.php\/wp-json\/wp\/v2\/users\/8"}],"replies":[{"embeddable":true,"href":"https:\/\/www.umbrialeft.org\/index.php\/wp-json\/wp\/v2\/comments?post=11936"}],"version-history":[{"count":1,"href":"https:\/\/www.umbrialeft.org\/index.php\/wp-json\/wp\/v2\/posts\/11936\/revisions"}],"predecessor-version":[{"id":11938,"href":"https:\/\/www.umbrialeft.org\/index.php\/wp-json\/wp\/v2\/posts\/11936\/revisions\/11938"}],"wp:featuredmedia":[{"embeddable":true,"href":"https:\/\/www.umbrialeft.org\/index.php\/wp-json\/wp\/v2\/media\/11937"}],"wp:attachment":[{"href":"https:\/\/www.umbrialeft.org\/index.php\/wp-json\/wp\/v2\/media?parent=11936"}],"wp:term":[{"taxonomy":"category","embeddable":true,"href":"https:\/\/www.umbrialeft.org\/index.php\/wp-json\/wp\/v2\/categories?post=11936"},{"taxonomy":"post_tag","embeddable":true,"href":"https:\/\/www.umbrialeft.org\/index.php\/wp-json\/wp\/v2\/tags?post=11936"}],"curies":[{"name":"wp","href":"https:\/\/api.w.org\/{rel}","templated":true}]}}